{"id":1017757,"date":"2019-02-21T15:18:19","date_gmt":"2019-02-21T15:18:19","guid":{"rendered":"https:\/\/www.eldigitaldeasturias.com\/noticias\/?p=1017757"},"modified":"2019-02-21T15:18:19","modified_gmt":"2019-02-21T15:18:19","slug":"las-fabricas-de-la-zona-euro-en-recesion-por-primera-vez-desde-2013","status":"publish","type":"post","link":"https:\/\/www.eldigitaldeasturias.com\/noticias\/las-fabricas-de-la-zona-euro-en-recesion-por-primera-vez-desde-2013\/","title":{"rendered":"Las f\u00e1bricas de la zona euro, en recesi\u00f3n por primera vez desde 2013"},"content":{"rendered":"<p><img loading=\"lazy\" decoding=\"async\" class=\"alignleft size-medium wp-image-983320\" src=\"https:\/\/www.eldigitaldeasturias.com\/noticias\/wp-content\/uploads\/2018\/06\/blue-1283011_960_720-360x252.jpg\" alt=\"\" width=\"360\" height=\"252\" srcset=\"https:\/\/www.eldigitaldeasturias.com\/noticias\/wp-content\/uploads\/2018\/06\/blue-1283011_960_720-360x252.jpg 360w, https:\/\/www.eldigitaldeasturias.com\/noticias\/wp-content\/uploads\/2018\/06\/blue-1283011_960_720-429x300.jpg 429w, https:\/\/www.eldigitaldeasturias.com\/noticias\/wp-content\/uploads\/2018\/06\/blue-1283011_960_720-768x537.jpg 768w, https:\/\/www.eldigitaldeasturias.com\/noticias\/wp-content\/uploads\/2018\/06\/blue-1283011_960_720-687x480.jpg 687w, https:\/\/www.eldigitaldeasturias.com\/noticias\/wp-content\/uploads\/2018\/06\/blue-1283011_960_720-20x14.jpg 20w, https:\/\/www.eldigitaldeasturias.com\/noticias\/wp-content\/uploads\/2018\/06\/blue-1283011_960_720.jpg 960w\" sizes=\"auto, (max-width: 360px) 100vw, 360px\" \/>MADRID, 21 Feb. 2019 (Europa Press) &#8211;\u00a0La actividad del sector manufacturero de la eurozona ha experimentado en febrero su primera contracci\u00f3n en casi seis a\u00f1os, seg\u00fan muestra el dato adelantado del \u00cdndice de Gerentes de Compras (PMI por sus siglas en ingl\u00e9s) que se ha situado en 49,2 puntos, frente a los 50,5 del mes anterior, su peor lectura en los \u00faltimos 68 meses, como consecuencia del empeoramiento del desempe\u00f1o fabril en Alemania, donde el dato se ha hundido a m\u00ednimos de seis a\u00f1os.<\/p>\n<p>\u00abLos datos de la encuesta sugieren que en el mejor de los casos el PIB (de la zona euro) podr\u00eda llegar a aumentar apenas un 0,1% en el primer trimestre\u00bb, apunt\u00f3 Chris Williamson, economista jefe de IHS Markit, a\u00f1adiendo que la debilidad est\u00e1 encabezada por el sector manufacturero, que ha registrado su primera contracci\u00f3n desde mediados de 2013, con un mayor deterioro del ritmo de ca\u00edda de los pedidos recibidos en el sector industrial, \u00abpor lo que la tasa de contracci\u00f3n del sector de producci\u00f3n de bienes probablemente empeorar\u00e1 en los pr\u00f3ximos meses\u00bb.<\/p>\n<p>En el caso de Alemania, la actividad del sector manufacturero, que ya hab\u00eda entrado en terreno recesivo en enero, ha agravado su ca\u00edda en febrero, cuando el dato preliminar del PMI se ha situado en 47,6 puntos desde los 49,7 del mes anterior, registrando as\u00ed su peor lectura en 74 meses como consecuencia del impacto de las tensiones comerciales entre EEUU y China, as\u00ed como de los problemas que atraviesa la industria automotriz europea, adem\u00e1s de las crecientes presiones competitivas dentro del Viejo Continente.<\/p>\n<p>No obstante, a pesar del empeoramiento del sector industrial, la mejor\u00eda observada en el sector servicios, que en el conjunto de la zona euro ha acelerado su actividad respecto del mes anterior, ha permitido mejorar la lectura del \u00edndice PMI compuesto a 51,4 puntos desde los 51 de enero, su nivel m\u00e1s alto de actividad del sector privado en los tres \u00faltimos meses.<\/p>\n<p>En concreto, el \u00edndice PMI del sector servicios de la zona euro se ha situado en febrero en 52,3 puntos, frente a los 51,2 del mes anterior, registrando as\u00ed su mejor resultado del \u00faltimo trimestre.<\/p>\n<p>\u00abUna s\u00f3lida demanda interna en muchos pa\u00edses, notablemente en Alemania, continu\u00f3 ayudando a respaldar el crecimiento econ\u00f3mico del sector servicios y ha contrarrestado la ca\u00edda del sector manufacturero\u00bb, apunt\u00f3 Williamson, quien atribuy\u00f3 la mayor debilidad de las carteras de pedidos a una combinaci\u00f3n de crecientes problemas e inquietudes, entre los que se incluyen la preocupaci\u00f3n por el proteccionismo del comercio internacional, el Brexit, la crisis del sector automotriz, el aumento de la incertidumbre pol\u00edtica y la ansiedad respecto del panorama econ\u00f3mico en general.<\/p>\n<p>En este sentido, la actividad del sector privado en Francia ha logrado frenar su ritmo de ca\u00edda en febrero, cuando su indicador compuesto se ha situado en 49,9 puntos desde los 48,2 de enero, registrando as\u00ed su nivel m\u00e1s elevado en cinco meses. En el caso del sector servicios, el PMI adelantado se ha situado en febrero en 49,8 puntos, frente a los 47,8 de enero, mientras que en el sector industrial el dato ha subido a 51,4 desde 51,2.<\/p>\n<p>Por su parte, el sector servicios alem\u00e1n ha experimentado en febrero una sensible mejor\u00eda, que ha permitido situar el \u00edndice PMI del sector en 55,1 puntos, frente a los 53 de enero, su mejor lectura en cinco meses, impulsando el indicador compuesto del sector privado a los 52,7 puntos desde los 52,1 de enero.<\/p>\n","protected":false},"excerpt":{"rendered":"<p>MADRID, 21 Feb. 2019 (Europa Press) &#8211;\u00a0La actividad del sector manufacturero de la eurozona ha experimentado en febrero su primera contracci\u00f3n en casi seis a\u00f1os, seg\u00fan muestra el dato adelantado del \u00cdndice de Gerentes de Compras (PMI por sus siglas en ingl\u00e9s) que se ha situado en 49,2 puntos, frente a los 50,5 del mes [&hellip;]<\/p>\n","protected":false},"author":1,"featured_media":983320,"comment_status":"closed","ping_status":"closed","sticky":false,"template":"","format":"standard","meta":{"footnotes":""},"categories":[187],"tags":[],"class_list":["post-1017757","post","type-post","status-publish","format-standard","has-post-thumbnail","hentry","category-economia"],"aioseo_notices":[],"aioseo_head":"\n\t\t<!-- All in One SEO Pro 4.9.6.2 - aioseo.com -->\n\t<meta name=\"description\" content=\"MADRID, 21 Feb. 2019 (Europa Press) - La actividad del sector manufacturero de la eurozona ha experimentado en febrero su primera contracci\u00f3n en casi seis a\u00f1os, seg\u00fan muestra el dato adelantado del \u00cdndice de Gerentes de Compras (PMI por sus siglas en ingl\u00e9s) que se ha situado en 49,2 puntos, frente a los 50,5 del mes\" \/>\n\t<meta name=\"robots\" content=\"max-image-preview:large\" \/>\n\t<meta name=\"author\" content=\"El Digital de Asturias\"\/>\n\t<meta name=\"google-site-verification\" content=\"UA-38556648-1\" \/>\n\t<meta name=\"msvalidate.01\" content=\"7dfe9f3f1b24437ab69f4f2559babe99\" \/>\n\t<meta name=\"keywords\" content=\"econom\u00eda\" \/>\n\t<link rel=\"canonical\" href=\"https:\/\/www.eldigitaldeasturias.com\/noticias\/las-fabricas-de-la-zona-euro-en-recesion-por-primera-vez-desde-2013\/\" \/>\n\t<meta name=\"generator\" content=\"All in One SEO Pro (AIOSEO) 4.9.6.2\" \/>\n\t\t<meta property=\"og:locale\" content=\"es_ES\" \/>\n\t\t<meta property=\"og:site_name\" content=\"El Digital de Asturias\" \/>\n\t\t<meta property=\"og:type\" content=\"article\" \/>\n\t\t<meta property=\"og:title\" content=\"Las f\u00e1bricas de la zona euro, en recesi\u00f3n por primera vez desde 2013 - El Digital de Asturias\" \/>\n\t\t<meta property=\"og:description\" content=\"MADRID, 21 Feb. 2019 (Europa Press) - La actividad del sector manufacturero de la eurozona ha experimentado en febrero su primera contracci\u00f3n en casi seis a\u00f1os, seg\u00fan muestra el dato adelantado del \u00cdndice de Gerentes de Compras (PMI por sus siglas en ingl\u00e9s) que se ha situado en 49,2 puntos, frente a los 50,5 del mes\" \/>\n\t\t<meta property=\"og:url\" content=\"https:\/\/www.eldigitaldeasturias.com\/noticias\/las-fabricas-de-la-zona-euro-en-recesion-por-primera-vez-desde-2013\/\" \/>\n\t\t<meta property=\"og:image\" content=\"https:\/\/www.eldigitaldeasturias.com\/noticias\/wp-content\/uploads\/2018\/06\/blue-1283011_960_720.jpg\" \/>\n\t\t<meta property=\"og:image:secure_url\" content=\"https:\/\/www.eldigitaldeasturias.com\/noticias\/wp-content\/uploads\/2018\/06\/blue-1283011_960_720.jpg\" \/>\n\t\t<meta property=\"og:image:width\" content=\"960\" \/>\n\t\t<meta property=\"og:image:height\" content=\"671\" \/>\n\t\t<meta property=\"article:tag\" content=\"econom\u00eda\" \/>\n\t\t<meta property=\"article:published_time\" content=\"2019-02-21T15:18:19+00:00\" \/>\n\t\t<meta property=\"article:modified_time\" content=\"2019-02-21T15:18:19+00:00\" \/>\n\t\t<meta property=\"article:publisher\" content=\"https:\/\/facebook.com\/eldigitaldeasturias\" \/>\n\t\t<meta name=\"twitter:card\" content=\"summary_large_image\" \/>\n\t\t<meta name=\"twitter:title\" content=\"Las f\u00e1bricas de la zona euro, en recesi\u00f3n por primera vez desde 2013 - El Digital de Asturias\" \/>\n\t\t<meta name=\"twitter:description\" content=\"MADRID, 21 Feb. 2019 (Europa Press) - La actividad del sector manufacturero de la eurozona ha experimentado en febrero su primera contracci\u00f3n en casi seis a\u00f1os, seg\u00fan muestra el dato adelantado del \u00cdndice de Gerentes de Compras (PMI por sus siglas en ingl\u00e9s) que se ha situado en 49,2 puntos, frente a los 50,5 del mes\" \/>\n\t\t<meta name=\"twitter:image\" content=\"https:\/\/www.eldigitaldeasturias.com\/noticias\/wp-content\/uploads\/2018\/06\/blue-1283011_960_720.jpg\" \/>\n\t\t<meta name=\"twitter:label1\" content=\"Escrito por\" \/>\n\t\t<meta name=\"twitter:data1\" content=\"El Digital de Asturias\" \/>\n\t\t<meta name=\"twitter:label2\" content=\"Tiempo de lectura estimado\" \/>\n\t\t<meta name=\"twitter:data2\" content=\"3 minutos\" \/>\n\t\t<script type=\"application\/ld+json\" class=\"aioseo-schema\">\n\t\t\t{\"@context\":\"https:\\\/\\\/schema.org\",\"@graph\":[{\"@type\":\"BlogPosting\",\"@id\":\"https:\\\/\\\/www.eldigitaldeasturias.com\\\/noticias\\\/las-fabricas-de-la-zona-euro-en-recesion-por-primera-vez-desde-2013\\\/#blogposting\",\"name\":\"Las f\\u00e1bricas de la zona euro, en recesi\\u00f3n por primera vez desde 2013 - El Digital de Asturias\",\"headline\":\"Las f\\u00e1bricas de la zona euro, en recesi\\u00f3n por primera vez desde 2013\",\"author\":{\"@id\":\"https:\\\/\\\/www.eldigitaldeasturias.com\\\/noticias\\\/author\\\/admin\\\/#author\"},\"publisher\":{\"@id\":\"https:\\\/\\\/www.eldigitaldeasturias.com\\\/noticias\\\/#organization\"},\"image\":{\"@type\":\"ImageObject\",\"url\":\"https:\\\/\\\/www.eldigitaldeasturias.com\\\/noticias\\\/wp-content\\\/uploads\\\/2018\\\/06\\\/blue-1283011_960_720.jpg\",\"width\":960,\"height\":671},\"datePublished\":\"2019-02-21T15:18:19+01:00\",\"dateModified\":\"2019-02-21T15:18:19+01:00\",\"inLanguage\":\"es-ES\",\"mainEntityOfPage\":{\"@id\":\"https:\\\/\\\/www.eldigitaldeasturias.com\\\/noticias\\\/las-fabricas-de-la-zona-euro-en-recesion-por-primera-vez-desde-2013\\\/#webpage\"},\"isPartOf\":{\"@id\":\"https:\\\/\\\/www.eldigitaldeasturias.com\\\/noticias\\\/las-fabricas-de-la-zona-euro-en-recesion-por-primera-vez-desde-2013\\\/#webpage\"},\"articleSection\":\"Econom\\u00eda\"},{\"@type\":\"BreadcrumbList\",\"@id\":\"https:\\\/\\\/www.eldigitaldeasturias.com\\\/noticias\\\/las-fabricas-de-la-zona-euro-en-recesion-por-primera-vez-desde-2013\\\/#breadcrumblist\",\"itemListElement\":[{\"@type\":\"ListItem\",\"@id\":\"https:\\\/\\\/www.eldigitaldeasturias.com\\\/noticias#listItem\",\"position\":1,\"name\":\"Home\",\"item\":\"https:\\\/\\\/www.eldigitaldeasturias.com\\\/noticias\",\"nextItem\":{\"@type\":\"ListItem\",\"@id\":\"https:\\\/\\\/www.eldigitaldeasturias.com\\\/noticias\\\/category\\\/economia\\\/#listItem\",\"name\":\"Econom\\u00eda\"}},{\"@type\":\"ListItem\",\"@id\":\"https:\\\/\\\/www.eldigitaldeasturias.com\\\/noticias\\\/category\\\/economia\\\/#listItem\",\"position\":2,\"name\":\"Econom\\u00eda\",\"item\":\"https:\\\/\\\/www.eldigitaldeasturias.com\\\/noticias\\\/category\\\/economia\\\/\",\"nextItem\":{\"@type\":\"ListItem\",\"@id\":\"https:\\\/\\\/www.eldigitaldeasturias.com\\\/noticias\\\/las-fabricas-de-la-zona-euro-en-recesion-por-primera-vez-desde-2013\\\/#listItem\",\"name\":\"Las f\\u00e1bricas de la zona euro, en recesi\\u00f3n por primera vez desde 2013\"},\"previousItem\":{\"@type\":\"ListItem\",\"@id\":\"https:\\\/\\\/www.eldigitaldeasturias.com\\\/noticias#listItem\",\"name\":\"Home\"}},{\"@type\":\"ListItem\",\"@id\":\"https:\\\/\\\/www.eldigitaldeasturias.com\\\/noticias\\\/las-fabricas-de-la-zona-euro-en-recesion-por-primera-vez-desde-2013\\\/#listItem\",\"position\":3,\"name\":\"Las f\\u00e1bricas de la zona euro, en recesi\\u00f3n por primera vez desde 2013\",\"previousItem\":{\"@type\":\"ListItem\",\"@id\":\"https:\\\/\\\/www.eldigitaldeasturias.com\\\/noticias\\\/category\\\/economia\\\/#listItem\",\"name\":\"Econom\\u00eda\"}}]},{\"@type\":\"Organization\",\"@id\":\"https:\\\/\\\/www.eldigitaldeasturias.com\\\/noticias\\\/#organization\",\"name\":\"El Digital de Asturias\",\"description\":\"Hemeroteca\",\"url\":\"https:\\\/\\\/www.eldigitaldeasturias.com\\\/noticias\\\/\",\"email\":\"info@eldigitaldeasturias.com\",\"telephone\":\"+34652131393\",\"logo\":{\"@type\":\"ImageObject\",\"url\":\"https:\\\/\\\/www.eldigitaldeasturias.com\\\/noticias\\\/wp-content\\\/uploads\\\/2020\\\/12\\\/EDA.jpg\",\"@id\":\"https:\\\/\\\/www.eldigitaldeasturias.com\\\/noticias\\\/las-fabricas-de-la-zona-euro-en-recesion-por-primera-vez-desde-2013\\\/#organizationLogo\",\"width\":649,\"height\":297},\"image\":{\"@id\":\"https:\\\/\\\/www.eldigitaldeasturias.com\\\/noticias\\\/las-fabricas-de-la-zona-euro-en-recesion-por-primera-vez-desde-2013\\\/#organizationLogo\"},\"sameAs\":[\"https:\\\/\\\/facebook.com\\\/eldigitaldeasturias\",\"https:\\\/\\\/www.youtube.com\\\/channel\\\/UCZP-2wLEB9Rv6erhFmqVnvg\"],\"address\":{\"@id\":\"https:\\\/\\\/www.eldigitaldeasturias.com\\\/noticias\\\/#postaladdress\",\"@type\":\"PostalAddress\",\"streetAddress\":\"san antonio 4,\",\"postalCode\":\"33430\",\"addressLocality\":\"Cand\\u00e1s\",\"addressRegion\":\"Asturias\",\"addressCountry\":\"ES\"}},{\"@type\":\"Person\",\"@id\":\"https:\\\/\\\/www.eldigitaldeasturias.com\\\/noticias\\\/author\\\/admin\\\/#author\",\"url\":\"https:\\\/\\\/www.eldigitaldeasturias.com\\\/noticias\\\/author\\\/admin\\\/\",\"name\":\"El Digital de Asturias\",\"image\":{\"@type\":\"ImageObject\",\"@id\":\"https:\\\/\\\/www.eldigitaldeasturias.com\\\/noticias\\\/las-fabricas-de-la-zona-euro-en-recesion-por-primera-vez-desde-2013\\\/#authorImage\",\"url\":\"https:\\\/\\\/www.eldigitaldeasturias.com\\\/noticias\\\/wp-content\\\/litespeed\\\/avatar\\\/18677e78aa0546b92d9dbf31ec7d7668.jpg?ver=1777290358\",\"width\":96,\"height\":96,\"caption\":\"El Digital de Asturias\"}},{\"@type\":\"WebPage\",\"@id\":\"https:\\\/\\\/www.eldigitaldeasturias.com\\\/noticias\\\/las-fabricas-de-la-zona-euro-en-recesion-por-primera-vez-desde-2013\\\/#webpage\",\"url\":\"https:\\\/\\\/www.eldigitaldeasturias.com\\\/noticias\\\/las-fabricas-de-la-zona-euro-en-recesion-por-primera-vez-desde-2013\\\/\",\"name\":\"Las f\\u00e1bricas de la zona euro, en recesi\\u00f3n por primera vez desde 2013 - El Digital de Asturias\",\"description\":\"MADRID, 21 Feb. 2019 (Europa Press) - La actividad del sector manufacturero de la eurozona ha experimentado en febrero su primera contracci\\u00f3n en casi seis a\\u00f1os, seg\\u00fan muestra el dato adelantado del \\u00cdndice de Gerentes de Compras (PMI por sus siglas en ingl\\u00e9s) que se ha situado en 49,2 puntos, frente a los 50,5 del mes\",\"inLanguage\":\"es-ES\",\"isPartOf\":{\"@id\":\"https:\\\/\\\/www.eldigitaldeasturias.com\\\/noticias\\\/#website\"},\"breadcrumb\":{\"@id\":\"https:\\\/\\\/www.eldigitaldeasturias.com\\\/noticias\\\/las-fabricas-de-la-zona-euro-en-recesion-por-primera-vez-desde-2013\\\/#breadcrumblist\"},\"author\":{\"@id\":\"https:\\\/\\\/www.eldigitaldeasturias.com\\\/noticias\\\/author\\\/admin\\\/#author\"},\"creator\":{\"@id\":\"https:\\\/\\\/www.eldigitaldeasturias.com\\\/noticias\\\/author\\\/admin\\\/#author\"},\"image\":{\"@type\":\"ImageObject\",\"url\":\"https:\\\/\\\/www.eldigitaldeasturias.com\\\/noticias\\\/wp-content\\\/uploads\\\/2018\\\/06\\\/blue-1283011_960_720.jpg\",\"@id\":\"https:\\\/\\\/www.eldigitaldeasturias.com\\\/noticias\\\/las-fabricas-de-la-zona-euro-en-recesion-por-primera-vez-desde-2013\\\/#mainImage\",\"width\":960,\"height\":671},\"primaryImageOfPage\":{\"@id\":\"https:\\\/\\\/www.eldigitaldeasturias.com\\\/noticias\\\/las-fabricas-de-la-zona-euro-en-recesion-por-primera-vez-desde-2013\\\/#mainImage\"},\"datePublished\":\"2019-02-21T15:18:19+01:00\",\"dateModified\":\"2019-02-21T15:18:19+01:00\"},{\"@type\":\"WebSite\",\"@id\":\"https:\\\/\\\/www.eldigitaldeasturias.com\\\/noticias\\\/#website\",\"url\":\"https:\\\/\\\/www.eldigitaldeasturias.com\\\/noticias\\\/\",\"name\":\"El Digital de Asturias - Diario de actualidad y noticias\",\"alternateName\":\"El Digital de Asturias - Diario de actualidad y noticias\",\"description\":\"Hemeroteca\",\"inLanguage\":\"es-ES\",\"publisher\":{\"@id\":\"https:\\\/\\\/www.eldigitaldeasturias.com\\\/noticias\\\/#organization\"}}]}\n\t\t<\/script>\n\t\t<!-- All in One SEO Pro -->\r\n\t\t<title>Las f\u00e1bricas de la zona euro, en recesi\u00f3n por primera vez desde 2013 - El Digital de Asturias<\/title>\n\n","aioseo_head_json":{"title":"Las f\u00e1bricas de la zona euro, en recesi\u00f3n por primera vez desde 2013 - El Digital de Asturias","description":"MADRID, 21 Feb. 2019 (Europa Press) - La actividad del sector manufacturero de la eurozona ha experimentado en febrero su primera contracci\u00f3n en casi seis a\u00f1os, seg\u00fan muestra el dato adelantado del \u00cdndice de Gerentes de Compras (PMI por sus siglas en ingl\u00e9s) que se ha situado en 49,2 puntos, frente a los 50,5 del mes","canonical_url":"https:\/\/www.eldigitaldeasturias.com\/noticias\/las-fabricas-de-la-zona-euro-en-recesion-por-primera-vez-desde-2013\/","robots":"max-image-preview:large","keywords":"econom\u00eda","webmasterTools":{"google-site-verification":"UA-38556648-1","msvalidate.01":"7dfe9f3f1b24437ab69f4f2559babe99","miscellaneous":""},"schema":{"@context":"https:\/\/schema.org","@graph":[{"@type":"BlogPosting","@id":"https:\/\/www.eldigitaldeasturias.com\/noticias\/las-fabricas-de-la-zona-euro-en-recesion-por-primera-vez-desde-2013\/#blogposting","name":"Las f\u00e1bricas de la zona euro, en recesi\u00f3n por primera vez desde 2013 - El Digital de Asturias","headline":"Las f\u00e1bricas de la zona euro, en recesi\u00f3n por primera vez desde 2013","author":{"@id":"https:\/\/www.eldigitaldeasturias.com\/noticias\/author\/admin\/#author"},"publisher":{"@id":"https:\/\/www.eldigitaldeasturias.com\/noticias\/#organization"},"image":{"@type":"ImageObject","url":"https:\/\/www.eldigitaldeasturias.com\/noticias\/wp-content\/uploads\/2018\/06\/blue-1283011_960_720.jpg","width":960,"height":671},"datePublished":"2019-02-21T15:18:19+01:00","dateModified":"2019-02-21T15:18:19+01:00","inLanguage":"es-ES","mainEntityOfPage":{"@id":"https:\/\/www.eldigitaldeasturias.com\/noticias\/las-fabricas-de-la-zona-euro-en-recesion-por-primera-vez-desde-2013\/#webpage"},"isPartOf":{"@id":"https:\/\/www.eldigitaldeasturias.com\/noticias\/las-fabricas-de-la-zona-euro-en-recesion-por-primera-vez-desde-2013\/#webpage"},"articleSection":"Econom\u00eda"},{"@type":"BreadcrumbList","@id":"https:\/\/www.eldigitaldeasturias.com\/noticias\/las-fabricas-de-la-zona-euro-en-recesion-por-primera-vez-desde-2013\/#breadcrumblist","itemListElement":[{"@type":"ListItem","@id":"https:\/\/www.eldigitaldeasturias.com\/noticias#listItem","position":1,"name":"Home","item":"https:\/\/www.eldigitaldeasturias.com\/noticias","nextItem":{"@type":"ListItem","@id":"https:\/\/www.eldigitaldeasturias.com\/noticias\/category\/economia\/#listItem","name":"Econom\u00eda"}},{"@type":"ListItem","@id":"https:\/\/www.eldigitaldeasturias.com\/noticias\/category\/economia\/#listItem","position":2,"name":"Econom\u00eda","item":"https:\/\/www.eldigitaldeasturias.com\/noticias\/category\/economia\/","nextItem":{"@type":"ListItem","@id":"https:\/\/www.eldigitaldeasturias.com\/noticias\/las-fabricas-de-la-zona-euro-en-recesion-por-primera-vez-desde-2013\/#listItem","name":"Las f\u00e1bricas de la zona euro, en recesi\u00f3n por primera vez desde 2013"},"previousItem":{"@type":"ListItem","@id":"https:\/\/www.eldigitaldeasturias.com\/noticias#listItem","name":"Home"}},{"@type":"ListItem","@id":"https:\/\/www.eldigitaldeasturias.com\/noticias\/las-fabricas-de-la-zona-euro-en-recesion-por-primera-vez-desde-2013\/#listItem","position":3,"name":"Las f\u00e1bricas de la zona euro, en recesi\u00f3n por primera vez desde 2013","previousItem":{"@type":"ListItem","@id":"https:\/\/www.eldigitaldeasturias.com\/noticias\/category\/economia\/#listItem","name":"Econom\u00eda"}}]},{"@type":"Organization","@id":"https:\/\/www.eldigitaldeasturias.com\/noticias\/#organization","name":"El Digital de Asturias","description":"Hemeroteca","url":"https:\/\/www.eldigitaldeasturias.com\/noticias\/","email":"info@eldigitaldeasturias.com","telephone":"+34652131393","logo":{"@type":"ImageObject","url":"https:\/\/www.eldigitaldeasturias.com\/noticias\/wp-content\/uploads\/2020\/12\/EDA.jpg","@id":"https:\/\/www.eldigitaldeasturias.com\/noticias\/las-fabricas-de-la-zona-euro-en-recesion-por-primera-vez-desde-2013\/#organizationLogo","width":649,"height":297},"image":{"@id":"https:\/\/www.eldigitaldeasturias.com\/noticias\/las-fabricas-de-la-zona-euro-en-recesion-por-primera-vez-desde-2013\/#organizationLogo"},"sameAs":["https:\/\/facebook.com\/eldigitaldeasturias","https:\/\/www.youtube.com\/channel\/UCZP-2wLEB9Rv6erhFmqVnvg"],"address":{"@id":"https:\/\/www.eldigitaldeasturias.com\/noticias\/#postaladdress","@type":"PostalAddress","streetAddress":"san antonio 4,","postalCode":"33430","addressLocality":"Cand\u00e1s","addressRegion":"Asturias","addressCountry":"ES"}},{"@type":"Person","@id":"https:\/\/www.eldigitaldeasturias.com\/noticias\/author\/admin\/#author","url":"https:\/\/www.eldigitaldeasturias.com\/noticias\/author\/admin\/","name":"El Digital de Asturias","image":{"@type":"ImageObject","@id":"https:\/\/www.eldigitaldeasturias.com\/noticias\/las-fabricas-de-la-zona-euro-en-recesion-por-primera-vez-desde-2013\/#authorImage","url":"https:\/\/www.eldigitaldeasturias.com\/noticias\/wp-content\/litespeed\/avatar\/18677e78aa0546b92d9dbf31ec7d7668.jpg?ver=1777290358","width":96,"height":96,"caption":"El Digital de Asturias"}},{"@type":"WebPage","@id":"https:\/\/www.eldigitaldeasturias.com\/noticias\/las-fabricas-de-la-zona-euro-en-recesion-por-primera-vez-desde-2013\/#webpage","url":"https:\/\/www.eldigitaldeasturias.com\/noticias\/las-fabricas-de-la-zona-euro-en-recesion-por-primera-vez-desde-2013\/","name":"Las f\u00e1bricas de la zona euro, en recesi\u00f3n por primera vez desde 2013 - El Digital de Asturias","description":"MADRID, 21 Feb. 2019 (Europa Press) - La actividad del sector manufacturero de la eurozona ha experimentado en febrero su primera contracci\u00f3n en casi seis a\u00f1os, seg\u00fan muestra el dato adelantado del \u00cdndice de Gerentes de Compras (PMI por sus siglas en ingl\u00e9s) que se ha situado en 49,2 puntos, frente a los 50,5 del mes","inLanguage":"es-ES","isPartOf":{"@id":"https:\/\/www.eldigitaldeasturias.com\/noticias\/#website"},"breadcrumb":{"@id":"https:\/\/www.eldigitaldeasturias.com\/noticias\/las-fabricas-de-la-zona-euro-en-recesion-por-primera-vez-desde-2013\/#breadcrumblist"},"author":{"@id":"https:\/\/www.eldigitaldeasturias.com\/noticias\/author\/admin\/#author"},"creator":{"@id":"https:\/\/www.eldigitaldeasturias.com\/noticias\/author\/admin\/#author"},"image":{"@type":"ImageObject","url":"https:\/\/www.eldigitaldeasturias.com\/noticias\/wp-content\/uploads\/2018\/06\/blue-1283011_960_720.jpg","@id":"https:\/\/www.eldigitaldeasturias.com\/noticias\/las-fabricas-de-la-zona-euro-en-recesion-por-primera-vez-desde-2013\/#mainImage","width":960,"height":671},"primaryImageOfPage":{"@id":"https:\/\/www.eldigitaldeasturias.com\/noticias\/las-fabricas-de-la-zona-euro-en-recesion-por-primera-vez-desde-2013\/#mainImage"},"datePublished":"2019-02-21T15:18:19+01:00","dateModified":"2019-02-21T15:18:19+01:00"},{"@type":"WebSite","@id":"https:\/\/www.eldigitaldeasturias.com\/noticias\/#website","url":"https:\/\/www.eldigitaldeasturias.com\/noticias\/","name":"El Digital de Asturias - Diario de actualidad y noticias","alternateName":"El Digital de Asturias - Diario de actualidad y noticias","description":"Hemeroteca","inLanguage":"es-ES","publisher":{"@id":"https:\/\/www.eldigitaldeasturias.com\/noticias\/#organization"}}]},"og:locale":"es_ES","og:site_name":"El Digital de Asturias","og:type":"article","og:title":"Las f\u00e1bricas de la zona euro, en recesi\u00f3n por primera vez desde 2013 - El Digital de Asturias","og:description":"MADRID, 21 Feb. 2019 (Europa Press) - La actividad del sector manufacturero de la eurozona ha experimentado en febrero su primera contracci\u00f3n en casi seis a\u00f1os, seg\u00fan muestra el dato adelantado del \u00cdndice de Gerentes de Compras (PMI por sus siglas en ingl\u00e9s) que se ha situado en 49,2 puntos, frente a los 50,5 del mes","og:url":"https:\/\/www.eldigitaldeasturias.com\/noticias\/las-fabricas-de-la-zona-euro-en-recesion-por-primera-vez-desde-2013\/","og:image":"https:\/\/www.eldigitaldeasturias.com\/noticias\/wp-content\/uploads\/2018\/06\/blue-1283011_960_720.jpg","og:image:secure_url":"https:\/\/www.eldigitaldeasturias.com\/noticias\/wp-content\/uploads\/2018\/06\/blue-1283011_960_720.jpg","og:image:width":960,"og:image:height":671,"article:tag":["econom\u00eda"],"article:published_time":"2019-02-21T15:18:19+00:00","article:modified_time":"2019-02-21T15:18:19+00:00","article:publisher":"https:\/\/facebook.com\/eldigitaldeasturias","twitter:card":"summary_large_image","twitter:title":"Las f\u00e1bricas de la zona euro, en recesi\u00f3n por primera vez desde 2013 - El Digital de Asturias","twitter:description":"MADRID, 21 Feb. 2019 (Europa Press) - La actividad del sector manufacturero de la eurozona ha experimentado en febrero su primera contracci\u00f3n en casi seis a\u00f1os, seg\u00fan muestra el dato adelantado del \u00cdndice de Gerentes de Compras (PMI por sus siglas en ingl\u00e9s) que se ha situado en 49,2 puntos, frente a los 50,5 del mes","twitter:image":"https:\/\/www.eldigitaldeasturias.com\/noticias\/wp-content\/uploads\/2018\/06\/blue-1283011_960_720.jpg","twitter:label1":"Escrito por","twitter:data1":"El Digital de Asturias","twitter:label2":"Tiempo de lectura estimado","twitter:data2":"3 minutos"},"aioseo_meta_data":{"post_id":"1017757","title":null,"description":null,"keywords":null,"keyphrases":null,"primary_term":null,"canonical_url":null,"og_title":null,"og_description":null,"og_object_type":"default","og_image_type":"default","og_image_url":null,"og_image_width":null,"og_image_height":null,"og_image_custom_url":null,"og_image_custom_fields":null,"og_video":null,"og_custom_url":null,"og_article_section":null,"og_article_tags":null,"twitter_use_og":false,"twitter_card":"default","twitter_image_type":"default","twitter_image_url":null,"twitter_image_custom_url":null,"twitter_image_custom_fields":null,"twitter_title":null,"twitter_description":null,"schema":{"blockGraphs":[],"customGraphs":[],"default":{"data":{"Article":[],"Course":[],"Dataset":[],"FAQPage":[],"Movie":[],"Person":[],"Product":[],"ProductReview":[],"Car":[],"Recipe":[],"Service":[],"SoftwareApplication":[],"WebPage":[]},"graphName":"","isEnabled":true},"graphs":[],"defaultGraph":"","defaultPostTypeGraph":""},"schema_type":null,"schema_type_options":null,"pillar_content":false,"robots_default":true,"robots_noindex":false,"robots_noarchive":false,"robots_nosnippet":false,"robots_nofollow":false,"robots_noimageindex":false,"robots_noodp":false,"robots_notranslate":false,"robots_max_snippet":null,"robots_max_videopreview":null,"robots_max_imagepreview":"large","priority":null,"frequency":null,"local_seo":null,"seo_analyzer_scan_date":"2025-10-16 09:55:11","breadcrumb_settings":null,"limit_modified_date":false,"open_ai":null,"ai":null,"created":"2020-12-21 11:18:37","updated":"2025-10-16 09:55:11"},"aioseo_breadcrumb":"<div class=\"aioseo-breadcrumbs\"><span class=\"aioseo-breadcrumb\">\n\t<a href=\"https:\/\/www.eldigitaldeasturias.com\/noticias\" title=\"Home\">Home<\/a>\n<\/span><span class=\"aioseo-breadcrumb-separator\">\u2013<\/span><span class=\"aioseo-breadcrumb\">\n\t<a href=\"https:\/\/www.eldigitaldeasturias.com\/noticias\/category\/economia\/\" title=\"Econom\u00eda\">Econom\u00eda<\/a>\n<\/span><span class=\"aioseo-breadcrumb-separator\">\u2013<\/span><span class=\"aioseo-breadcrumb\">\n\t<a href=\"https:\/\/www.eldigitaldeasturias.com\/noticias\/las-fabricas-de-la-zona-euro-en-recesion-por-primera-vez-desde-2013\/\" title=\"Las f\u00e1bricas de la zona euro, en recesi\u00f3n por primera vez desde 2013\">Las f\u00e1bricas de la zona euro, en recesi\u00f3n por primera vez desde 2013<\/a>\n<\/span><\/div>","aioseo_breadcrumb_json":[{"label":"Home","link":"https:\/\/www.eldigitaldeasturias.com\/noticias"},{"label":"Econom\u00eda","link":"https:\/\/www.eldigitaldeasturias.com\/noticias\/category\/economia\/"},{"label":"Las f\u00e1bricas de la zona euro, en recesi\u00f3n por primera vez desde 2013","link":"https:\/\/www.eldigitaldeasturias.com\/noticias\/las-fabricas-de-la-zona-euro-en-recesion-por-primera-vez-desde-2013\/"}],"_links":{"self":[{"href":"https:\/\/www.eldigitaldeasturias.com\/noticias\/wp-json\/wp\/v2\/posts\/1017757","targetHints":{"allow":["GET"]}}],"collection":[{"href":"https:\/\/www.eldigitaldeasturias.com\/noticias\/wp-json\/wp\/v2\/posts"}],"about":[{"href":"https:\/\/www.eldigitaldeasturias.com\/noticias\/wp-json\/wp\/v2\/types\/post"}],"author":[{"embeddable":true,"href":"https:\/\/www.eldigitaldeasturias.com\/noticias\/wp-json\/wp\/v2\/users\/1"}],"replies":[{"embeddable":true,"href":"https:\/\/www.eldigitaldeasturias.com\/noticias\/wp-json\/wp\/v2\/comments?post=1017757"}],"version-history":[{"count":0,"href":"https:\/\/www.eldigitaldeasturias.com\/noticias\/wp-json\/wp\/v2\/posts\/1017757\/revisions"}],"wp:featuredmedia":[{"embeddable":true,"href":"https:\/\/www.eldigitaldeasturias.com\/noticias\/wp-json\/wp\/v2\/media\/983320"}],"wp:attachment":[{"href":"https:\/\/www.eldigitaldeasturias.com\/noticias\/wp-json\/wp\/v2\/media?parent=1017757"}],"wp:term":[{"taxonomy":"category","embeddable":true,"href":"https:\/\/www.eldigitaldeasturias.com\/noticias\/wp-json\/wp\/v2\/categories?post=1017757"},{"taxonomy":"post_tag","embeddable":true,"href":"https:\/\/www.eldigitaldeasturias.com\/noticias\/wp-json\/wp\/v2\/tags?post=1017757"}],"curies":[{"name":"wp","href":"https:\/\/api.w.org\/{rel}","templated":true}]}}