{"id":1017687,"date":"2019-02-21T04:20:47","date_gmt":"2019-02-21T04:20:47","guid":{"rendered":"https:\/\/www.eldigitaldeasturias.com\/noticias\/?p=1017687"},"modified":"2019-02-21T04:20:47","modified_gmt":"2019-02-21T04:20:47","slug":"el-mercado-de-telefonia-movil-sigue-en-alza-en-alemania","status":"publish","type":"post","link":"https:\/\/www.eldigitaldeasturias.com\/noticias\/el-mercado-de-telefonia-movil-sigue-en-alza-en-alemania\/","title":{"rendered":"El mercado de telefon\u00eda m\u00f3vil sigue en alza en Alemania"},"content":{"rendered":"<p><img loading=\"lazy\" decoding=\"async\" class=\"alignleft size-medium wp-image-978359\" src=\"https:\/\/www.eldigitaldeasturias.com\/noticias\/wp-content\/uploads\/2018\/04\/internet-3113279_960_720-1-360x240.jpg\" alt=\"\" width=\"360\" height=\"240\" srcset=\"https:\/\/www.eldigitaldeasturias.com\/noticias\/wp-content\/uploads\/2018\/04\/internet-3113279_960_720-1-360x240.jpg 360w, https:\/\/www.eldigitaldeasturias.com\/noticias\/wp-content\/uploads\/2018\/04\/internet-3113279_960_720-1-768x512.jpg 768w, https:\/\/www.eldigitaldeasturias.com\/noticias\/wp-content\/uploads\/2018\/04\/internet-3113279_960_720-1-650x433.jpg 650w, https:\/\/www.eldigitaldeasturias.com\/noticias\/wp-content\/uploads\/2018\/04\/internet-3113279_960_720-1.jpg 960w\" sizes=\"auto, (max-width: 360px) 100vw, 360px\" \/>Berl\u00edn, 20 feb (dpa) &#8211; El mercado de tel\u00e9fonos m\u00f3viles, apps y servicios de telecomunicaci\u00f3n crecer\u00e1 este a\u00f1o en Alemania un tres por ciento a 34.000 millones de euros (38.400 millones de d\u00f3lares), a contramano de la tendencia negativa mundial, seg\u00fan los pron\u00f3sticos de la asociaci\u00f3n de empresas digitales alemanas Bitkom difundidos hoy.<\/p>\n<p>El mayor porcentaje corresponder\u00e1 a servicios de datos y voz, con 20.300 millones de euros, inform\u00f3 Bitkom.<\/p>\n<p>En tanto, se estima que este a\u00f1o se gastar\u00e1n unos 10.400 millones de euros en tel\u00e9fonos m\u00f3viles, lo que representar\u00eda un incremento del 2,4 por ciento respecto al a\u00f1o anterior.<\/p>\n<p>El mercado de apps (aplicaciones) para tel\u00e9fonos m\u00f3viles crecer\u00eda en tanto un 5 por ciento a 1.600 millones de euros.<\/p>\n<p>A diferencia de la tendencia mundial, el mercado alem\u00e1n sigue en expansi\u00f3n, se\u00f1al\u00f3 el integrante del comit\u00e9 directivo de Bitkom y director ejecutivo de Vodafone Alemania, Hannes Ametsreiter.<\/p>\n<p>La venta de smartphones est\u00e1 en retroceso a nivel mundial, pero en Alemania la demanda se mantiene estable, indic\u00f3.<\/p>\n<p>De acuerdo con los datos, el 81 por ciento de las personas mayores de 14 a\u00f1os utiliza un t\u00e9lefono m\u00f3vil en Alemania y uno de cada de dos compra el modelo m\u00e1s nuevo. Adem\u00e1s, el 61 por ciento de los usuarios posee un aparato de a lo sumo un a\u00f1o de antig\u00fcedad, seg\u00fan arroj\u00f3 una encuesta realizada por Bitkom.<\/p>\n","protected":false},"excerpt":{"rendered":"<p>Berl\u00edn, 20 feb (dpa) &#8211; El mercado de tel\u00e9fonos m\u00f3viles, apps y servicios de telecomunicaci\u00f3n crecer\u00e1 este a\u00f1o en Alemania un tres por ciento a 34.000 millones de euros (38.400 millones de d\u00f3lares), a contramano de la tendencia negativa mundial, seg\u00fan los pron\u00f3sticos de la asociaci\u00f3n de empresas digitales alemanas Bitkom difundidos hoy. El mayor [&hellip;]<\/p>\n","protected":false},"author":1,"featured_media":978359,"comment_status":"closed","ping_status":"closed","sticky":false,"template":"","format":"standard","meta":{"footnotes":""},"categories":[187],"tags":[],"class_list":["post-1017687","post","type-post","status-publish","format-standard","has-post-thumbnail","hentry","category-economia"],"aioseo_notices":[],"aioseo_head":"\n\t\t<!-- All in One SEO Pro 4.9.6.2 - aioseo.com -->\n\t<meta name=\"description\" content=\"Berl\u00edn, 20 feb (dpa) - El mercado de tel\u00e9fonos m\u00f3viles, apps y servicios de telecomunicaci\u00f3n crecer\u00e1 este a\u00f1o en Alemania un tres por ciento a 34.000 millones de euros (38.400 millones de d\u00f3lares), a contramano de la tendencia negativa mundial, seg\u00fan los pron\u00f3sticos de la asociaci\u00f3n de empresas digitales alemanas Bitkom difundidos hoy. El mayor\" \/>\n\t<meta name=\"robots\" content=\"max-image-preview:large\" \/>\n\t<meta name=\"author\" content=\"El Digital de Asturias\"\/>\n\t<meta name=\"google-site-verification\" content=\"UA-38556648-1\" \/>\n\t<meta name=\"msvalidate.01\" content=\"7dfe9f3f1b24437ab69f4f2559babe99\" \/>\n\t<meta name=\"keywords\" content=\"econom\u00eda\" \/>\n\t<link rel=\"canonical\" href=\"https:\/\/www.eldigitaldeasturias.com\/noticias\/el-mercado-de-telefonia-movil-sigue-en-alza-en-alemania\/\" \/>\n\t<meta name=\"generator\" content=\"All in One SEO Pro (AIOSEO) 4.9.6.2\" \/>\n\t\t<meta property=\"og:locale\" content=\"es_ES\" \/>\n\t\t<meta property=\"og:site_name\" content=\"El Digital de Asturias\" \/>\n\t\t<meta property=\"og:type\" content=\"article\" \/>\n\t\t<meta property=\"og:title\" content=\"El mercado de telefon\u00eda m\u00f3vil sigue en alza en Alemania - El Digital de Asturias\" \/>\n\t\t<meta property=\"og:description\" content=\"Berl\u00edn, 20 feb (dpa) - El mercado de tel\u00e9fonos m\u00f3viles, apps y servicios de telecomunicaci\u00f3n crecer\u00e1 este a\u00f1o en Alemania un tres por ciento a 34.000 millones de euros (38.400 millones de d\u00f3lares), a contramano de la tendencia negativa mundial, seg\u00fan los pron\u00f3sticos de la asociaci\u00f3n de empresas digitales alemanas Bitkom difundidos hoy. El mayor\" \/>\n\t\t<meta property=\"og:url\" content=\"https:\/\/www.eldigitaldeasturias.com\/noticias\/el-mercado-de-telefonia-movil-sigue-en-alza-en-alemania\/\" \/>\n\t\t<meta property=\"og:image\" content=\"https:\/\/www.eldigitaldeasturias.com\/noticias\/wp-content\/uploads\/2018\/04\/internet-3113279_960_720-1.jpg\" \/>\n\t\t<meta property=\"og:image:secure_url\" content=\"https:\/\/www.eldigitaldeasturias.com\/noticias\/wp-content\/uploads\/2018\/04\/internet-3113279_960_720-1.jpg\" \/>\n\t\t<meta property=\"og:image:width\" content=\"960\" \/>\n\t\t<meta property=\"og:image:height\" content=\"640\" \/>\n\t\t<meta property=\"article:tag\" content=\"econom\u00eda\" \/>\n\t\t<meta property=\"article:published_time\" content=\"2019-02-21T04:20:47+00:00\" \/>\n\t\t<meta property=\"article:modified_time\" content=\"2019-02-21T04:20:47+00:00\" \/>\n\t\t<meta property=\"article:publisher\" content=\"https:\/\/facebook.com\/eldigitaldeasturias\" \/>\n\t\t<meta name=\"twitter:card\" content=\"summary_large_image\" \/>\n\t\t<meta name=\"twitter:title\" content=\"El mercado de telefon\u00eda m\u00f3vil sigue en alza en Alemania - El Digital de Asturias\" \/>\n\t\t<meta name=\"twitter:description\" content=\"Berl\u00edn, 20 feb (dpa) - El mercado de tel\u00e9fonos m\u00f3viles, apps y servicios de telecomunicaci\u00f3n crecer\u00e1 este a\u00f1o en Alemania un tres por ciento a 34.000 millones de euros (38.400 millones de d\u00f3lares), a contramano de la tendencia negativa mundial, seg\u00fan los pron\u00f3sticos de la asociaci\u00f3n de empresas digitales alemanas Bitkom difundidos hoy. El mayor\" \/>\n\t\t<meta name=\"twitter:image\" content=\"https:\/\/www.eldigitaldeasturias.com\/noticias\/wp-content\/uploads\/2018\/04\/internet-3113279_960_720-1.jpg\" \/>\n\t\t<meta name=\"twitter:label1\" content=\"Escrito por\" \/>\n\t\t<meta name=\"twitter:data1\" content=\"El Digital de Asturias\" \/>\n\t\t<meta name=\"twitter:label2\" content=\"Tiempo de lectura estimado\" \/>\n\t\t<meta name=\"twitter:data2\" content=\"1 minuto\" \/>\n\t\t<script type=\"application\/ld+json\" class=\"aioseo-schema\">\n\t\t\t{\"@context\":\"https:\\\/\\\/schema.org\",\"@graph\":[{\"@type\":\"BlogPosting\",\"@id\":\"https:\\\/\\\/www.eldigitaldeasturias.com\\\/noticias\\\/el-mercado-de-telefonia-movil-sigue-en-alza-en-alemania\\\/#blogposting\",\"name\":\"El mercado de telefon\\u00eda m\\u00f3vil sigue en alza en Alemania - El Digital de Asturias\",\"headline\":\"El mercado de telefon\\u00eda m\\u00f3vil sigue en alza en Alemania\",\"author\":{\"@id\":\"https:\\\/\\\/www.eldigitaldeasturias.com\\\/noticias\\\/author\\\/admin\\\/#author\"},\"publisher\":{\"@id\":\"https:\\\/\\\/www.eldigitaldeasturias.com\\\/noticias\\\/#organization\"},\"image\":{\"@type\":\"ImageObject\",\"url\":\"https:\\\/\\\/www.eldigitaldeasturias.com\\\/noticias\\\/wp-content\\\/uploads\\\/2018\\\/04\\\/internet-3113279_960_720-1.jpg\",\"width\":960,\"height\":640},\"datePublished\":\"2019-02-21T04:20:47+01:00\",\"dateModified\":\"2019-02-21T04:20:47+01:00\",\"inLanguage\":\"es-ES\",\"mainEntityOfPage\":{\"@id\":\"https:\\\/\\\/www.eldigitaldeasturias.com\\\/noticias\\\/el-mercado-de-telefonia-movil-sigue-en-alza-en-alemania\\\/#webpage\"},\"isPartOf\":{\"@id\":\"https:\\\/\\\/www.eldigitaldeasturias.com\\\/noticias\\\/el-mercado-de-telefonia-movil-sigue-en-alza-en-alemania\\\/#webpage\"},\"articleSection\":\"Econom\\u00eda\"},{\"@type\":\"BreadcrumbList\",\"@id\":\"https:\\\/\\\/www.eldigitaldeasturias.com\\\/noticias\\\/el-mercado-de-telefonia-movil-sigue-en-alza-en-alemania\\\/#breadcrumblist\",\"itemListElement\":[{\"@type\":\"ListItem\",\"@id\":\"https:\\\/\\\/www.eldigitaldeasturias.com\\\/noticias#listItem\",\"position\":1,\"name\":\"Home\",\"item\":\"https:\\\/\\\/www.eldigitaldeasturias.com\\\/noticias\",\"nextItem\":{\"@type\":\"ListItem\",\"@id\":\"https:\\\/\\\/www.eldigitaldeasturias.com\\\/noticias\\\/category\\\/economia\\\/#listItem\",\"name\":\"Econom\\u00eda\"}},{\"@type\":\"ListItem\",\"@id\":\"https:\\\/\\\/www.eldigitaldeasturias.com\\\/noticias\\\/category\\\/economia\\\/#listItem\",\"position\":2,\"name\":\"Econom\\u00eda\",\"item\":\"https:\\\/\\\/www.eldigitaldeasturias.com\\\/noticias\\\/category\\\/economia\\\/\",\"nextItem\":{\"@type\":\"ListItem\",\"@id\":\"https:\\\/\\\/www.eldigitaldeasturias.com\\\/noticias\\\/el-mercado-de-telefonia-movil-sigue-en-alza-en-alemania\\\/#listItem\",\"name\":\"El mercado de telefon\\u00eda m\\u00f3vil sigue en alza en Alemania\"},\"previousItem\":{\"@type\":\"ListItem\",\"@id\":\"https:\\\/\\\/www.eldigitaldeasturias.com\\\/noticias#listItem\",\"name\":\"Home\"}},{\"@type\":\"ListItem\",\"@id\":\"https:\\\/\\\/www.eldigitaldeasturias.com\\\/noticias\\\/el-mercado-de-telefonia-movil-sigue-en-alza-en-alemania\\\/#listItem\",\"position\":3,\"name\":\"El mercado de telefon\\u00eda m\\u00f3vil sigue en alza en Alemania\",\"previousItem\":{\"@type\":\"ListItem\",\"@id\":\"https:\\\/\\\/www.eldigitaldeasturias.com\\\/noticias\\\/category\\\/economia\\\/#listItem\",\"name\":\"Econom\\u00eda\"}}]},{\"@type\":\"Organization\",\"@id\":\"https:\\\/\\\/www.eldigitaldeasturias.com\\\/noticias\\\/#organization\",\"name\":\"El Digital de Asturias\",\"description\":\"Hemeroteca\",\"url\":\"https:\\\/\\\/www.eldigitaldeasturias.com\\\/noticias\\\/\",\"email\":\"info@eldigitaldeasturias.com\",\"telephone\":\"+34652131393\",\"logo\":{\"@type\":\"ImageObject\",\"url\":\"https:\\\/\\\/www.eldigitaldeasturias.com\\\/noticias\\\/wp-content\\\/uploads\\\/2020\\\/12\\\/EDA.jpg\",\"@id\":\"https:\\\/\\\/www.eldigitaldeasturias.com\\\/noticias\\\/el-mercado-de-telefonia-movil-sigue-en-alza-en-alemania\\\/#organizationLogo\",\"width\":649,\"height\":297},\"image\":{\"@id\":\"https:\\\/\\\/www.eldigitaldeasturias.com\\\/noticias\\\/el-mercado-de-telefonia-movil-sigue-en-alza-en-alemania\\\/#organizationLogo\"},\"sameAs\":[\"https:\\\/\\\/facebook.com\\\/eldigitaldeasturias\",\"https:\\\/\\\/www.youtube.com\\\/channel\\\/UCZP-2wLEB9Rv6erhFmqVnvg\"],\"address\":{\"@id\":\"https:\\\/\\\/www.eldigitaldeasturias.com\\\/noticias\\\/#postaladdress\",\"@type\":\"PostalAddress\",\"streetAddress\":\"san antonio 4,\",\"postalCode\":\"33430\",\"addressLocality\":\"Cand\\u00e1s\",\"addressRegion\":\"Asturias\",\"addressCountry\":\"ES\"}},{\"@type\":\"Person\",\"@id\":\"https:\\\/\\\/www.eldigitaldeasturias.com\\\/noticias\\\/author\\\/admin\\\/#author\",\"url\":\"https:\\\/\\\/www.eldigitaldeasturias.com\\\/noticias\\\/author\\\/admin\\\/\",\"name\":\"El Digital de Asturias\",\"image\":{\"@type\":\"ImageObject\",\"@id\":\"https:\\\/\\\/www.eldigitaldeasturias.com\\\/noticias\\\/el-mercado-de-telefonia-movil-sigue-en-alza-en-alemania\\\/#authorImage\",\"url\":\"https:\\\/\\\/www.eldigitaldeasturias.com\\\/noticias\\\/wp-content\\\/litespeed\\\/avatar\\\/18677e78aa0546b92d9dbf31ec7d7668.jpg?ver=1777290358\",\"width\":96,\"height\":96,\"caption\":\"El Digital de Asturias\"}},{\"@type\":\"WebPage\",\"@id\":\"https:\\\/\\\/www.eldigitaldeasturias.com\\\/noticias\\\/el-mercado-de-telefonia-movil-sigue-en-alza-en-alemania\\\/#webpage\",\"url\":\"https:\\\/\\\/www.eldigitaldeasturias.com\\\/noticias\\\/el-mercado-de-telefonia-movil-sigue-en-alza-en-alemania\\\/\",\"name\":\"El mercado de telefon\\u00eda m\\u00f3vil sigue en alza en Alemania - El Digital de Asturias\",\"description\":\"Berl\\u00edn, 20 feb (dpa) - El mercado de tel\\u00e9fonos m\\u00f3viles, apps y servicios de telecomunicaci\\u00f3n crecer\\u00e1 este a\\u00f1o en Alemania un tres por ciento a 34.000 millones de euros (38.400 millones de d\\u00f3lares), a contramano de la tendencia negativa mundial, seg\\u00fan los pron\\u00f3sticos de la asociaci\\u00f3n de empresas digitales alemanas Bitkom difundidos hoy. El mayor\",\"inLanguage\":\"es-ES\",\"isPartOf\":{\"@id\":\"https:\\\/\\\/www.eldigitaldeasturias.com\\\/noticias\\\/#website\"},\"breadcrumb\":{\"@id\":\"https:\\\/\\\/www.eldigitaldeasturias.com\\\/noticias\\\/el-mercado-de-telefonia-movil-sigue-en-alza-en-alemania\\\/#breadcrumblist\"},\"author\":{\"@id\":\"https:\\\/\\\/www.eldigitaldeasturias.com\\\/noticias\\\/author\\\/admin\\\/#author\"},\"creator\":{\"@id\":\"https:\\\/\\\/www.eldigitaldeasturias.com\\\/noticias\\\/author\\\/admin\\\/#author\"},\"image\":{\"@type\":\"ImageObject\",\"url\":\"https:\\\/\\\/www.eldigitaldeasturias.com\\\/noticias\\\/wp-content\\\/uploads\\\/2018\\\/04\\\/internet-3113279_960_720-1.jpg\",\"@id\":\"https:\\\/\\\/www.eldigitaldeasturias.com\\\/noticias\\\/el-mercado-de-telefonia-movil-sigue-en-alza-en-alemania\\\/#mainImage\",\"width\":960,\"height\":640},\"primaryImageOfPage\":{\"@id\":\"https:\\\/\\\/www.eldigitaldeasturias.com\\\/noticias\\\/el-mercado-de-telefonia-movil-sigue-en-alza-en-alemania\\\/#mainImage\"},\"datePublished\":\"2019-02-21T04:20:47+01:00\",\"dateModified\":\"2019-02-21T04:20:47+01:00\"},{\"@type\":\"WebSite\",\"@id\":\"https:\\\/\\\/www.eldigitaldeasturias.com\\\/noticias\\\/#website\",\"url\":\"https:\\\/\\\/www.eldigitaldeasturias.com\\\/noticias\\\/\",\"name\":\"El Digital de Asturias - Diario de actualidad y noticias\",\"alternateName\":\"El Digital de Asturias - Diario de actualidad y noticias\",\"description\":\"Hemeroteca\",\"inLanguage\":\"es-ES\",\"publisher\":{\"@id\":\"https:\\\/\\\/www.eldigitaldeasturias.com\\\/noticias\\\/#organization\"}}]}\n\t\t<\/script>\n\t\t<!-- All in One SEO Pro -->\r\n\t\t<title>El mercado de telefon\u00eda m\u00f3vil sigue en alza en Alemania - El Digital de Asturias<\/title>\n\n","aioseo_head_json":{"title":"El mercado de telefon\u00eda m\u00f3vil sigue en alza en Alemania - El Digital de Asturias","description":"Berl\u00edn, 20 feb (dpa) - El mercado de tel\u00e9fonos m\u00f3viles, apps y servicios de telecomunicaci\u00f3n crecer\u00e1 este a\u00f1o en Alemania un tres por ciento a 34.000 millones de euros (38.400 millones de d\u00f3lares), a contramano de la tendencia negativa mundial, seg\u00fan los pron\u00f3sticos de la asociaci\u00f3n de empresas digitales alemanas Bitkom difundidos hoy. El mayor","canonical_url":"https:\/\/www.eldigitaldeasturias.com\/noticias\/el-mercado-de-telefonia-movil-sigue-en-alza-en-alemania\/","robots":"max-image-preview:large","keywords":"econom\u00eda","webmasterTools":{"google-site-verification":"UA-38556648-1","msvalidate.01":"7dfe9f3f1b24437ab69f4f2559babe99","miscellaneous":""},"schema":{"@context":"https:\/\/schema.org","@graph":[{"@type":"BlogPosting","@id":"https:\/\/www.eldigitaldeasturias.com\/noticias\/el-mercado-de-telefonia-movil-sigue-en-alza-en-alemania\/#blogposting","name":"El mercado de telefon\u00eda m\u00f3vil sigue en alza en Alemania - El Digital de Asturias","headline":"El mercado de telefon\u00eda m\u00f3vil sigue en alza en Alemania","author":{"@id":"https:\/\/www.eldigitaldeasturias.com\/noticias\/author\/admin\/#author"},"publisher":{"@id":"https:\/\/www.eldigitaldeasturias.com\/noticias\/#organization"},"image":{"@type":"ImageObject","url":"https:\/\/www.eldigitaldeasturias.com\/noticias\/wp-content\/uploads\/2018\/04\/internet-3113279_960_720-1.jpg","width":960,"height":640},"datePublished":"2019-02-21T04:20:47+01:00","dateModified":"2019-02-21T04:20:47+01:00","inLanguage":"es-ES","mainEntityOfPage":{"@id":"https:\/\/www.eldigitaldeasturias.com\/noticias\/el-mercado-de-telefonia-movil-sigue-en-alza-en-alemania\/#webpage"},"isPartOf":{"@id":"https:\/\/www.eldigitaldeasturias.com\/noticias\/el-mercado-de-telefonia-movil-sigue-en-alza-en-alemania\/#webpage"},"articleSection":"Econom\u00eda"},{"@type":"BreadcrumbList","@id":"https:\/\/www.eldigitaldeasturias.com\/noticias\/el-mercado-de-telefonia-movil-sigue-en-alza-en-alemania\/#breadcrumblist","itemListElement":[{"@type":"ListItem","@id":"https:\/\/www.eldigitaldeasturias.com\/noticias#listItem","position":1,"name":"Home","item":"https:\/\/www.eldigitaldeasturias.com\/noticias","nextItem":{"@type":"ListItem","@id":"https:\/\/www.eldigitaldeasturias.com\/noticias\/category\/economia\/#listItem","name":"Econom\u00eda"}},{"@type":"ListItem","@id":"https:\/\/www.eldigitaldeasturias.com\/noticias\/category\/economia\/#listItem","position":2,"name":"Econom\u00eda","item":"https:\/\/www.eldigitaldeasturias.com\/noticias\/category\/economia\/","nextItem":{"@type":"ListItem","@id":"https:\/\/www.eldigitaldeasturias.com\/noticias\/el-mercado-de-telefonia-movil-sigue-en-alza-en-alemania\/#listItem","name":"El mercado de telefon\u00eda m\u00f3vil sigue en alza en Alemania"},"previousItem":{"@type":"ListItem","@id":"https:\/\/www.eldigitaldeasturias.com\/noticias#listItem","name":"Home"}},{"@type":"ListItem","@id":"https:\/\/www.eldigitaldeasturias.com\/noticias\/el-mercado-de-telefonia-movil-sigue-en-alza-en-alemania\/#listItem","position":3,"name":"El mercado de telefon\u00eda m\u00f3vil sigue en alza en Alemania","previousItem":{"@type":"ListItem","@id":"https:\/\/www.eldigitaldeasturias.com\/noticias\/category\/economia\/#listItem","name":"Econom\u00eda"}}]},{"@type":"Organization","@id":"https:\/\/www.eldigitaldeasturias.com\/noticias\/#organization","name":"El Digital de Asturias","description":"Hemeroteca","url":"https:\/\/www.eldigitaldeasturias.com\/noticias\/","email":"info@eldigitaldeasturias.com","telephone":"+34652131393","logo":{"@type":"ImageObject","url":"https:\/\/www.eldigitaldeasturias.com\/noticias\/wp-content\/uploads\/2020\/12\/EDA.jpg","@id":"https:\/\/www.eldigitaldeasturias.com\/noticias\/el-mercado-de-telefonia-movil-sigue-en-alza-en-alemania\/#organizationLogo","width":649,"height":297},"image":{"@id":"https:\/\/www.eldigitaldeasturias.com\/noticias\/el-mercado-de-telefonia-movil-sigue-en-alza-en-alemania\/#organizationLogo"},"sameAs":["https:\/\/facebook.com\/eldigitaldeasturias","https:\/\/www.youtube.com\/channel\/UCZP-2wLEB9Rv6erhFmqVnvg"],"address":{"@id":"https:\/\/www.eldigitaldeasturias.com\/noticias\/#postaladdress","@type":"PostalAddress","streetAddress":"san antonio 4,","postalCode":"33430","addressLocality":"Cand\u00e1s","addressRegion":"Asturias","addressCountry":"ES"}},{"@type":"Person","@id":"https:\/\/www.eldigitaldeasturias.com\/noticias\/author\/admin\/#author","url":"https:\/\/www.eldigitaldeasturias.com\/noticias\/author\/admin\/","name":"El Digital de Asturias","image":{"@type":"ImageObject","@id":"https:\/\/www.eldigitaldeasturias.com\/noticias\/el-mercado-de-telefonia-movil-sigue-en-alza-en-alemania\/#authorImage","url":"https:\/\/www.eldigitaldeasturias.com\/noticias\/wp-content\/litespeed\/avatar\/18677e78aa0546b92d9dbf31ec7d7668.jpg?ver=1777290358","width":96,"height":96,"caption":"El Digital de Asturias"}},{"@type":"WebPage","@id":"https:\/\/www.eldigitaldeasturias.com\/noticias\/el-mercado-de-telefonia-movil-sigue-en-alza-en-alemania\/#webpage","url":"https:\/\/www.eldigitaldeasturias.com\/noticias\/el-mercado-de-telefonia-movil-sigue-en-alza-en-alemania\/","name":"El mercado de telefon\u00eda m\u00f3vil sigue en alza en Alemania - El Digital de Asturias","description":"Berl\u00edn, 20 feb (dpa) - El mercado de tel\u00e9fonos m\u00f3viles, apps y servicios de telecomunicaci\u00f3n crecer\u00e1 este a\u00f1o en Alemania un tres por ciento a 34.000 millones de euros (38.400 millones de d\u00f3lares), a contramano de la tendencia negativa mundial, seg\u00fan los pron\u00f3sticos de la asociaci\u00f3n de empresas digitales alemanas Bitkom difundidos hoy. El mayor","inLanguage":"es-ES","isPartOf":{"@id":"https:\/\/www.eldigitaldeasturias.com\/noticias\/#website"},"breadcrumb":{"@id":"https:\/\/www.eldigitaldeasturias.com\/noticias\/el-mercado-de-telefonia-movil-sigue-en-alza-en-alemania\/#breadcrumblist"},"author":{"@id":"https:\/\/www.eldigitaldeasturias.com\/noticias\/author\/admin\/#author"},"creator":{"@id":"https:\/\/www.eldigitaldeasturias.com\/noticias\/author\/admin\/#author"},"image":{"@type":"ImageObject","url":"https:\/\/www.eldigitaldeasturias.com\/noticias\/wp-content\/uploads\/2018\/04\/internet-3113279_960_720-1.jpg","@id":"https:\/\/www.eldigitaldeasturias.com\/noticias\/el-mercado-de-telefonia-movil-sigue-en-alza-en-alemania\/#mainImage","width":960,"height":640},"primaryImageOfPage":{"@id":"https:\/\/www.eldigitaldeasturias.com\/noticias\/el-mercado-de-telefonia-movil-sigue-en-alza-en-alemania\/#mainImage"},"datePublished":"2019-02-21T04:20:47+01:00","dateModified":"2019-02-21T04:20:47+01:00"},{"@type":"WebSite","@id":"https:\/\/www.eldigitaldeasturias.com\/noticias\/#website","url":"https:\/\/www.eldigitaldeasturias.com\/noticias\/","name":"El Digital de Asturias - Diario de actualidad y noticias","alternateName":"El Digital de Asturias - Diario de actualidad y noticias","description":"Hemeroteca","inLanguage":"es-ES","publisher":{"@id":"https:\/\/www.eldigitaldeasturias.com\/noticias\/#organization"}}]},"og:locale":"es_ES","og:site_name":"El Digital de Asturias","og:type":"article","og:title":"El mercado de telefon\u00eda m\u00f3vil sigue en alza en Alemania - El Digital de Asturias","og:description":"Berl\u00edn, 20 feb (dpa) - El mercado de tel\u00e9fonos m\u00f3viles, apps y servicios de telecomunicaci\u00f3n crecer\u00e1 este a\u00f1o en Alemania un tres por ciento a 34.000 millones de euros (38.400 millones de d\u00f3lares), a contramano de la tendencia negativa mundial, seg\u00fan los pron\u00f3sticos de la asociaci\u00f3n de empresas digitales alemanas Bitkom difundidos hoy. El mayor","og:url":"https:\/\/www.eldigitaldeasturias.com\/noticias\/el-mercado-de-telefonia-movil-sigue-en-alza-en-alemania\/","og:image":"https:\/\/www.eldigitaldeasturias.com\/noticias\/wp-content\/uploads\/2018\/04\/internet-3113279_960_720-1.jpg","og:image:secure_url":"https:\/\/www.eldigitaldeasturias.com\/noticias\/wp-content\/uploads\/2018\/04\/internet-3113279_960_720-1.jpg","og:image:width":960,"og:image:height":640,"article:tag":["econom\u00eda"],"article:published_time":"2019-02-21T04:20:47+00:00","article:modified_time":"2019-02-21T04:20:47+00:00","article:publisher":"https:\/\/facebook.com\/eldigitaldeasturias","twitter:card":"summary_large_image","twitter:title":"El mercado de telefon\u00eda m\u00f3vil sigue en alza en Alemania - El Digital de Asturias","twitter:description":"Berl\u00edn, 20 feb (dpa) - El mercado de tel\u00e9fonos m\u00f3viles, apps y servicios de telecomunicaci\u00f3n crecer\u00e1 este a\u00f1o en Alemania un tres por ciento a 34.000 millones de euros (38.400 millones de d\u00f3lares), a contramano de la tendencia negativa mundial, seg\u00fan los pron\u00f3sticos de la asociaci\u00f3n de empresas digitales alemanas Bitkom difundidos hoy. El mayor","twitter:image":"https:\/\/www.eldigitaldeasturias.com\/noticias\/wp-content\/uploads\/2018\/04\/internet-3113279_960_720-1.jpg","twitter:label1":"Escrito por","twitter:data1":"El Digital de Asturias","twitter:label2":"Tiempo de lectura estimado","twitter:data2":"1 minuto"},"aioseo_meta_data":{"post_id":"1017687","title":null,"description":null,"keywords":null,"keyphrases":null,"primary_term":null,"canonical_url":null,"og_title":null,"og_description":null,"og_object_type":"default","og_image_type":"default","og_image_url":null,"og_image_width":null,"og_image_height":null,"og_image_custom_url":null,"og_image_custom_fields":null,"og_video":null,"og_custom_url":null,"og_article_section":null,"og_article_tags":null,"twitter_use_og":false,"twitter_card":"default","twitter_image_type":"default","twitter_image_url":null,"twitter_image_custom_url":null,"twitter_image_custom_fields":null,"twitter_title":null,"twitter_description":null,"schema":{"blockGraphs":[],"customGraphs":[],"default":{"data":{"Article":[],"Course":[],"Dataset":[],"FAQPage":[],"Movie":[],"Person":[],"Product":[],"ProductReview":[],"Car":[],"Recipe":[],"Service":[],"SoftwareApplication":[],"WebPage":[]},"graphName":"","isEnabled":true},"graphs":[],"defaultGraph":"","defaultPostTypeGraph":""},"schema_type":null,"schema_type_options":null,"pillar_content":false,"robots_default":true,"robots_noindex":false,"robots_noarchive":false,"robots_nosnippet":false,"robots_nofollow":false,"robots_noimageindex":false,"robots_noodp":false,"robots_notranslate":false,"robots_max_snippet":null,"robots_max_videopreview":null,"robots_max_imagepreview":"large","priority":null,"frequency":null,"local_seo":null,"seo_analyzer_scan_date":"2025-10-16 09:33:09","breadcrumb_settings":null,"limit_modified_date":false,"open_ai":null,"ai":null,"created":"2020-12-21 11:18:44","updated":"2025-10-16 09:33:09"},"aioseo_breadcrumb":"<div class=\"aioseo-breadcrumbs\"><span class=\"aioseo-breadcrumb\">\n\t<a href=\"https:\/\/www.eldigitaldeasturias.com\/noticias\" title=\"Home\">Home<\/a>\n<\/span><span class=\"aioseo-breadcrumb-separator\">\u2013<\/span><span class=\"aioseo-breadcrumb\">\n\t<a href=\"https:\/\/www.eldigitaldeasturias.com\/noticias\/category\/economia\/\" title=\"Econom\u00eda\">Econom\u00eda<\/a>\n<\/span><span class=\"aioseo-breadcrumb-separator\">\u2013<\/span><span class=\"aioseo-breadcrumb\">\n\t<a href=\"https:\/\/www.eldigitaldeasturias.com\/noticias\/el-mercado-de-telefonia-movil-sigue-en-alza-en-alemania\/\" title=\"El mercado de telefon\u00eda m\u00f3vil sigue en alza en Alemania\">El mercado de telefon\u00eda m\u00f3vil sigue en alza en Alemania<\/a>\n<\/span><\/div>","aioseo_breadcrumb_json":[{"label":"Home","link":"https:\/\/www.eldigitaldeasturias.com\/noticias"},{"label":"Econom\u00eda","link":"https:\/\/www.eldigitaldeasturias.com\/noticias\/category\/economia\/"},{"label":"El mercado de telefon\u00eda m\u00f3vil sigue en alza en Alemania","link":"https:\/\/www.eldigitaldeasturias.com\/noticias\/el-mercado-de-telefonia-movil-sigue-en-alza-en-alemania\/"}],"_links":{"self":[{"href":"https:\/\/www.eldigitaldeasturias.com\/noticias\/wp-json\/wp\/v2\/posts\/1017687","targetHints":{"allow":["GET"]}}],"collection":[{"href":"https:\/\/www.eldigitaldeasturias.com\/noticias\/wp-json\/wp\/v2\/posts"}],"about":[{"href":"https:\/\/www.eldigitaldeasturias.com\/noticias\/wp-json\/wp\/v2\/types\/post"}],"author":[{"embeddable":true,"href":"https:\/\/www.eldigitaldeasturias.com\/noticias\/wp-json\/wp\/v2\/users\/1"}],"replies":[{"embeddable":true,"href":"https:\/\/www.eldigitaldeasturias.com\/noticias\/wp-json\/wp\/v2\/comments?post=1017687"}],"version-history":[{"count":0,"href":"https:\/\/www.eldigitaldeasturias.com\/noticias\/wp-json\/wp\/v2\/posts\/1017687\/revisions"}],"wp:featuredmedia":[{"embeddable":true,"href":"https:\/\/www.eldigitaldeasturias.com\/noticias\/wp-json\/wp\/v2\/media\/978359"}],"wp:attachment":[{"href":"https:\/\/www.eldigitaldeasturias.com\/noticias\/wp-json\/wp\/v2\/media?parent=1017687"}],"wp:term":[{"taxonomy":"category","embeddable":true,"href":"https:\/\/www.eldigitaldeasturias.com\/noticias\/wp-json\/wp\/v2\/categories?post=1017687"},{"taxonomy":"post_tag","embeddable":true,"href":"https:\/\/www.eldigitaldeasturias.com\/noticias\/wp-json\/wp\/v2\/tags?post=1017687"}],"curies":[{"name":"wp","href":"https:\/\/api.w.org\/{rel}","templated":true}]}}