{"id":1017395,"date":"2019-02-17T18:48:03","date_gmt":"2019-02-17T18:48:03","guid":{"rendered":"https:\/\/www.eldigitaldeasturias.com\/noticias\/?p=1017395"},"modified":"2019-02-17T18:48:03","modified_gmt":"2019-02-17T18:48:03","slug":"la-inflacion-se-reduce-dos-decimas-en-enero-de-2019-hasta-el-1","status":"publish","type":"post","link":"https:\/\/www.eldigitaldeasturias.com\/noticias\/la-inflacion-se-reduce-dos-decimas-en-enero-de-2019-hasta-el-1\/","title":{"rendered":"La inflaci\u00f3n se reduce dos d\u00e9cimas en enero de 2019, hasta el 1%"},"content":{"rendered":"<p><img loading=\"lazy\" decoding=\"async\" class=\"alignleft size-medium wp-image-949526\" src=\"https:\/\/www.eldigitaldeasturias.com\/noticias\/wp-content\/uploads\/2017\/08\/comercio1-360x240.jpg\" alt=\"\" width=\"360\" height=\"240\" srcset=\"https:\/\/www.eldigitaldeasturias.com\/noticias\/wp-content\/uploads\/2017\/08\/comercio1-360x240.jpg 360w, https:\/\/www.eldigitaldeasturias.com\/noticias\/wp-content\/uploads\/2017\/08\/comercio1-450x300.jpg 450w, https:\/\/www.eldigitaldeasturias.com\/noticias\/wp-content\/uploads\/2017\/08\/comercio1-768x512.jpg 768w, https:\/\/www.eldigitaldeasturias.com\/noticias\/wp-content\/uploads\/2017\/08\/comercio1-690x460.jpg 690w, https:\/\/www.eldigitaldeasturias.com\/noticias\/wp-content\/uploads\/2017\/08\/comercio1-20x13.jpg 20w, https:\/\/www.eldigitaldeasturias.com\/noticias\/wp-content\/uploads\/2017\/08\/comercio1.jpg 800w\" sizes=\"auto, (max-width: 360px) 100vw, 360px\" \/>La tasa interanual del IPC general se situ\u00f3 en el 1% en enero de 2019, tras reducirse dos d\u00e9cimas, tal y como avanz\u00f3 el Instituto Nacional de Estad\u00edstica (INE) a finales del mes pasado. Esta reducci\u00f3n est\u00e1 motivada por el avance m\u00e1s contenido de los precios de todos sus principales componentes.<\/p>\n<p>Los precios de los productos energ\u00e9ticos moderaron en enero el ritmo de crecimiento interanual seis d\u00e9cimas, hasta el 1,5%, debido al descenso del -0,3% de los precios de carburantes y combustibles, en l\u00ednea con el comportamiento del precio del petr\u00f3leo y del gas. Por el contrario, el precio de la electricidad subi\u00f3 el 5,7% interanual, tasa superior en m\u00e1s de cinco puntos a la del mes anterior.<\/p>\n<p>Los precios de la alimentaci\u00f3n no elaborada aumentaron el 2,3% interanual, nueve d\u00e9cimas menos que en diciembre, destacando la ca\u00edda del -3% de los precios del pescado fresco o refrigerado.<\/p>\n<p>La inflaci\u00f3n subyacente, que excluye los elementos m\u00e1s vol\u00e1tiles del IPC alimentaci\u00f3n no elaborada y productos energ\u00e9ticos), se sit\u00faa en el 0,8% interanual, una d\u00e9cima menos que en diciembre del pasado a\u00f1o. Se ha moderado una d\u00e9cima el ritmo de crecimiento de sus tres componentes, alimentaci\u00f3n elaborada, bebidas y tabaco, bienes industriales no energ\u00e9ticos (BINE) y servicios, situ\u00e1ndose en el 0,4%, 0,1%, y 1,4%, respectivamente. Dentro de servicios destaca la ca\u00edda del -2,8% de los precios de los paquetes tur\u00edsticos.<\/p>\n<p>En enero, la tasa interanual del IPC ha disminuido en 14 de las 17 comunidades aut\u00f3nomas respecto a la de diciembre, y se mantiene en Navarra, Pa\u00eds Vasco y las Islas Baleares. Los mayores descensos se producen en Castilla-La Mancha (cinco d\u00e9cimas, hasta el 0,7%) y Canarias y Catalu\u00f1a (cuatro d\u00e9cimas hasta el 1%, en ambos casos).<\/p>\n<p>La tasa interanual del IPC a impuestos constantes se situ\u00f3 en enero en el 0,9%, una d\u00e9cima inferior a la del IPC general.<\/p>\n<p>El INE ha publicado asimismo el IPC armonizado (IPCA) correspondiente al mes de enero, cuya tasa interanual se reduce dos d\u00e9cimas, hasta el 1%. La tasa adelantada por Eurostat para el conjunto de la zona euro se sit\u00faa en dicho mes en el 1,4%, resultando un diferencial de inflaci\u00f3n favorable a Espa\u00f1a de 0,4 puntos porcentuales.<\/p>\n","protected":false},"excerpt":{"rendered":"<p>La tasa interanual del IPC general se situ\u00f3 en el 1% en enero de 2019, tras reducirse dos d\u00e9cimas, tal y como avanz\u00f3 el Instituto Nacional de Estad\u00edstica (INE) a finales del mes pasado. Esta reducci\u00f3n est\u00e1 motivada por el avance m\u00e1s contenido de los precios de todos sus principales componentes. Los precios de los [&hellip;]<\/p>\n","protected":false},"author":1,"featured_media":949526,"comment_status":"closed","ping_status":"closed","sticky":false,"template":"","format":"standard","meta":{"footnotes":""},"categories":[187],"tags":[],"class_list":["post-1017395","post","type-post","status-publish","format-standard","has-post-thumbnail","hentry","category-economia"],"aioseo_notices":[],"aioseo_head":"\n\t\t<!-- All in One SEO Pro 4.9.6.2 - aioseo.com -->\n\t<meta name=\"description\" content=\"La tasa interanual del IPC general se situ\u00f3 en el 1% en enero de 2019, tras reducirse dos d\u00e9cimas, tal y como avanz\u00f3 el Instituto Nacional de Estad\u00edstica (INE) a finales del mes pasado. Esta reducci\u00f3n est\u00e1 motivada por el avance m\u00e1s contenido de los precios de todos sus principales componentes. Los precios de los\" \/>\n\t<meta name=\"robots\" content=\"max-image-preview:large\" \/>\n\t<meta name=\"author\" content=\"El Digital de Asturias\"\/>\n\t<meta name=\"google-site-verification\" content=\"UA-38556648-1\" \/>\n\t<meta name=\"msvalidate.01\" content=\"7dfe9f3f1b24437ab69f4f2559babe99\" \/>\n\t<meta name=\"keywords\" content=\"econom\u00eda\" \/>\n\t<link rel=\"canonical\" href=\"https:\/\/www.eldigitaldeasturias.com\/noticias\/la-inflacion-se-reduce-dos-decimas-en-enero-de-2019-hasta-el-1\/\" \/>\n\t<meta name=\"generator\" content=\"All in One SEO Pro (AIOSEO) 4.9.6.2\" \/>\n\t\t<meta property=\"og:locale\" content=\"es_ES\" \/>\n\t\t<meta property=\"og:site_name\" content=\"El Digital de Asturias\" \/>\n\t\t<meta property=\"og:type\" content=\"article\" \/>\n\t\t<meta property=\"og:title\" content=\"La inflaci\u00f3n se reduce dos d\u00e9cimas en enero de 2019, hasta el 1% - El Digital de Asturias\" \/>\n\t\t<meta property=\"og:description\" content=\"La tasa interanual del IPC general se situ\u00f3 en el 1% en enero de 2019, tras reducirse dos d\u00e9cimas, tal y como avanz\u00f3 el Instituto Nacional de Estad\u00edstica (INE) a finales del mes pasado. Esta reducci\u00f3n est\u00e1 motivada por el avance m\u00e1s contenido de los precios de todos sus principales componentes. Los precios de los\" \/>\n\t\t<meta property=\"og:url\" content=\"https:\/\/www.eldigitaldeasturias.com\/noticias\/la-inflacion-se-reduce-dos-decimas-en-enero-de-2019-hasta-el-1\/\" \/>\n\t\t<meta property=\"og:image\" content=\"https:\/\/www.eldigitaldeasturias.com\/noticias\/wp-content\/uploads\/2017\/08\/comercio1.jpg\" \/>\n\t\t<meta property=\"og:image:secure_url\" content=\"https:\/\/www.eldigitaldeasturias.com\/noticias\/wp-content\/uploads\/2017\/08\/comercio1.jpg\" \/>\n\t\t<meta property=\"og:image:width\" content=\"800\" \/>\n\t\t<meta property=\"og:image:height\" content=\"533\" \/>\n\t\t<meta property=\"article:tag\" content=\"econom\u00eda\" \/>\n\t\t<meta property=\"article:published_time\" content=\"2019-02-17T18:48:03+00:00\" \/>\n\t\t<meta property=\"article:modified_time\" content=\"2019-02-17T18:48:03+00:00\" \/>\n\t\t<meta property=\"article:publisher\" content=\"https:\/\/facebook.com\/eldigitaldeasturias\" \/>\n\t\t<meta name=\"twitter:card\" content=\"summary_large_image\" \/>\n\t\t<meta name=\"twitter:title\" content=\"La inflaci\u00f3n se reduce dos d\u00e9cimas en enero de 2019, hasta el 1% - El Digital de Asturias\" \/>\n\t\t<meta name=\"twitter:description\" content=\"La tasa interanual del IPC general se situ\u00f3 en el 1% en enero de 2019, tras reducirse dos d\u00e9cimas, tal y como avanz\u00f3 el Instituto Nacional de Estad\u00edstica (INE) a finales del mes pasado. Esta reducci\u00f3n est\u00e1 motivada por el avance m\u00e1s contenido de los precios de todos sus principales componentes. Los precios de los\" \/>\n\t\t<meta name=\"twitter:image\" content=\"https:\/\/www.eldigitaldeasturias.com\/noticias\/wp-content\/uploads\/2017\/08\/comercio1.jpg\" \/>\n\t\t<meta name=\"twitter:label1\" content=\"Escrito por\" \/>\n\t\t<meta name=\"twitter:data1\" content=\"El Digital de Asturias\" \/>\n\t\t<meta name=\"twitter:label2\" content=\"Tiempo de lectura estimado\" \/>\n\t\t<meta name=\"twitter:data2\" content=\"2 minutos\" \/>\n\t\t<script type=\"application\/ld+json\" class=\"aioseo-schema\">\n\t\t\t{\"@context\":\"https:\\\/\\\/schema.org\",\"@graph\":[{\"@type\":\"BlogPosting\",\"@id\":\"https:\\\/\\\/www.eldigitaldeasturias.com\\\/noticias\\\/la-inflacion-se-reduce-dos-decimas-en-enero-de-2019-hasta-el-1\\\/#blogposting\",\"name\":\"La inflaci\\u00f3n se reduce dos d\\u00e9cimas en enero de 2019, hasta el 1% - El Digital de Asturias\",\"headline\":\"La inflaci\\u00f3n se reduce dos d\\u00e9cimas en enero de 2019, hasta el 1%\",\"author\":{\"@id\":\"https:\\\/\\\/www.eldigitaldeasturias.com\\\/noticias\\\/author\\\/admin\\\/#author\"},\"publisher\":{\"@id\":\"https:\\\/\\\/www.eldigitaldeasturias.com\\\/noticias\\\/#organization\"},\"image\":{\"@type\":\"ImageObject\",\"url\":\"https:\\\/\\\/www.eldigitaldeasturias.com\\\/noticias\\\/wp-content\\\/uploads\\\/2017\\\/08\\\/comercio1.jpg\",\"width\":800,\"height\":533},\"datePublished\":\"2019-02-17T18:48:03+01:00\",\"dateModified\":\"2019-02-17T18:48:03+01:00\",\"inLanguage\":\"es-ES\",\"mainEntityOfPage\":{\"@id\":\"https:\\\/\\\/www.eldigitaldeasturias.com\\\/noticias\\\/la-inflacion-se-reduce-dos-decimas-en-enero-de-2019-hasta-el-1\\\/#webpage\"},\"isPartOf\":{\"@id\":\"https:\\\/\\\/www.eldigitaldeasturias.com\\\/noticias\\\/la-inflacion-se-reduce-dos-decimas-en-enero-de-2019-hasta-el-1\\\/#webpage\"},\"articleSection\":\"Econom\\u00eda\"},{\"@type\":\"BreadcrumbList\",\"@id\":\"https:\\\/\\\/www.eldigitaldeasturias.com\\\/noticias\\\/la-inflacion-se-reduce-dos-decimas-en-enero-de-2019-hasta-el-1\\\/#breadcrumblist\",\"itemListElement\":[{\"@type\":\"ListItem\",\"@id\":\"https:\\\/\\\/www.eldigitaldeasturias.com\\\/noticias#listItem\",\"position\":1,\"name\":\"Home\",\"item\":\"https:\\\/\\\/www.eldigitaldeasturias.com\\\/noticias\",\"nextItem\":{\"@type\":\"ListItem\",\"@id\":\"https:\\\/\\\/www.eldigitaldeasturias.com\\\/noticias\\\/category\\\/economia\\\/#listItem\",\"name\":\"Econom\\u00eda\"}},{\"@type\":\"ListItem\",\"@id\":\"https:\\\/\\\/www.eldigitaldeasturias.com\\\/noticias\\\/category\\\/economia\\\/#listItem\",\"position\":2,\"name\":\"Econom\\u00eda\",\"item\":\"https:\\\/\\\/www.eldigitaldeasturias.com\\\/noticias\\\/category\\\/economia\\\/\",\"nextItem\":{\"@type\":\"ListItem\",\"@id\":\"https:\\\/\\\/www.eldigitaldeasturias.com\\\/noticias\\\/la-inflacion-se-reduce-dos-decimas-en-enero-de-2019-hasta-el-1\\\/#listItem\",\"name\":\"La inflaci\\u00f3n se reduce dos d\\u00e9cimas en enero de 2019, hasta el 1%\"},\"previousItem\":{\"@type\":\"ListItem\",\"@id\":\"https:\\\/\\\/www.eldigitaldeasturias.com\\\/noticias#listItem\",\"name\":\"Home\"}},{\"@type\":\"ListItem\",\"@id\":\"https:\\\/\\\/www.eldigitaldeasturias.com\\\/noticias\\\/la-inflacion-se-reduce-dos-decimas-en-enero-de-2019-hasta-el-1\\\/#listItem\",\"position\":3,\"name\":\"La inflaci\\u00f3n se reduce dos d\\u00e9cimas en enero de 2019, hasta el 1%\",\"previousItem\":{\"@type\":\"ListItem\",\"@id\":\"https:\\\/\\\/www.eldigitaldeasturias.com\\\/noticias\\\/category\\\/economia\\\/#listItem\",\"name\":\"Econom\\u00eda\"}}]},{\"@type\":\"Organization\",\"@id\":\"https:\\\/\\\/www.eldigitaldeasturias.com\\\/noticias\\\/#organization\",\"name\":\"El Digital de Asturias\",\"description\":\"Hemeroteca\",\"url\":\"https:\\\/\\\/www.eldigitaldeasturias.com\\\/noticias\\\/\",\"email\":\"info@eldigitaldeasturias.com\",\"telephone\":\"+34652131393\",\"logo\":{\"@type\":\"ImageObject\",\"url\":\"https:\\\/\\\/www.eldigitaldeasturias.com\\\/noticias\\\/wp-content\\\/uploads\\\/2020\\\/12\\\/EDA.jpg\",\"@id\":\"https:\\\/\\\/www.eldigitaldeasturias.com\\\/noticias\\\/la-inflacion-se-reduce-dos-decimas-en-enero-de-2019-hasta-el-1\\\/#organizationLogo\",\"width\":649,\"height\":297},\"image\":{\"@id\":\"https:\\\/\\\/www.eldigitaldeasturias.com\\\/noticias\\\/la-inflacion-se-reduce-dos-decimas-en-enero-de-2019-hasta-el-1\\\/#organizationLogo\"},\"sameAs\":[\"https:\\\/\\\/facebook.com\\\/eldigitaldeasturias\",\"https:\\\/\\\/www.youtube.com\\\/channel\\\/UCZP-2wLEB9Rv6erhFmqVnvg\"],\"address\":{\"@id\":\"https:\\\/\\\/www.eldigitaldeasturias.com\\\/noticias\\\/#postaladdress\",\"@type\":\"PostalAddress\",\"streetAddress\":\"san antonio 4,\",\"postalCode\":\"33430\",\"addressLocality\":\"Cand\\u00e1s\",\"addressRegion\":\"Asturias\",\"addressCountry\":\"ES\"}},{\"@type\":\"Person\",\"@id\":\"https:\\\/\\\/www.eldigitaldeasturias.com\\\/noticias\\\/author\\\/admin\\\/#author\",\"url\":\"https:\\\/\\\/www.eldigitaldeasturias.com\\\/noticias\\\/author\\\/admin\\\/\",\"name\":\"El Digital de Asturias\",\"image\":{\"@type\":\"ImageObject\",\"@id\":\"https:\\\/\\\/www.eldigitaldeasturias.com\\\/noticias\\\/la-inflacion-se-reduce-dos-decimas-en-enero-de-2019-hasta-el-1\\\/#authorImage\",\"url\":\"https:\\\/\\\/www.eldigitaldeasturias.com\\\/noticias\\\/wp-content\\\/litespeed\\\/avatar\\\/18677e78aa0546b92d9dbf31ec7d7668.jpg?ver=1777290358\",\"width\":96,\"height\":96,\"caption\":\"El Digital de Asturias\"}},{\"@type\":\"WebPage\",\"@id\":\"https:\\\/\\\/www.eldigitaldeasturias.com\\\/noticias\\\/la-inflacion-se-reduce-dos-decimas-en-enero-de-2019-hasta-el-1\\\/#webpage\",\"url\":\"https:\\\/\\\/www.eldigitaldeasturias.com\\\/noticias\\\/la-inflacion-se-reduce-dos-decimas-en-enero-de-2019-hasta-el-1\\\/\",\"name\":\"La inflaci\\u00f3n se reduce dos d\\u00e9cimas en enero de 2019, hasta el 1% - El Digital de Asturias\",\"description\":\"La tasa interanual del IPC general se situ\\u00f3 en el 1% en enero de 2019, tras reducirse dos d\\u00e9cimas, tal y como avanz\\u00f3 el Instituto Nacional de Estad\\u00edstica (INE) a finales del mes pasado. Esta reducci\\u00f3n est\\u00e1 motivada por el avance m\\u00e1s contenido de los precios de todos sus principales componentes. Los precios de los\",\"inLanguage\":\"es-ES\",\"isPartOf\":{\"@id\":\"https:\\\/\\\/www.eldigitaldeasturias.com\\\/noticias\\\/#website\"},\"breadcrumb\":{\"@id\":\"https:\\\/\\\/www.eldigitaldeasturias.com\\\/noticias\\\/la-inflacion-se-reduce-dos-decimas-en-enero-de-2019-hasta-el-1\\\/#breadcrumblist\"},\"author\":{\"@id\":\"https:\\\/\\\/www.eldigitaldeasturias.com\\\/noticias\\\/author\\\/admin\\\/#author\"},\"creator\":{\"@id\":\"https:\\\/\\\/www.eldigitaldeasturias.com\\\/noticias\\\/author\\\/admin\\\/#author\"},\"image\":{\"@type\":\"ImageObject\",\"url\":\"https:\\\/\\\/www.eldigitaldeasturias.com\\\/noticias\\\/wp-content\\\/uploads\\\/2017\\\/08\\\/comercio1.jpg\",\"@id\":\"https:\\\/\\\/www.eldigitaldeasturias.com\\\/noticias\\\/la-inflacion-se-reduce-dos-decimas-en-enero-de-2019-hasta-el-1\\\/#mainImage\",\"width\":800,\"height\":533},\"primaryImageOfPage\":{\"@id\":\"https:\\\/\\\/www.eldigitaldeasturias.com\\\/noticias\\\/la-inflacion-se-reduce-dos-decimas-en-enero-de-2019-hasta-el-1\\\/#mainImage\"},\"datePublished\":\"2019-02-17T18:48:03+01:00\",\"dateModified\":\"2019-02-17T18:48:03+01:00\"},{\"@type\":\"WebSite\",\"@id\":\"https:\\\/\\\/www.eldigitaldeasturias.com\\\/noticias\\\/#website\",\"url\":\"https:\\\/\\\/www.eldigitaldeasturias.com\\\/noticias\\\/\",\"name\":\"El Digital de Asturias - Diario de actualidad y noticias\",\"alternateName\":\"El Digital de Asturias - Diario de actualidad y noticias\",\"description\":\"Hemeroteca\",\"inLanguage\":\"es-ES\",\"publisher\":{\"@id\":\"https:\\\/\\\/www.eldigitaldeasturias.com\\\/noticias\\\/#organization\"}}]}\n\t\t<\/script>\n\t\t<!-- All in One SEO Pro -->\r\n\t\t<title>La inflaci\u00f3n se reduce dos d\u00e9cimas en enero de 2019, hasta el 1% - El Digital de Asturias<\/title>\n\n","aioseo_head_json":{"title":"La inflaci\u00f3n se reduce dos d\u00e9cimas en enero de 2019, hasta el 1% - El Digital de Asturias","description":"La tasa interanual del IPC general se situ\u00f3 en el 1% en enero de 2019, tras reducirse dos d\u00e9cimas, tal y como avanz\u00f3 el Instituto Nacional de Estad\u00edstica (INE) a finales del mes pasado. Esta reducci\u00f3n est\u00e1 motivada por el avance m\u00e1s contenido de los precios de todos sus principales componentes. Los precios de los","canonical_url":"https:\/\/www.eldigitaldeasturias.com\/noticias\/la-inflacion-se-reduce-dos-decimas-en-enero-de-2019-hasta-el-1\/","robots":"max-image-preview:large","keywords":"econom\u00eda","webmasterTools":{"google-site-verification":"UA-38556648-1","msvalidate.01":"7dfe9f3f1b24437ab69f4f2559babe99","miscellaneous":""},"schema":{"@context":"https:\/\/schema.org","@graph":[{"@type":"BlogPosting","@id":"https:\/\/www.eldigitaldeasturias.com\/noticias\/la-inflacion-se-reduce-dos-decimas-en-enero-de-2019-hasta-el-1\/#blogposting","name":"La inflaci\u00f3n se reduce dos d\u00e9cimas en enero de 2019, hasta el 1% - El Digital de Asturias","headline":"La inflaci\u00f3n se reduce dos d\u00e9cimas en enero de 2019, hasta el 1%","author":{"@id":"https:\/\/www.eldigitaldeasturias.com\/noticias\/author\/admin\/#author"},"publisher":{"@id":"https:\/\/www.eldigitaldeasturias.com\/noticias\/#organization"},"image":{"@type":"ImageObject","url":"https:\/\/www.eldigitaldeasturias.com\/noticias\/wp-content\/uploads\/2017\/08\/comercio1.jpg","width":800,"height":533},"datePublished":"2019-02-17T18:48:03+01:00","dateModified":"2019-02-17T18:48:03+01:00","inLanguage":"es-ES","mainEntityOfPage":{"@id":"https:\/\/www.eldigitaldeasturias.com\/noticias\/la-inflacion-se-reduce-dos-decimas-en-enero-de-2019-hasta-el-1\/#webpage"},"isPartOf":{"@id":"https:\/\/www.eldigitaldeasturias.com\/noticias\/la-inflacion-se-reduce-dos-decimas-en-enero-de-2019-hasta-el-1\/#webpage"},"articleSection":"Econom\u00eda"},{"@type":"BreadcrumbList","@id":"https:\/\/www.eldigitaldeasturias.com\/noticias\/la-inflacion-se-reduce-dos-decimas-en-enero-de-2019-hasta-el-1\/#breadcrumblist","itemListElement":[{"@type":"ListItem","@id":"https:\/\/www.eldigitaldeasturias.com\/noticias#listItem","position":1,"name":"Home","item":"https:\/\/www.eldigitaldeasturias.com\/noticias","nextItem":{"@type":"ListItem","@id":"https:\/\/www.eldigitaldeasturias.com\/noticias\/category\/economia\/#listItem","name":"Econom\u00eda"}},{"@type":"ListItem","@id":"https:\/\/www.eldigitaldeasturias.com\/noticias\/category\/economia\/#listItem","position":2,"name":"Econom\u00eda","item":"https:\/\/www.eldigitaldeasturias.com\/noticias\/category\/economia\/","nextItem":{"@type":"ListItem","@id":"https:\/\/www.eldigitaldeasturias.com\/noticias\/la-inflacion-se-reduce-dos-decimas-en-enero-de-2019-hasta-el-1\/#listItem","name":"La inflaci\u00f3n se reduce dos d\u00e9cimas en enero de 2019, hasta el 1%"},"previousItem":{"@type":"ListItem","@id":"https:\/\/www.eldigitaldeasturias.com\/noticias#listItem","name":"Home"}},{"@type":"ListItem","@id":"https:\/\/www.eldigitaldeasturias.com\/noticias\/la-inflacion-se-reduce-dos-decimas-en-enero-de-2019-hasta-el-1\/#listItem","position":3,"name":"La inflaci\u00f3n se reduce dos d\u00e9cimas en enero de 2019, hasta el 1%","previousItem":{"@type":"ListItem","@id":"https:\/\/www.eldigitaldeasturias.com\/noticias\/category\/economia\/#listItem","name":"Econom\u00eda"}}]},{"@type":"Organization","@id":"https:\/\/www.eldigitaldeasturias.com\/noticias\/#organization","name":"El Digital de Asturias","description":"Hemeroteca","url":"https:\/\/www.eldigitaldeasturias.com\/noticias\/","email":"info@eldigitaldeasturias.com","telephone":"+34652131393","logo":{"@type":"ImageObject","url":"https:\/\/www.eldigitaldeasturias.com\/noticias\/wp-content\/uploads\/2020\/12\/EDA.jpg","@id":"https:\/\/www.eldigitaldeasturias.com\/noticias\/la-inflacion-se-reduce-dos-decimas-en-enero-de-2019-hasta-el-1\/#organizationLogo","width":649,"height":297},"image":{"@id":"https:\/\/www.eldigitaldeasturias.com\/noticias\/la-inflacion-se-reduce-dos-decimas-en-enero-de-2019-hasta-el-1\/#organizationLogo"},"sameAs":["https:\/\/facebook.com\/eldigitaldeasturias","https:\/\/www.youtube.com\/channel\/UCZP-2wLEB9Rv6erhFmqVnvg"],"address":{"@id":"https:\/\/www.eldigitaldeasturias.com\/noticias\/#postaladdress","@type":"PostalAddress","streetAddress":"san antonio 4,","postalCode":"33430","addressLocality":"Cand\u00e1s","addressRegion":"Asturias","addressCountry":"ES"}},{"@type":"Person","@id":"https:\/\/www.eldigitaldeasturias.com\/noticias\/author\/admin\/#author","url":"https:\/\/www.eldigitaldeasturias.com\/noticias\/author\/admin\/","name":"El Digital de Asturias","image":{"@type":"ImageObject","@id":"https:\/\/www.eldigitaldeasturias.com\/noticias\/la-inflacion-se-reduce-dos-decimas-en-enero-de-2019-hasta-el-1\/#authorImage","url":"https:\/\/www.eldigitaldeasturias.com\/noticias\/wp-content\/litespeed\/avatar\/18677e78aa0546b92d9dbf31ec7d7668.jpg?ver=1777290358","width":96,"height":96,"caption":"El Digital de Asturias"}},{"@type":"WebPage","@id":"https:\/\/www.eldigitaldeasturias.com\/noticias\/la-inflacion-se-reduce-dos-decimas-en-enero-de-2019-hasta-el-1\/#webpage","url":"https:\/\/www.eldigitaldeasturias.com\/noticias\/la-inflacion-se-reduce-dos-decimas-en-enero-de-2019-hasta-el-1\/","name":"La inflaci\u00f3n se reduce dos d\u00e9cimas en enero de 2019, hasta el 1% - El Digital de Asturias","description":"La tasa interanual del IPC general se situ\u00f3 en el 1% en enero de 2019, tras reducirse dos d\u00e9cimas, tal y como avanz\u00f3 el Instituto Nacional de Estad\u00edstica (INE) a finales del mes pasado. Esta reducci\u00f3n est\u00e1 motivada por el avance m\u00e1s contenido de los precios de todos sus principales componentes. Los precios de los","inLanguage":"es-ES","isPartOf":{"@id":"https:\/\/www.eldigitaldeasturias.com\/noticias\/#website"},"breadcrumb":{"@id":"https:\/\/www.eldigitaldeasturias.com\/noticias\/la-inflacion-se-reduce-dos-decimas-en-enero-de-2019-hasta-el-1\/#breadcrumblist"},"author":{"@id":"https:\/\/www.eldigitaldeasturias.com\/noticias\/author\/admin\/#author"},"creator":{"@id":"https:\/\/www.eldigitaldeasturias.com\/noticias\/author\/admin\/#author"},"image":{"@type":"ImageObject","url":"https:\/\/www.eldigitaldeasturias.com\/noticias\/wp-content\/uploads\/2017\/08\/comercio1.jpg","@id":"https:\/\/www.eldigitaldeasturias.com\/noticias\/la-inflacion-se-reduce-dos-decimas-en-enero-de-2019-hasta-el-1\/#mainImage","width":800,"height":533},"primaryImageOfPage":{"@id":"https:\/\/www.eldigitaldeasturias.com\/noticias\/la-inflacion-se-reduce-dos-decimas-en-enero-de-2019-hasta-el-1\/#mainImage"},"datePublished":"2019-02-17T18:48:03+01:00","dateModified":"2019-02-17T18:48:03+01:00"},{"@type":"WebSite","@id":"https:\/\/www.eldigitaldeasturias.com\/noticias\/#website","url":"https:\/\/www.eldigitaldeasturias.com\/noticias\/","name":"El Digital de Asturias - Diario de actualidad y noticias","alternateName":"El Digital de Asturias - Diario de actualidad y noticias","description":"Hemeroteca","inLanguage":"es-ES","publisher":{"@id":"https:\/\/www.eldigitaldeasturias.com\/noticias\/#organization"}}]},"og:locale":"es_ES","og:site_name":"El Digital de Asturias","og:type":"article","og:title":"La inflaci\u00f3n se reduce dos d\u00e9cimas en enero de 2019, hasta el 1% - El Digital de Asturias","og:description":"La tasa interanual del IPC general se situ\u00f3 en el 1% en enero de 2019, tras reducirse dos d\u00e9cimas, tal y como avanz\u00f3 el Instituto Nacional de Estad\u00edstica (INE) a finales del mes pasado. Esta reducci\u00f3n est\u00e1 motivada por el avance m\u00e1s contenido de los precios de todos sus principales componentes. Los precios de los","og:url":"https:\/\/www.eldigitaldeasturias.com\/noticias\/la-inflacion-se-reduce-dos-decimas-en-enero-de-2019-hasta-el-1\/","og:image":"https:\/\/www.eldigitaldeasturias.com\/noticias\/wp-content\/uploads\/2017\/08\/comercio1.jpg","og:image:secure_url":"https:\/\/www.eldigitaldeasturias.com\/noticias\/wp-content\/uploads\/2017\/08\/comercio1.jpg","og:image:width":800,"og:image:height":533,"article:tag":["econom\u00eda"],"article:published_time":"2019-02-17T18:48:03+00:00","article:modified_time":"2019-02-17T18:48:03+00:00","article:publisher":"https:\/\/facebook.com\/eldigitaldeasturias","twitter:card":"summary_large_image","twitter:title":"La inflaci\u00f3n se reduce dos d\u00e9cimas en enero de 2019, hasta el 1% - El Digital de Asturias","twitter:description":"La tasa interanual del IPC general se situ\u00f3 en el 1% en enero de 2019, tras reducirse dos d\u00e9cimas, tal y como avanz\u00f3 el Instituto Nacional de Estad\u00edstica (INE) a finales del mes pasado. Esta reducci\u00f3n est\u00e1 motivada por el avance m\u00e1s contenido de los precios de todos sus principales componentes. Los precios de los","twitter:image":"https:\/\/www.eldigitaldeasturias.com\/noticias\/wp-content\/uploads\/2017\/08\/comercio1.jpg","twitter:label1":"Escrito por","twitter:data1":"El Digital de Asturias","twitter:label2":"Tiempo de lectura estimado","twitter:data2":"2 minutos"},"aioseo_meta_data":{"post_id":"1017395","title":null,"description":null,"keywords":null,"keyphrases":null,"primary_term":null,"canonical_url":null,"og_title":null,"og_description":null,"og_object_type":"default","og_image_type":"default","og_image_url":null,"og_image_width":null,"og_image_height":null,"og_image_custom_url":null,"og_image_custom_fields":null,"og_video":null,"og_custom_url":null,"og_article_section":null,"og_article_tags":null,"twitter_use_og":false,"twitter_card":"default","twitter_image_type":"default","twitter_image_url":null,"twitter_image_custom_url":null,"twitter_image_custom_fields":null,"twitter_title":null,"twitter_description":null,"schema":{"blockGraphs":[],"customGraphs":[],"default":{"data":{"Article":[],"Course":[],"Dataset":[],"FAQPage":[],"Movie":[],"Person":[],"Product":[],"ProductReview":[],"Car":[],"Recipe":[],"Service":[],"SoftwareApplication":[],"WebPage":[]},"graphName":"","isEnabled":true},"graphs":[],"defaultGraph":"","defaultPostTypeGraph":""},"schema_type":null,"schema_type_options":null,"pillar_content":false,"robots_default":true,"robots_noindex":false,"robots_noarchive":false,"robots_nosnippet":false,"robots_nofollow":false,"robots_noimageindex":false,"robots_noodp":false,"robots_notranslate":false,"robots_max_snippet":null,"robots_max_videopreview":null,"robots_max_imagepreview":"large","priority":null,"frequency":null,"local_seo":null,"seo_analyzer_scan_date":"2025-10-16 08:05:13","breadcrumb_settings":null,"limit_modified_date":false,"open_ai":null,"ai":null,"created":"2020-12-21 11:18:45","updated":"2025-10-16 08:05:13"},"aioseo_breadcrumb":"<div class=\"aioseo-breadcrumbs\"><span class=\"aioseo-breadcrumb\">\n\t<a href=\"https:\/\/www.eldigitaldeasturias.com\/noticias\" title=\"Home\">Home<\/a>\n<\/span><span class=\"aioseo-breadcrumb-separator\">\u2013<\/span><span class=\"aioseo-breadcrumb\">\n\t<a href=\"https:\/\/www.eldigitaldeasturias.com\/noticias\/category\/economia\/\" title=\"Econom\u00eda\">Econom\u00eda<\/a>\n<\/span><span class=\"aioseo-breadcrumb-separator\">\u2013<\/span><span class=\"aioseo-breadcrumb\">\n\t<a href=\"https:\/\/www.eldigitaldeasturias.com\/noticias\/la-inflacion-se-reduce-dos-decimas-en-enero-de-2019-hasta-el-1\/\" title=\"La inflaci\u00f3n se reduce dos d\u00e9cimas en enero de 2019, hasta el 1%\">La inflaci\u00f3n se reduce dos d\u00e9cimas en enero de 2019, hasta el 1%<\/a>\n<\/span><\/div>","aioseo_breadcrumb_json":[{"label":"Home","link":"https:\/\/www.eldigitaldeasturias.com\/noticias"},{"label":"Econom\u00eda","link":"https:\/\/www.eldigitaldeasturias.com\/noticias\/category\/economia\/"},{"label":"La inflaci\u00f3n se reduce dos d\u00e9cimas en enero de 2019, hasta el 1%","link":"https:\/\/www.eldigitaldeasturias.com\/noticias\/la-inflacion-se-reduce-dos-decimas-en-enero-de-2019-hasta-el-1\/"}],"_links":{"self":[{"href":"https:\/\/www.eldigitaldeasturias.com\/noticias\/wp-json\/wp\/v2\/posts\/1017395","targetHints":{"allow":["GET"]}}],"collection":[{"href":"https:\/\/www.eldigitaldeasturias.com\/noticias\/wp-json\/wp\/v2\/posts"}],"about":[{"href":"https:\/\/www.eldigitaldeasturias.com\/noticias\/wp-json\/wp\/v2\/types\/post"}],"author":[{"embeddable":true,"href":"https:\/\/www.eldigitaldeasturias.com\/noticias\/wp-json\/wp\/v2\/users\/1"}],"replies":[{"embeddable":true,"href":"https:\/\/www.eldigitaldeasturias.com\/noticias\/wp-json\/wp\/v2\/comments?post=1017395"}],"version-history":[{"count":0,"href":"https:\/\/www.eldigitaldeasturias.com\/noticias\/wp-json\/wp\/v2\/posts\/1017395\/revisions"}],"wp:featuredmedia":[{"embeddable":true,"href":"https:\/\/www.eldigitaldeasturias.com\/noticias\/wp-json\/wp\/v2\/media\/949526"}],"wp:attachment":[{"href":"https:\/\/www.eldigitaldeasturias.com\/noticias\/wp-json\/wp\/v2\/media?parent=1017395"}],"wp:term":[{"taxonomy":"category","embeddable":true,"href":"https:\/\/www.eldigitaldeasturias.com\/noticias\/wp-json\/wp\/v2\/categories?post=1017395"},{"taxonomy":"post_tag","embeddable":true,"href":"https:\/\/www.eldigitaldeasturias.com\/noticias\/wp-json\/wp\/v2\/tags?post=1017395"}],"curies":[{"name":"wp","href":"https:\/\/api.w.org\/{rel}","templated":true}]}}