{"id":1017272,"date":"2019-02-16T22:20:21","date_gmt":"2019-02-16T22:20:21","guid":{"rendered":"https:\/\/www.eldigitaldeasturias.com\/noticias\/?p=1017272"},"modified":"2019-02-16T22:20:21","modified_gmt":"2019-02-16T22:20:21","slug":"peter-altmaier-destaca-la-necesidad-de-ser-independiente-y-emprendedor","status":"publish","type":"post","link":"https:\/\/www.eldigitaldeasturias.com\/noticias\/peter-altmaier-destaca-la-necesidad-de-ser-independiente-y-emprendedor\/","title":{"rendered":"Peter Altmaier destaca la necesidad de ser independiente y emprendedor"},"content":{"rendered":"<p><img loading=\"lazy\" decoding=\"async\" class=\"alignleft size-medium wp-image-1013387\" src=\"https:\/\/www.eldigitaldeasturias.com\/noticias\/wp-content\/uploads\/2019\/01\/work-791218_960_720-360x240.jpg\" alt=\"\" width=\"360\" height=\"240\" srcset=\"https:\/\/www.eldigitaldeasturias.com\/noticias\/wp-content\/uploads\/2019\/01\/work-791218_960_720-360x240.jpg 360w, https:\/\/www.eldigitaldeasturias.com\/noticias\/wp-content\/uploads\/2019\/01\/work-791218_960_720-768x512.jpg 768w, https:\/\/www.eldigitaldeasturias.com\/noticias\/wp-content\/uploads\/2019\/01\/work-791218_960_720-650x433.jpg 650w, https:\/\/www.eldigitaldeasturias.com\/noticias\/wp-content\/uploads\/2019\/01\/work-791218_960_720.jpg 960w\" sizes=\"auto, (max-width: 360px) 100vw, 360px\" \/>Berl\u00edn, 16 feb (dpa) &#8211; El ministro de Econom\u00eda de Alemania, Peter Altmaier, promovi\u00f3 entre los egresados secundarios la posibilidad de estudiar un oficio ante la falta de personas cualificadas para determinadas tareas.<\/p>\n<p>\u00abMuchas veces, los j\u00f3venes no tienen mucha idea o tienen una idea err\u00f3nea acerca de formarse o trabajar en un oficio\u00bb, indic\u00f3 hoy el pol\u00edtico cristianodem\u00f3crata al diario \u00abBild\u00bb.<\/p>\n<p>Altmaier destac\u00f3 que los oficios tienen un aspecto moderno e innovador. \u00abLos sistemas de asistencia digital forman hoy en d\u00eda parte de la formaci\u00f3n de un plomero tanto como el metro plegable y las pinzas\u00bb, a\u00f1adi\u00f3.<\/p>\n<p>Adem\u00e1s, resalt\u00f3 que hoy en d\u00eda existe la posibilidad de ganar muy buen dinero con un oficio, tanto como empleado o como aut\u00f3nomo.<\/p>\n<p>A su vez, Altmaier pidi\u00f3 a los institutos de formaci\u00f3n un mayor compromiso. \u00abSer independiente y emprendedor son competencias clave que ya debemos aprender en la escuela\u00bb, dijo.<\/p>\n<p>Por su parte, Hans Peter Wollseifer, presidente de la C\u00e1mara de Artes y Oficios de Alemania (ZDH, por sus siglas en alem\u00e1n), pidi\u00f3 eliminar los obst\u00e1culos financieros. A diferencia de quienes siguen estudios superiores universitarios, quienes aprenden un oficio tienen que pagar ellos mismos su capacitaci\u00f3n profesional posterior. \u00abEsto debe cambiar\u00bb, dijo el jefe de la ZDH al diario.<\/p>\n<p>Dos tercios de los que han finalizado una formaci\u00f3n profesional se deciden luego por un estudio universitario. Si contin\u00faa esta tendencia, aumentar\u00e1 la falta de oferta de personal cualificado para ciertos oficios en Alemania, a\u00f1adi\u00f3.<\/p>\n<p>Por su parte, la ministra alemana de Educaci\u00f3n, Anja Karliczek, subray\u00f3 que son necesarias tanto las personas especializadas en oficios como los ingenieros y acad\u00e9micos.<\/p>\n","protected":false},"excerpt":{"rendered":"<p>Berl\u00edn, 16 feb (dpa) &#8211; El ministro de Econom\u00eda de Alemania, Peter Altmaier, promovi\u00f3 entre los egresados secundarios la posibilidad de estudiar un oficio ante la falta de personas cualificadas para determinadas tareas. \u00abMuchas veces, los j\u00f3venes no tienen mucha idea o tienen una idea err\u00f3nea acerca de formarse o trabajar en un oficio\u00bb, indic\u00f3 [&hellip;]<\/p>\n","protected":false},"author":1,"featured_media":1013387,"comment_status":"closed","ping_status":"closed","sticky":false,"template":"","format":"standard","meta":{"footnotes":""},"categories":[187],"tags":[],"class_list":["post-1017272","post","type-post","status-publish","format-standard","has-post-thumbnail","hentry","category-economia"],"aioseo_notices":[],"aioseo_head":"\n\t\t<!-- All in One SEO Pro 4.9.6.2 - aioseo.com -->\n\t<meta name=\"description\" content=\"Berl\u00edn, 16 feb (dpa) - El ministro de Econom\u00eda de Alemania, Peter Altmaier, promovi\u00f3 entre los egresados secundarios la posibilidad de estudiar un oficio ante la falta de personas cualificadas para determinadas tareas. &quot;Muchas veces, los j\u00f3venes no tienen mucha idea o tienen una idea err\u00f3nea acerca de formarse o trabajar en un oficio&quot;, indic\u00f3\" \/>\n\t<meta name=\"robots\" content=\"max-image-preview:large\" \/>\n\t<meta name=\"author\" content=\"El Digital de Asturias\"\/>\n\t<meta name=\"google-site-verification\" content=\"UA-38556648-1\" \/>\n\t<meta name=\"msvalidate.01\" content=\"7dfe9f3f1b24437ab69f4f2559babe99\" \/>\n\t<meta name=\"keywords\" content=\"econom\u00eda\" \/>\n\t<link rel=\"canonical\" href=\"https:\/\/www.eldigitaldeasturias.com\/noticias\/peter-altmaier-destaca-la-necesidad-de-ser-independiente-y-emprendedor\/\" \/>\n\t<meta name=\"generator\" content=\"All in One SEO Pro (AIOSEO) 4.9.6.2\" \/>\n\t\t<meta property=\"og:locale\" content=\"es_ES\" \/>\n\t\t<meta property=\"og:site_name\" content=\"El Digital de Asturias\" \/>\n\t\t<meta property=\"og:type\" content=\"article\" \/>\n\t\t<meta property=\"og:title\" content=\"Peter Altmaier destaca la necesidad de ser independiente y emprendedor - El Digital de Asturias\" \/>\n\t\t<meta property=\"og:description\" content=\"Berl\u00edn, 16 feb (dpa) - El ministro de Econom\u00eda de Alemania, Peter Altmaier, promovi\u00f3 entre los egresados secundarios la posibilidad de estudiar un oficio ante la falta de personas cualificadas para determinadas tareas. &quot;Muchas veces, los j\u00f3venes no tienen mucha idea o tienen una idea err\u00f3nea acerca de formarse o trabajar en un oficio&quot;, indic\u00f3\" \/>\n\t\t<meta property=\"og:url\" content=\"https:\/\/www.eldigitaldeasturias.com\/noticias\/peter-altmaier-destaca-la-necesidad-de-ser-independiente-y-emprendedor\/\" \/>\n\t\t<meta property=\"og:image\" content=\"https:\/\/www.eldigitaldeasturias.com\/noticias\/wp-content\/uploads\/2019\/01\/work-791218_960_720.jpg\" \/>\n\t\t<meta property=\"og:image:secure_url\" content=\"https:\/\/www.eldigitaldeasturias.com\/noticias\/wp-content\/uploads\/2019\/01\/work-791218_960_720.jpg\" \/>\n\t\t<meta property=\"og:image:width\" content=\"960\" \/>\n\t\t<meta property=\"og:image:height\" content=\"640\" \/>\n\t\t<meta property=\"article:tag\" content=\"econom\u00eda\" \/>\n\t\t<meta property=\"article:published_time\" content=\"2019-02-16T22:20:21+00:00\" \/>\n\t\t<meta property=\"article:modified_time\" content=\"2019-02-16T22:20:21+00:00\" \/>\n\t\t<meta property=\"article:publisher\" content=\"https:\/\/facebook.com\/eldigitaldeasturias\" \/>\n\t\t<meta name=\"twitter:card\" content=\"summary_large_image\" \/>\n\t\t<meta name=\"twitter:title\" content=\"Peter Altmaier destaca la necesidad de ser independiente y emprendedor - El Digital de Asturias\" \/>\n\t\t<meta name=\"twitter:description\" content=\"Berl\u00edn, 16 feb (dpa) - El ministro de Econom\u00eda de Alemania, Peter Altmaier, promovi\u00f3 entre los egresados secundarios la posibilidad de estudiar un oficio ante la falta de personas cualificadas para determinadas tareas. &quot;Muchas veces, los j\u00f3venes no tienen mucha idea o tienen una idea err\u00f3nea acerca de formarse o trabajar en un oficio&quot;, indic\u00f3\" \/>\n\t\t<meta name=\"twitter:image\" content=\"https:\/\/www.eldigitaldeasturias.com\/noticias\/wp-content\/uploads\/2019\/01\/work-791218_960_720.jpg\" \/>\n\t\t<meta name=\"twitter:label1\" content=\"Escrito por\" \/>\n\t\t<meta name=\"twitter:data1\" content=\"El Digital de Asturias\" \/>\n\t\t<meta name=\"twitter:label2\" content=\"Tiempo de lectura estimado\" \/>\n\t\t<meta name=\"twitter:data2\" content=\"1 minuto\" \/>\n\t\t<script type=\"application\/ld+json\" class=\"aioseo-schema\">\n\t\t\t{\"@context\":\"https:\\\/\\\/schema.org\",\"@graph\":[{\"@type\":\"BlogPosting\",\"@id\":\"https:\\\/\\\/www.eldigitaldeasturias.com\\\/noticias\\\/peter-altmaier-destaca-la-necesidad-de-ser-independiente-y-emprendedor\\\/#blogposting\",\"name\":\"Peter Altmaier destaca la necesidad de ser independiente y emprendedor - El Digital de Asturias\",\"headline\":\"Peter Altmaier destaca la necesidad de ser independiente y emprendedor\",\"author\":{\"@id\":\"https:\\\/\\\/www.eldigitaldeasturias.com\\\/noticias\\\/author\\\/admin\\\/#author\"},\"publisher\":{\"@id\":\"https:\\\/\\\/www.eldigitaldeasturias.com\\\/noticias\\\/#organization\"},\"image\":{\"@type\":\"ImageObject\",\"url\":\"https:\\\/\\\/www.eldigitaldeasturias.com\\\/noticias\\\/wp-content\\\/uploads\\\/2019\\\/01\\\/work-791218_960_720.jpg\",\"width\":960,\"height\":640,\"caption\":\"Empleo\"},\"datePublished\":\"2019-02-16T22:20:21+01:00\",\"dateModified\":\"2019-02-16T22:20:21+01:00\",\"inLanguage\":\"es-ES\",\"mainEntityOfPage\":{\"@id\":\"https:\\\/\\\/www.eldigitaldeasturias.com\\\/noticias\\\/peter-altmaier-destaca-la-necesidad-de-ser-independiente-y-emprendedor\\\/#webpage\"},\"isPartOf\":{\"@id\":\"https:\\\/\\\/www.eldigitaldeasturias.com\\\/noticias\\\/peter-altmaier-destaca-la-necesidad-de-ser-independiente-y-emprendedor\\\/#webpage\"},\"articleSection\":\"Econom\\u00eda\"},{\"@type\":\"BreadcrumbList\",\"@id\":\"https:\\\/\\\/www.eldigitaldeasturias.com\\\/noticias\\\/peter-altmaier-destaca-la-necesidad-de-ser-independiente-y-emprendedor\\\/#breadcrumblist\",\"itemListElement\":[{\"@type\":\"ListItem\",\"@id\":\"https:\\\/\\\/www.eldigitaldeasturias.com\\\/noticias#listItem\",\"position\":1,\"name\":\"Home\",\"item\":\"https:\\\/\\\/www.eldigitaldeasturias.com\\\/noticias\",\"nextItem\":{\"@type\":\"ListItem\",\"@id\":\"https:\\\/\\\/www.eldigitaldeasturias.com\\\/noticias\\\/category\\\/economia\\\/#listItem\",\"name\":\"Econom\\u00eda\"}},{\"@type\":\"ListItem\",\"@id\":\"https:\\\/\\\/www.eldigitaldeasturias.com\\\/noticias\\\/category\\\/economia\\\/#listItem\",\"position\":2,\"name\":\"Econom\\u00eda\",\"item\":\"https:\\\/\\\/www.eldigitaldeasturias.com\\\/noticias\\\/category\\\/economia\\\/\",\"nextItem\":{\"@type\":\"ListItem\",\"@id\":\"https:\\\/\\\/www.eldigitaldeasturias.com\\\/noticias\\\/peter-altmaier-destaca-la-necesidad-de-ser-independiente-y-emprendedor\\\/#listItem\",\"name\":\"Peter Altmaier destaca la necesidad de ser independiente y emprendedor\"},\"previousItem\":{\"@type\":\"ListItem\",\"@id\":\"https:\\\/\\\/www.eldigitaldeasturias.com\\\/noticias#listItem\",\"name\":\"Home\"}},{\"@type\":\"ListItem\",\"@id\":\"https:\\\/\\\/www.eldigitaldeasturias.com\\\/noticias\\\/peter-altmaier-destaca-la-necesidad-de-ser-independiente-y-emprendedor\\\/#listItem\",\"position\":3,\"name\":\"Peter Altmaier destaca la necesidad de ser independiente y emprendedor\",\"previousItem\":{\"@type\":\"ListItem\",\"@id\":\"https:\\\/\\\/www.eldigitaldeasturias.com\\\/noticias\\\/category\\\/economia\\\/#listItem\",\"name\":\"Econom\\u00eda\"}}]},{\"@type\":\"Organization\",\"@id\":\"https:\\\/\\\/www.eldigitaldeasturias.com\\\/noticias\\\/#organization\",\"name\":\"El Digital de Asturias\",\"description\":\"Hemeroteca\",\"url\":\"https:\\\/\\\/www.eldigitaldeasturias.com\\\/noticias\\\/\",\"email\":\"info@eldigitaldeasturias.com\",\"telephone\":\"+34652131393\",\"logo\":{\"@type\":\"ImageObject\",\"url\":\"https:\\\/\\\/www.eldigitaldeasturias.com\\\/noticias\\\/wp-content\\\/uploads\\\/2020\\\/12\\\/EDA.jpg\",\"@id\":\"https:\\\/\\\/www.eldigitaldeasturias.com\\\/noticias\\\/peter-altmaier-destaca-la-necesidad-de-ser-independiente-y-emprendedor\\\/#organizationLogo\",\"width\":649,\"height\":297},\"image\":{\"@id\":\"https:\\\/\\\/www.eldigitaldeasturias.com\\\/noticias\\\/peter-altmaier-destaca-la-necesidad-de-ser-independiente-y-emprendedor\\\/#organizationLogo\"},\"sameAs\":[\"https:\\\/\\\/facebook.com\\\/eldigitaldeasturias\",\"https:\\\/\\\/www.youtube.com\\\/channel\\\/UCZP-2wLEB9Rv6erhFmqVnvg\"],\"address\":{\"@id\":\"https:\\\/\\\/www.eldigitaldeasturias.com\\\/noticias\\\/#postaladdress\",\"@type\":\"PostalAddress\",\"streetAddress\":\"san antonio 4,\",\"postalCode\":\"33430\",\"addressLocality\":\"Cand\\u00e1s\",\"addressRegion\":\"Asturias\",\"addressCountry\":\"ES\"}},{\"@type\":\"Person\",\"@id\":\"https:\\\/\\\/www.eldigitaldeasturias.com\\\/noticias\\\/author\\\/admin\\\/#author\",\"url\":\"https:\\\/\\\/www.eldigitaldeasturias.com\\\/noticias\\\/author\\\/admin\\\/\",\"name\":\"El Digital de Asturias\",\"image\":{\"@type\":\"ImageObject\",\"@id\":\"https:\\\/\\\/www.eldigitaldeasturias.com\\\/noticias\\\/peter-altmaier-destaca-la-necesidad-de-ser-independiente-y-emprendedor\\\/#authorImage\",\"url\":\"https:\\\/\\\/www.eldigitaldeasturias.com\\\/noticias\\\/wp-content\\\/litespeed\\\/avatar\\\/18677e78aa0546b92d9dbf31ec7d7668.jpg?ver=1777290358\",\"width\":96,\"height\":96,\"caption\":\"El Digital de Asturias\"}},{\"@type\":\"WebPage\",\"@id\":\"https:\\\/\\\/www.eldigitaldeasturias.com\\\/noticias\\\/peter-altmaier-destaca-la-necesidad-de-ser-independiente-y-emprendedor\\\/#webpage\",\"url\":\"https:\\\/\\\/www.eldigitaldeasturias.com\\\/noticias\\\/peter-altmaier-destaca-la-necesidad-de-ser-independiente-y-emprendedor\\\/\",\"name\":\"Peter Altmaier destaca la necesidad de ser independiente y emprendedor - El Digital de Asturias\",\"description\":\"Berl\\u00edn, 16 feb (dpa) - El ministro de Econom\\u00eda de Alemania, Peter Altmaier, promovi\\u00f3 entre los egresados secundarios la posibilidad de estudiar un oficio ante la falta de personas cualificadas para determinadas tareas. \\\"Muchas veces, los j\\u00f3venes no tienen mucha idea o tienen una idea err\\u00f3nea acerca de formarse o trabajar en un oficio\\\", indic\\u00f3\",\"inLanguage\":\"es-ES\",\"isPartOf\":{\"@id\":\"https:\\\/\\\/www.eldigitaldeasturias.com\\\/noticias\\\/#website\"},\"breadcrumb\":{\"@id\":\"https:\\\/\\\/www.eldigitaldeasturias.com\\\/noticias\\\/peter-altmaier-destaca-la-necesidad-de-ser-independiente-y-emprendedor\\\/#breadcrumblist\"},\"author\":{\"@id\":\"https:\\\/\\\/www.eldigitaldeasturias.com\\\/noticias\\\/author\\\/admin\\\/#author\"},\"creator\":{\"@id\":\"https:\\\/\\\/www.eldigitaldeasturias.com\\\/noticias\\\/author\\\/admin\\\/#author\"},\"image\":{\"@type\":\"ImageObject\",\"url\":\"https:\\\/\\\/www.eldigitaldeasturias.com\\\/noticias\\\/wp-content\\\/uploads\\\/2019\\\/01\\\/work-791218_960_720.jpg\",\"@id\":\"https:\\\/\\\/www.eldigitaldeasturias.com\\\/noticias\\\/peter-altmaier-destaca-la-necesidad-de-ser-independiente-y-emprendedor\\\/#mainImage\",\"width\":960,\"height\":640,\"caption\":\"Empleo\"},\"primaryImageOfPage\":{\"@id\":\"https:\\\/\\\/www.eldigitaldeasturias.com\\\/noticias\\\/peter-altmaier-destaca-la-necesidad-de-ser-independiente-y-emprendedor\\\/#mainImage\"},\"datePublished\":\"2019-02-16T22:20:21+01:00\",\"dateModified\":\"2019-02-16T22:20:21+01:00\"},{\"@type\":\"WebSite\",\"@id\":\"https:\\\/\\\/www.eldigitaldeasturias.com\\\/noticias\\\/#website\",\"url\":\"https:\\\/\\\/www.eldigitaldeasturias.com\\\/noticias\\\/\",\"name\":\"El Digital de Asturias - Diario de actualidad y noticias\",\"alternateName\":\"El Digital de Asturias - Diario de actualidad y noticias\",\"description\":\"Hemeroteca\",\"inLanguage\":\"es-ES\",\"publisher\":{\"@id\":\"https:\\\/\\\/www.eldigitaldeasturias.com\\\/noticias\\\/#organization\"}}]}\n\t\t<\/script>\n\t\t<!-- All in One SEO Pro -->\r\n\t\t<title>Peter Altmaier destaca la necesidad de ser independiente y emprendedor - El Digital de Asturias<\/title>\n\n","aioseo_head_json":{"title":"Peter Altmaier destaca la necesidad de ser independiente y emprendedor - El Digital de Asturias","description":"Berl\u00edn, 16 feb (dpa) - El ministro de Econom\u00eda de Alemania, Peter Altmaier, promovi\u00f3 entre los egresados secundarios la posibilidad de estudiar un oficio ante la falta de personas cualificadas para determinadas tareas. \"Muchas veces, los j\u00f3venes no tienen mucha idea o tienen una idea err\u00f3nea acerca de formarse o trabajar en un oficio\", indic\u00f3","canonical_url":"https:\/\/www.eldigitaldeasturias.com\/noticias\/peter-altmaier-destaca-la-necesidad-de-ser-independiente-y-emprendedor\/","robots":"max-image-preview:large","keywords":"econom\u00eda","webmasterTools":{"google-site-verification":"UA-38556648-1","msvalidate.01":"7dfe9f3f1b24437ab69f4f2559babe99","miscellaneous":""},"schema":{"@context":"https:\/\/schema.org","@graph":[{"@type":"BlogPosting","@id":"https:\/\/www.eldigitaldeasturias.com\/noticias\/peter-altmaier-destaca-la-necesidad-de-ser-independiente-y-emprendedor\/#blogposting","name":"Peter Altmaier destaca la necesidad de ser independiente y emprendedor - El Digital de Asturias","headline":"Peter Altmaier destaca la necesidad de ser independiente y emprendedor","author":{"@id":"https:\/\/www.eldigitaldeasturias.com\/noticias\/author\/admin\/#author"},"publisher":{"@id":"https:\/\/www.eldigitaldeasturias.com\/noticias\/#organization"},"image":{"@type":"ImageObject","url":"https:\/\/www.eldigitaldeasturias.com\/noticias\/wp-content\/uploads\/2019\/01\/work-791218_960_720.jpg","width":960,"height":640,"caption":"Empleo"},"datePublished":"2019-02-16T22:20:21+01:00","dateModified":"2019-02-16T22:20:21+01:00","inLanguage":"es-ES","mainEntityOfPage":{"@id":"https:\/\/www.eldigitaldeasturias.com\/noticias\/peter-altmaier-destaca-la-necesidad-de-ser-independiente-y-emprendedor\/#webpage"},"isPartOf":{"@id":"https:\/\/www.eldigitaldeasturias.com\/noticias\/peter-altmaier-destaca-la-necesidad-de-ser-independiente-y-emprendedor\/#webpage"},"articleSection":"Econom\u00eda"},{"@type":"BreadcrumbList","@id":"https:\/\/www.eldigitaldeasturias.com\/noticias\/peter-altmaier-destaca-la-necesidad-de-ser-independiente-y-emprendedor\/#breadcrumblist","itemListElement":[{"@type":"ListItem","@id":"https:\/\/www.eldigitaldeasturias.com\/noticias#listItem","position":1,"name":"Home","item":"https:\/\/www.eldigitaldeasturias.com\/noticias","nextItem":{"@type":"ListItem","@id":"https:\/\/www.eldigitaldeasturias.com\/noticias\/category\/economia\/#listItem","name":"Econom\u00eda"}},{"@type":"ListItem","@id":"https:\/\/www.eldigitaldeasturias.com\/noticias\/category\/economia\/#listItem","position":2,"name":"Econom\u00eda","item":"https:\/\/www.eldigitaldeasturias.com\/noticias\/category\/economia\/","nextItem":{"@type":"ListItem","@id":"https:\/\/www.eldigitaldeasturias.com\/noticias\/peter-altmaier-destaca-la-necesidad-de-ser-independiente-y-emprendedor\/#listItem","name":"Peter Altmaier destaca la necesidad de ser independiente y emprendedor"},"previousItem":{"@type":"ListItem","@id":"https:\/\/www.eldigitaldeasturias.com\/noticias#listItem","name":"Home"}},{"@type":"ListItem","@id":"https:\/\/www.eldigitaldeasturias.com\/noticias\/peter-altmaier-destaca-la-necesidad-de-ser-independiente-y-emprendedor\/#listItem","position":3,"name":"Peter Altmaier destaca la necesidad de ser independiente y emprendedor","previousItem":{"@type":"ListItem","@id":"https:\/\/www.eldigitaldeasturias.com\/noticias\/category\/economia\/#listItem","name":"Econom\u00eda"}}]},{"@type":"Organization","@id":"https:\/\/www.eldigitaldeasturias.com\/noticias\/#organization","name":"El Digital de Asturias","description":"Hemeroteca","url":"https:\/\/www.eldigitaldeasturias.com\/noticias\/","email":"info@eldigitaldeasturias.com","telephone":"+34652131393","logo":{"@type":"ImageObject","url":"https:\/\/www.eldigitaldeasturias.com\/noticias\/wp-content\/uploads\/2020\/12\/EDA.jpg","@id":"https:\/\/www.eldigitaldeasturias.com\/noticias\/peter-altmaier-destaca-la-necesidad-de-ser-independiente-y-emprendedor\/#organizationLogo","width":649,"height":297},"image":{"@id":"https:\/\/www.eldigitaldeasturias.com\/noticias\/peter-altmaier-destaca-la-necesidad-de-ser-independiente-y-emprendedor\/#organizationLogo"},"sameAs":["https:\/\/facebook.com\/eldigitaldeasturias","https:\/\/www.youtube.com\/channel\/UCZP-2wLEB9Rv6erhFmqVnvg"],"address":{"@id":"https:\/\/www.eldigitaldeasturias.com\/noticias\/#postaladdress","@type":"PostalAddress","streetAddress":"san antonio 4,","postalCode":"33430","addressLocality":"Cand\u00e1s","addressRegion":"Asturias","addressCountry":"ES"}},{"@type":"Person","@id":"https:\/\/www.eldigitaldeasturias.com\/noticias\/author\/admin\/#author","url":"https:\/\/www.eldigitaldeasturias.com\/noticias\/author\/admin\/","name":"El Digital de Asturias","image":{"@type":"ImageObject","@id":"https:\/\/www.eldigitaldeasturias.com\/noticias\/peter-altmaier-destaca-la-necesidad-de-ser-independiente-y-emprendedor\/#authorImage","url":"https:\/\/www.eldigitaldeasturias.com\/noticias\/wp-content\/litespeed\/avatar\/18677e78aa0546b92d9dbf31ec7d7668.jpg?ver=1777290358","width":96,"height":96,"caption":"El Digital de Asturias"}},{"@type":"WebPage","@id":"https:\/\/www.eldigitaldeasturias.com\/noticias\/peter-altmaier-destaca-la-necesidad-de-ser-independiente-y-emprendedor\/#webpage","url":"https:\/\/www.eldigitaldeasturias.com\/noticias\/peter-altmaier-destaca-la-necesidad-de-ser-independiente-y-emprendedor\/","name":"Peter Altmaier destaca la necesidad de ser independiente y emprendedor - El Digital de Asturias","description":"Berl\u00edn, 16 feb (dpa) - El ministro de Econom\u00eda de Alemania, Peter Altmaier, promovi\u00f3 entre los egresados secundarios la posibilidad de estudiar un oficio ante la falta de personas cualificadas para determinadas tareas. \"Muchas veces, los j\u00f3venes no tienen mucha idea o tienen una idea err\u00f3nea acerca de formarse o trabajar en un oficio\", indic\u00f3","inLanguage":"es-ES","isPartOf":{"@id":"https:\/\/www.eldigitaldeasturias.com\/noticias\/#website"},"breadcrumb":{"@id":"https:\/\/www.eldigitaldeasturias.com\/noticias\/peter-altmaier-destaca-la-necesidad-de-ser-independiente-y-emprendedor\/#breadcrumblist"},"author":{"@id":"https:\/\/www.eldigitaldeasturias.com\/noticias\/author\/admin\/#author"},"creator":{"@id":"https:\/\/www.eldigitaldeasturias.com\/noticias\/author\/admin\/#author"},"image":{"@type":"ImageObject","url":"https:\/\/www.eldigitaldeasturias.com\/noticias\/wp-content\/uploads\/2019\/01\/work-791218_960_720.jpg","@id":"https:\/\/www.eldigitaldeasturias.com\/noticias\/peter-altmaier-destaca-la-necesidad-de-ser-independiente-y-emprendedor\/#mainImage","width":960,"height":640,"caption":"Empleo"},"primaryImageOfPage":{"@id":"https:\/\/www.eldigitaldeasturias.com\/noticias\/peter-altmaier-destaca-la-necesidad-de-ser-independiente-y-emprendedor\/#mainImage"},"datePublished":"2019-02-16T22:20:21+01:00","dateModified":"2019-02-16T22:20:21+01:00"},{"@type":"WebSite","@id":"https:\/\/www.eldigitaldeasturias.com\/noticias\/#website","url":"https:\/\/www.eldigitaldeasturias.com\/noticias\/","name":"El Digital de Asturias - Diario de actualidad y noticias","alternateName":"El Digital de Asturias - Diario de actualidad y noticias","description":"Hemeroteca","inLanguage":"es-ES","publisher":{"@id":"https:\/\/www.eldigitaldeasturias.com\/noticias\/#organization"}}]},"og:locale":"es_ES","og:site_name":"El Digital de Asturias","og:type":"article","og:title":"Peter Altmaier destaca la necesidad de ser independiente y emprendedor - El Digital de Asturias","og:description":"Berl\u00edn, 16 feb (dpa) - El ministro de Econom\u00eda de Alemania, Peter Altmaier, promovi\u00f3 entre los egresados secundarios la posibilidad de estudiar un oficio ante la falta de personas cualificadas para determinadas tareas. &quot;Muchas veces, los j\u00f3venes no tienen mucha idea o tienen una idea err\u00f3nea acerca de formarse o trabajar en un oficio&quot;, indic\u00f3","og:url":"https:\/\/www.eldigitaldeasturias.com\/noticias\/peter-altmaier-destaca-la-necesidad-de-ser-independiente-y-emprendedor\/","og:image":"https:\/\/www.eldigitaldeasturias.com\/noticias\/wp-content\/uploads\/2019\/01\/work-791218_960_720.jpg","og:image:secure_url":"https:\/\/www.eldigitaldeasturias.com\/noticias\/wp-content\/uploads\/2019\/01\/work-791218_960_720.jpg","og:image:width":960,"og:image:height":640,"article:tag":["econom\u00eda"],"article:published_time":"2019-02-16T22:20:21+00:00","article:modified_time":"2019-02-16T22:20:21+00:00","article:publisher":"https:\/\/facebook.com\/eldigitaldeasturias","twitter:card":"summary_large_image","twitter:title":"Peter Altmaier destaca la necesidad de ser independiente y emprendedor - El Digital de Asturias","twitter:description":"Berl\u00edn, 16 feb (dpa) - El ministro de Econom\u00eda de Alemania, Peter Altmaier, promovi\u00f3 entre los egresados secundarios la posibilidad de estudiar un oficio ante la falta de personas cualificadas para determinadas tareas. &quot;Muchas veces, los j\u00f3venes no tienen mucha idea o tienen una idea err\u00f3nea acerca de formarse o trabajar en un oficio&quot;, indic\u00f3","twitter:image":"https:\/\/www.eldigitaldeasturias.com\/noticias\/wp-content\/uploads\/2019\/01\/work-791218_960_720.jpg","twitter:label1":"Escrito por","twitter:data1":"El Digital de Asturias","twitter:label2":"Tiempo de lectura estimado","twitter:data2":"1 minuto"},"aioseo_meta_data":{"post_id":"1017272","title":null,"description":null,"keywords":null,"keyphrases":null,"primary_term":null,"canonical_url":null,"og_title":null,"og_description":null,"og_object_type":"default","og_image_type":"default","og_image_url":null,"og_image_width":null,"og_image_height":null,"og_image_custom_url":null,"og_image_custom_fields":null,"og_video":null,"og_custom_url":null,"og_article_section":null,"og_article_tags":null,"twitter_use_og":false,"twitter_card":"default","twitter_image_type":"default","twitter_image_url":null,"twitter_image_custom_url":null,"twitter_image_custom_fields":null,"twitter_title":null,"twitter_description":null,"schema":{"blockGraphs":[],"customGraphs":[],"default":{"data":{"Article":[],"Course":[],"Dataset":[],"FAQPage":[],"Movie":[],"Person":[],"Product":[],"ProductReview":[],"Car":[],"Recipe":[],"Service":[],"SoftwareApplication":[],"WebPage":[]},"graphName":"","isEnabled":true},"graphs":[],"defaultGraph":"","defaultPostTypeGraph":""},"schema_type":null,"schema_type_options":null,"pillar_content":false,"robots_default":true,"robots_noindex":false,"robots_noarchive":false,"robots_nosnippet":false,"robots_nofollow":false,"robots_noimageindex":false,"robots_noodp":false,"robots_notranslate":false,"robots_max_snippet":null,"robots_max_videopreview":null,"robots_max_imagepreview":"large","priority":null,"frequency":null,"local_seo":null,"seo_analyzer_scan_date":"2025-10-16 07:23:08","breadcrumb_settings":null,"limit_modified_date":false,"open_ai":null,"ai":null,"created":"2020-12-21 11:18:53","updated":"2025-10-16 07:23:08"},"aioseo_breadcrumb":"<div class=\"aioseo-breadcrumbs\"><span class=\"aioseo-breadcrumb\">\n\t<a href=\"https:\/\/www.eldigitaldeasturias.com\/noticias\" title=\"Home\">Home<\/a>\n<\/span><span class=\"aioseo-breadcrumb-separator\">\u2013<\/span><span class=\"aioseo-breadcrumb\">\n\t<a href=\"https:\/\/www.eldigitaldeasturias.com\/noticias\/category\/economia\/\" title=\"Econom\u00eda\">Econom\u00eda<\/a>\n<\/span><span class=\"aioseo-breadcrumb-separator\">\u2013<\/span><span class=\"aioseo-breadcrumb\">\n\t<a href=\"https:\/\/www.eldigitaldeasturias.com\/noticias\/peter-altmaier-destaca-la-necesidad-de-ser-independiente-y-emprendedor\/\" title=\"Peter Altmaier destaca la necesidad de ser independiente y emprendedor\">Peter Altmaier destaca la necesidad de ser independiente y emprendedor<\/a>\n<\/span><\/div>","aioseo_breadcrumb_json":[{"label":"Home","link":"https:\/\/www.eldigitaldeasturias.com\/noticias"},{"label":"Econom\u00eda","link":"https:\/\/www.eldigitaldeasturias.com\/noticias\/category\/economia\/"},{"label":"Peter Altmaier destaca la necesidad de ser independiente y emprendedor","link":"https:\/\/www.eldigitaldeasturias.com\/noticias\/peter-altmaier-destaca-la-necesidad-de-ser-independiente-y-emprendedor\/"}],"_links":{"self":[{"href":"https:\/\/www.eldigitaldeasturias.com\/noticias\/wp-json\/wp\/v2\/posts\/1017272","targetHints":{"allow":["GET"]}}],"collection":[{"href":"https:\/\/www.eldigitaldeasturias.com\/noticias\/wp-json\/wp\/v2\/posts"}],"about":[{"href":"https:\/\/www.eldigitaldeasturias.com\/noticias\/wp-json\/wp\/v2\/types\/post"}],"author":[{"embeddable":true,"href":"https:\/\/www.eldigitaldeasturias.com\/noticias\/wp-json\/wp\/v2\/users\/1"}],"replies":[{"embeddable":true,"href":"https:\/\/www.eldigitaldeasturias.com\/noticias\/wp-json\/wp\/v2\/comments?post=1017272"}],"version-history":[{"count":0,"href":"https:\/\/www.eldigitaldeasturias.com\/noticias\/wp-json\/wp\/v2\/posts\/1017272\/revisions"}],"wp:featuredmedia":[{"embeddable":true,"href":"https:\/\/www.eldigitaldeasturias.com\/noticias\/wp-json\/wp\/v2\/media\/1013387"}],"wp:attachment":[{"href":"https:\/\/www.eldigitaldeasturias.com\/noticias\/wp-json\/wp\/v2\/media?parent=1017272"}],"wp:term":[{"taxonomy":"category","embeddable":true,"href":"https:\/\/www.eldigitaldeasturias.com\/noticias\/wp-json\/wp\/v2\/categories?post=1017272"},{"taxonomy":"post_tag","embeddable":true,"href":"https:\/\/www.eldigitaldeasturias.com\/noticias\/wp-json\/wp\/v2\/tags?post=1017272"}],"curies":[{"name":"wp","href":"https:\/\/api.w.org\/{rel}","templated":true}]}}