{"id":1017094,"date":"2019-02-15T10:18:34","date_gmt":"2019-02-15T10:18:34","guid":{"rendered":"https:\/\/www.eldigitaldeasturias.com\/noticias\/?p=1017094"},"modified":"2019-02-15T10:18:34","modified_gmt":"2019-02-15T10:18:34","slug":"diez-empresas-asturianas-participan-en-la-mision-comercial-organizada-por-asturex-a-colombia","status":"publish","type":"post","link":"https:\/\/www.eldigitaldeasturias.com\/noticias\/diez-empresas-asturianas-participan-en-la-mision-comercial-organizada-por-asturex-a-colombia\/","title":{"rendered":"Diez empresas asturianas participan en la misi\u00f3n comercial organizada por ASTUREX a Colombia"},"content":{"rendered":"<p><img loading=\"lazy\" decoding=\"async\" class=\"alignleft size-medium wp-image-971593\" src=\"https:\/\/www.eldigitaldeasturias.com\/noticias\/wp-content\/uploads\/2018\/03\/bogota-2453628_1280-360x240.jpg\" alt=\"\" width=\"360\" height=\"240\" srcset=\"https:\/\/www.eldigitaldeasturias.com\/noticias\/wp-content\/uploads\/2018\/03\/bogota-2453628_1280-360x240.jpg 360w, https:\/\/www.eldigitaldeasturias.com\/noticias\/wp-content\/uploads\/2018\/03\/bogota-2453628_1280-450x300.jpg 450w, https:\/\/www.eldigitaldeasturias.com\/noticias\/wp-content\/uploads\/2018\/03\/bogota-2453628_1280-768x512.jpg 768w, https:\/\/www.eldigitaldeasturias.com\/noticias\/wp-content\/uploads\/2018\/03\/bogota-2453628_1280-690x460.jpg 690w, https:\/\/www.eldigitaldeasturias.com\/noticias\/wp-content\/uploads\/2018\/03\/bogota-2453628_1280-1024x682.jpg 1024w, https:\/\/www.eldigitaldeasturias.com\/noticias\/wp-content\/uploads\/2018\/03\/bogota-2453628_1280-20x13.jpg 20w, https:\/\/www.eldigitaldeasturias.com\/noticias\/wp-content\/uploads\/2018\/03\/bogota-2453628_1280.jpg 1280w\" sizes=\"auto, (max-width: 360px) 100vw, 360px\" \/>Diez empresas asturianas participan en la misi\u00f3n comercial multisectorial a Colombia organizada del 18 al 21 de febrero, por la Sociedad de Promoci\u00f3n Exterior Principado de Asturias (ASTUREX) con el objetivo de promocionar sus productos y servicios en este mercado.<\/p>\n<p>Durante la misi\u00f3n, las empresas: AISLAMIENTOS SUAVAL, S.A., ALLGAIER MOGENSEN, S.A.U., ARTLUX EUROPA SL, DANA SOFTWARE, S.L., DYFTEC, S.L., HIERROS Y CARBONES SA, MALVADO SOUND LAB, S.L., PROCINSA ENERGIAS RENOVABLES S.L., SERESCO, S.A. y TALLERES ZITRON, S.A. mantendr\u00e1n agendas de reuniones individualizadas con empresas e instituciones, con el objetivo de detectar oportunidades, establecer o reforzar contactos y ampliar actividades comerciales ya iniciadas en este mercado.<\/p>\n<p><strong>Oportunidades en Colombia<\/strong><\/p>\n<p>Con 49 millones de habitantes, Colombia tiene un tama\u00f1o de mercado potencial grande pues es la tercera poblaci\u00f3n m\u00e1s numerosa de Latinoam\u00e9rica.<\/p>\n<p>En los pr\u00f3ximos 5 a\u00f1os, el sector de la construcci\u00f3n y metalmec\u00e1nico crecer\u00e1n a un promedio de 5%, ubic\u00e1ndose como uno de los sectores que conducir\u00e1n el crecimiento del pa\u00eds.<\/p>\n<p>Entre los sectores m\u00e1s atractivos para la inversi\u00f3n extranjera destaca sobre todo el de infraestructuras, con importantes inversiones previstas por parte del Gobierno del pa\u00eds para el desarrollo de diversos proyectos.<\/p>\n<p>Tambi\u00e9n la exportaci\u00f3n de servicios de ingenier\u00eda y todo lo relacionado con sectores afines a infraestructuras; los bienes de equipo y tecnol\u00f3gicos para la industria local; los productos agroalimentarios y de consumo orientados a la clase media.<\/p>\n<p>Otro cap\u00edtulo importante es el de las energ\u00edas renovables, donde el gobierno colombiano est\u00e1 haciendo un importante esfuerzo en aumentar su capacidad de generaci\u00f3n el\u00e9ctrica a trav\u00e9s de energ\u00edas limpias.<\/p>\n","protected":false},"excerpt":{"rendered":"<p>Diez empresas asturianas participan en la misi\u00f3n comercial multisectorial a Colombia organizada del 18 al 21 de febrero, por la Sociedad de Promoci\u00f3n Exterior Principado de Asturias (ASTUREX) con el objetivo de promocionar sus productos y servicios en este mercado. Durante la misi\u00f3n, las empresas: AISLAMIENTOS SUAVAL, S.A., ALLGAIER MOGENSEN, S.A.U., ARTLUX EUROPA SL, DANA [&hellip;]<\/p>\n","protected":false},"author":1,"featured_media":971593,"comment_status":"closed","ping_status":"closed","sticky":false,"template":"","format":"standard","meta":{"footnotes":""},"categories":[187],"tags":[],"class_list":["post-1017094","post","type-post","status-publish","format-standard","has-post-thumbnail","hentry","category-economia"],"aioseo_notices":[],"aioseo_head":"\n\t\t<!-- All in One SEO Pro 4.9.6.2 - aioseo.com -->\n\t<meta name=\"description\" content=\"Diez empresas asturianas participan en la misi\u00f3n comercial multisectorial a Colombia organizada del 18 al 21 de febrero, por la Sociedad de Promoci\u00f3n Exterior Principado de Asturias (ASTUREX) con el objetivo de promocionar sus productos y servicios en este mercado. Durante la misi\u00f3n, las empresas: AISLAMIENTOS SUAVAL, S.A., ALLGAIER MOGENSEN, S.A.U., ARTLUX EUROPA SL, DANA\" \/>\n\t<meta name=\"robots\" content=\"max-image-preview:large\" \/>\n\t<meta name=\"author\" content=\"El Digital de Asturias\"\/>\n\t<meta name=\"google-site-verification\" content=\"UA-38556648-1\" \/>\n\t<meta name=\"msvalidate.01\" content=\"7dfe9f3f1b24437ab69f4f2559babe99\" \/>\n\t<meta name=\"keywords\" content=\"econom\u00eda\" \/>\n\t<link rel=\"canonical\" href=\"https:\/\/www.eldigitaldeasturias.com\/noticias\/diez-empresas-asturianas-participan-en-la-mision-comercial-organizada-por-asturex-a-colombia\/\" \/>\n\t<meta name=\"generator\" content=\"All in One SEO Pro (AIOSEO) 4.9.6.2\" \/>\n\t\t<meta property=\"og:locale\" content=\"es_ES\" \/>\n\t\t<meta property=\"og:site_name\" content=\"El Digital de Asturias\" \/>\n\t\t<meta property=\"og:type\" content=\"article\" \/>\n\t\t<meta property=\"og:title\" content=\"Diez empresas asturianas participan en la misi\u00f3n comercial organizada por ASTUREX a Colombia - El Digital de Asturias\" \/>\n\t\t<meta property=\"og:description\" content=\"Diez empresas asturianas participan en la misi\u00f3n comercial multisectorial a Colombia organizada del 18 al 21 de febrero, por la Sociedad de Promoci\u00f3n Exterior Principado de Asturias (ASTUREX) con el objetivo de promocionar sus productos y servicios en este mercado. Durante la misi\u00f3n, las empresas: AISLAMIENTOS SUAVAL, S.A., ALLGAIER MOGENSEN, S.A.U., ARTLUX EUROPA SL, DANA\" \/>\n\t\t<meta property=\"og:url\" content=\"https:\/\/www.eldigitaldeasturias.com\/noticias\/diez-empresas-asturianas-participan-en-la-mision-comercial-organizada-por-asturex-a-colombia\/\" \/>\n\t\t<meta property=\"og:image\" content=\"https:\/\/www.eldigitaldeasturias.com\/noticias\/wp-content\/uploads\/2018\/03\/bogota-2453628_1280.jpg\" \/>\n\t\t<meta property=\"og:image:secure_url\" content=\"https:\/\/www.eldigitaldeasturias.com\/noticias\/wp-content\/uploads\/2018\/03\/bogota-2453628_1280.jpg\" \/>\n\t\t<meta property=\"og:image:width\" content=\"1280\" \/>\n\t\t<meta property=\"og:image:height\" content=\"853\" \/>\n\t\t<meta property=\"article:tag\" content=\"econom\u00eda\" \/>\n\t\t<meta property=\"article:published_time\" content=\"2019-02-15T10:18:34+00:00\" \/>\n\t\t<meta property=\"article:modified_time\" content=\"2019-02-15T10:18:34+00:00\" \/>\n\t\t<meta property=\"article:publisher\" content=\"https:\/\/facebook.com\/eldigitaldeasturias\" \/>\n\t\t<meta name=\"twitter:card\" content=\"summary_large_image\" \/>\n\t\t<meta name=\"twitter:title\" content=\"Diez empresas asturianas participan en la misi\u00f3n comercial organizada por ASTUREX a Colombia - El Digital de Asturias\" \/>\n\t\t<meta name=\"twitter:description\" content=\"Diez empresas asturianas participan en la misi\u00f3n comercial multisectorial a Colombia organizada del 18 al 21 de febrero, por la Sociedad de Promoci\u00f3n Exterior Principado de Asturias (ASTUREX) con el objetivo de promocionar sus productos y servicios en este mercado. Durante la misi\u00f3n, las empresas: AISLAMIENTOS SUAVAL, S.A., ALLGAIER MOGENSEN, S.A.U., ARTLUX EUROPA SL, DANA\" \/>\n\t\t<meta name=\"twitter:image\" content=\"https:\/\/www.eldigitaldeasturias.com\/noticias\/wp-content\/uploads\/2018\/03\/bogota-2453628_1280.jpg\" \/>\n\t\t<meta name=\"twitter:label1\" content=\"Escrito por\" \/>\n\t\t<meta name=\"twitter:data1\" content=\"El Digital de Asturias\" \/>\n\t\t<meta name=\"twitter:label2\" content=\"Tiempo de lectura estimado\" \/>\n\t\t<meta name=\"twitter:data2\" content=\"1 minuto\" \/>\n\t\t<script type=\"application\/ld+json\" class=\"aioseo-schema\">\n\t\t\t{\"@context\":\"https:\\\/\\\/schema.org\",\"@graph\":[{\"@type\":\"BlogPosting\",\"@id\":\"https:\\\/\\\/www.eldigitaldeasturias.com\\\/noticias\\\/diez-empresas-asturianas-participan-en-la-mision-comercial-organizada-por-asturex-a-colombia\\\/#blogposting\",\"name\":\"Diez empresas asturianas participan en la misi\\u00f3n comercial organizada por ASTUREX a Colombia - El Digital de Asturias\",\"headline\":\"Diez empresas asturianas participan en la misi\\u00f3n comercial organizada por ASTUREX a Colombia\",\"author\":{\"@id\":\"https:\\\/\\\/www.eldigitaldeasturias.com\\\/noticias\\\/author\\\/admin\\\/#author\"},\"publisher\":{\"@id\":\"https:\\\/\\\/www.eldigitaldeasturias.com\\\/noticias\\\/#organization\"},\"image\":{\"@type\":\"ImageObject\",\"url\":\"https:\\\/\\\/www.eldigitaldeasturias.com\\\/noticias\\\/wp-content\\\/uploads\\\/2018\\\/03\\\/bogota-2453628_1280.jpg\",\"width\":1280,\"height\":853},\"datePublished\":\"2019-02-15T10:18:34+01:00\",\"dateModified\":\"2019-02-15T10:18:34+01:00\",\"inLanguage\":\"es-ES\",\"mainEntityOfPage\":{\"@id\":\"https:\\\/\\\/www.eldigitaldeasturias.com\\\/noticias\\\/diez-empresas-asturianas-participan-en-la-mision-comercial-organizada-por-asturex-a-colombia\\\/#webpage\"},\"isPartOf\":{\"@id\":\"https:\\\/\\\/www.eldigitaldeasturias.com\\\/noticias\\\/diez-empresas-asturianas-participan-en-la-mision-comercial-organizada-por-asturex-a-colombia\\\/#webpage\"},\"articleSection\":\"Econom\\u00eda\"},{\"@type\":\"BreadcrumbList\",\"@id\":\"https:\\\/\\\/www.eldigitaldeasturias.com\\\/noticias\\\/diez-empresas-asturianas-participan-en-la-mision-comercial-organizada-por-asturex-a-colombia\\\/#breadcrumblist\",\"itemListElement\":[{\"@type\":\"ListItem\",\"@id\":\"https:\\\/\\\/www.eldigitaldeasturias.com\\\/noticias#listItem\",\"position\":1,\"name\":\"Home\",\"item\":\"https:\\\/\\\/www.eldigitaldeasturias.com\\\/noticias\",\"nextItem\":{\"@type\":\"ListItem\",\"@id\":\"https:\\\/\\\/www.eldigitaldeasturias.com\\\/noticias\\\/category\\\/economia\\\/#listItem\",\"name\":\"Econom\\u00eda\"}},{\"@type\":\"ListItem\",\"@id\":\"https:\\\/\\\/www.eldigitaldeasturias.com\\\/noticias\\\/category\\\/economia\\\/#listItem\",\"position\":2,\"name\":\"Econom\\u00eda\",\"item\":\"https:\\\/\\\/www.eldigitaldeasturias.com\\\/noticias\\\/category\\\/economia\\\/\",\"nextItem\":{\"@type\":\"ListItem\",\"@id\":\"https:\\\/\\\/www.eldigitaldeasturias.com\\\/noticias\\\/diez-empresas-asturianas-participan-en-la-mision-comercial-organizada-por-asturex-a-colombia\\\/#listItem\",\"name\":\"Diez empresas asturianas participan en la misi\\u00f3n comercial organizada por ASTUREX a Colombia\"},\"previousItem\":{\"@type\":\"ListItem\",\"@id\":\"https:\\\/\\\/www.eldigitaldeasturias.com\\\/noticias#listItem\",\"name\":\"Home\"}},{\"@type\":\"ListItem\",\"@id\":\"https:\\\/\\\/www.eldigitaldeasturias.com\\\/noticias\\\/diez-empresas-asturianas-participan-en-la-mision-comercial-organizada-por-asturex-a-colombia\\\/#listItem\",\"position\":3,\"name\":\"Diez empresas asturianas participan en la misi\\u00f3n comercial organizada por ASTUREX a Colombia\",\"previousItem\":{\"@type\":\"ListItem\",\"@id\":\"https:\\\/\\\/www.eldigitaldeasturias.com\\\/noticias\\\/category\\\/economia\\\/#listItem\",\"name\":\"Econom\\u00eda\"}}]},{\"@type\":\"Organization\",\"@id\":\"https:\\\/\\\/www.eldigitaldeasturias.com\\\/noticias\\\/#organization\",\"name\":\"El Digital de Asturias\",\"description\":\"Hemeroteca\",\"url\":\"https:\\\/\\\/www.eldigitaldeasturias.com\\\/noticias\\\/\",\"email\":\"info@eldigitaldeasturias.com\",\"telephone\":\"+34652131393\",\"logo\":{\"@type\":\"ImageObject\",\"url\":\"https:\\\/\\\/www.eldigitaldeasturias.com\\\/noticias\\\/wp-content\\\/uploads\\\/2020\\\/12\\\/EDA.jpg\",\"@id\":\"https:\\\/\\\/www.eldigitaldeasturias.com\\\/noticias\\\/diez-empresas-asturianas-participan-en-la-mision-comercial-organizada-por-asturex-a-colombia\\\/#organizationLogo\",\"width\":649,\"height\":297},\"image\":{\"@id\":\"https:\\\/\\\/www.eldigitaldeasturias.com\\\/noticias\\\/diez-empresas-asturianas-participan-en-la-mision-comercial-organizada-por-asturex-a-colombia\\\/#organizationLogo\"},\"sameAs\":[\"https:\\\/\\\/facebook.com\\\/eldigitaldeasturias\",\"https:\\\/\\\/www.youtube.com\\\/channel\\\/UCZP-2wLEB9Rv6erhFmqVnvg\"],\"address\":{\"@id\":\"https:\\\/\\\/www.eldigitaldeasturias.com\\\/noticias\\\/#postaladdress\",\"@type\":\"PostalAddress\",\"streetAddress\":\"san antonio 4,\",\"postalCode\":\"33430\",\"addressLocality\":\"Cand\\u00e1s\",\"addressRegion\":\"Asturias\",\"addressCountry\":\"ES\"}},{\"@type\":\"Person\",\"@id\":\"https:\\\/\\\/www.eldigitaldeasturias.com\\\/noticias\\\/author\\\/admin\\\/#author\",\"url\":\"https:\\\/\\\/www.eldigitaldeasturias.com\\\/noticias\\\/author\\\/admin\\\/\",\"name\":\"El Digital de Asturias\",\"image\":{\"@type\":\"ImageObject\",\"@id\":\"https:\\\/\\\/www.eldigitaldeasturias.com\\\/noticias\\\/diez-empresas-asturianas-participan-en-la-mision-comercial-organizada-por-asturex-a-colombia\\\/#authorImage\",\"url\":\"https:\\\/\\\/www.eldigitaldeasturias.com\\\/noticias\\\/wp-content\\\/litespeed\\\/avatar\\\/18677e78aa0546b92d9dbf31ec7d7668.jpg?ver=1777290358\",\"width\":96,\"height\":96,\"caption\":\"El Digital de Asturias\"}},{\"@type\":\"WebPage\",\"@id\":\"https:\\\/\\\/www.eldigitaldeasturias.com\\\/noticias\\\/diez-empresas-asturianas-participan-en-la-mision-comercial-organizada-por-asturex-a-colombia\\\/#webpage\",\"url\":\"https:\\\/\\\/www.eldigitaldeasturias.com\\\/noticias\\\/diez-empresas-asturianas-participan-en-la-mision-comercial-organizada-por-asturex-a-colombia\\\/\",\"name\":\"Diez empresas asturianas participan en la misi\\u00f3n comercial organizada por ASTUREX a Colombia - El Digital de Asturias\",\"description\":\"Diez empresas asturianas participan en la misi\\u00f3n comercial multisectorial a Colombia organizada del 18 al 21 de febrero, por la Sociedad de Promoci\\u00f3n Exterior Principado de Asturias (ASTUREX) con el objetivo de promocionar sus productos y servicios en este mercado. Durante la misi\\u00f3n, las empresas: AISLAMIENTOS SUAVAL, S.A., ALLGAIER MOGENSEN, S.A.U., ARTLUX EUROPA SL, DANA\",\"inLanguage\":\"es-ES\",\"isPartOf\":{\"@id\":\"https:\\\/\\\/www.eldigitaldeasturias.com\\\/noticias\\\/#website\"},\"breadcrumb\":{\"@id\":\"https:\\\/\\\/www.eldigitaldeasturias.com\\\/noticias\\\/diez-empresas-asturianas-participan-en-la-mision-comercial-organizada-por-asturex-a-colombia\\\/#breadcrumblist\"},\"author\":{\"@id\":\"https:\\\/\\\/www.eldigitaldeasturias.com\\\/noticias\\\/author\\\/admin\\\/#author\"},\"creator\":{\"@id\":\"https:\\\/\\\/www.eldigitaldeasturias.com\\\/noticias\\\/author\\\/admin\\\/#author\"},\"image\":{\"@type\":\"ImageObject\",\"url\":\"https:\\\/\\\/www.eldigitaldeasturias.com\\\/noticias\\\/wp-content\\\/uploads\\\/2018\\\/03\\\/bogota-2453628_1280.jpg\",\"@id\":\"https:\\\/\\\/www.eldigitaldeasturias.com\\\/noticias\\\/diez-empresas-asturianas-participan-en-la-mision-comercial-organizada-por-asturex-a-colombia\\\/#mainImage\",\"width\":1280,\"height\":853},\"primaryImageOfPage\":{\"@id\":\"https:\\\/\\\/www.eldigitaldeasturias.com\\\/noticias\\\/diez-empresas-asturianas-participan-en-la-mision-comercial-organizada-por-asturex-a-colombia\\\/#mainImage\"},\"datePublished\":\"2019-02-15T10:18:34+01:00\",\"dateModified\":\"2019-02-15T10:18:34+01:00\"},{\"@type\":\"WebSite\",\"@id\":\"https:\\\/\\\/www.eldigitaldeasturias.com\\\/noticias\\\/#website\",\"url\":\"https:\\\/\\\/www.eldigitaldeasturias.com\\\/noticias\\\/\",\"name\":\"El Digital de Asturias - Diario de actualidad y noticias\",\"alternateName\":\"El Digital de Asturias - Diario de actualidad y noticias\",\"description\":\"Hemeroteca\",\"inLanguage\":\"es-ES\",\"publisher\":{\"@id\":\"https:\\\/\\\/www.eldigitaldeasturias.com\\\/noticias\\\/#organization\"}}]}\n\t\t<\/script>\n\t\t<!-- All in One SEO Pro -->\r\n\t\t<title>Diez empresas asturianas participan en la misi\u00f3n comercial organizada por ASTUREX a Colombia - El Digital de Asturias<\/title>\n\n","aioseo_head_json":{"title":"Diez empresas asturianas participan en la misi\u00f3n comercial organizada por ASTUREX a Colombia - El Digital de Asturias","description":"Diez empresas asturianas participan en la misi\u00f3n comercial multisectorial a Colombia organizada del 18 al 21 de febrero, por la Sociedad de Promoci\u00f3n Exterior Principado de Asturias (ASTUREX) con el objetivo de promocionar sus productos y servicios en este mercado. Durante la misi\u00f3n, las empresas: AISLAMIENTOS SUAVAL, S.A., ALLGAIER MOGENSEN, S.A.U., ARTLUX EUROPA SL, DANA","canonical_url":"https:\/\/www.eldigitaldeasturias.com\/noticias\/diez-empresas-asturianas-participan-en-la-mision-comercial-organizada-por-asturex-a-colombia\/","robots":"max-image-preview:large","keywords":"econom\u00eda","webmasterTools":{"google-site-verification":"UA-38556648-1","msvalidate.01":"7dfe9f3f1b24437ab69f4f2559babe99","miscellaneous":""},"schema":{"@context":"https:\/\/schema.org","@graph":[{"@type":"BlogPosting","@id":"https:\/\/www.eldigitaldeasturias.com\/noticias\/diez-empresas-asturianas-participan-en-la-mision-comercial-organizada-por-asturex-a-colombia\/#blogposting","name":"Diez empresas asturianas participan en la misi\u00f3n comercial organizada por ASTUREX a Colombia - El Digital de Asturias","headline":"Diez empresas asturianas participan en la misi\u00f3n comercial organizada por ASTUREX a Colombia","author":{"@id":"https:\/\/www.eldigitaldeasturias.com\/noticias\/author\/admin\/#author"},"publisher":{"@id":"https:\/\/www.eldigitaldeasturias.com\/noticias\/#organization"},"image":{"@type":"ImageObject","url":"https:\/\/www.eldigitaldeasturias.com\/noticias\/wp-content\/uploads\/2018\/03\/bogota-2453628_1280.jpg","width":1280,"height":853},"datePublished":"2019-02-15T10:18:34+01:00","dateModified":"2019-02-15T10:18:34+01:00","inLanguage":"es-ES","mainEntityOfPage":{"@id":"https:\/\/www.eldigitaldeasturias.com\/noticias\/diez-empresas-asturianas-participan-en-la-mision-comercial-organizada-por-asturex-a-colombia\/#webpage"},"isPartOf":{"@id":"https:\/\/www.eldigitaldeasturias.com\/noticias\/diez-empresas-asturianas-participan-en-la-mision-comercial-organizada-por-asturex-a-colombia\/#webpage"},"articleSection":"Econom\u00eda"},{"@type":"BreadcrumbList","@id":"https:\/\/www.eldigitaldeasturias.com\/noticias\/diez-empresas-asturianas-participan-en-la-mision-comercial-organizada-por-asturex-a-colombia\/#breadcrumblist","itemListElement":[{"@type":"ListItem","@id":"https:\/\/www.eldigitaldeasturias.com\/noticias#listItem","position":1,"name":"Home","item":"https:\/\/www.eldigitaldeasturias.com\/noticias","nextItem":{"@type":"ListItem","@id":"https:\/\/www.eldigitaldeasturias.com\/noticias\/category\/economia\/#listItem","name":"Econom\u00eda"}},{"@type":"ListItem","@id":"https:\/\/www.eldigitaldeasturias.com\/noticias\/category\/economia\/#listItem","position":2,"name":"Econom\u00eda","item":"https:\/\/www.eldigitaldeasturias.com\/noticias\/category\/economia\/","nextItem":{"@type":"ListItem","@id":"https:\/\/www.eldigitaldeasturias.com\/noticias\/diez-empresas-asturianas-participan-en-la-mision-comercial-organizada-por-asturex-a-colombia\/#listItem","name":"Diez empresas asturianas participan en la misi\u00f3n comercial organizada por ASTUREX a Colombia"},"previousItem":{"@type":"ListItem","@id":"https:\/\/www.eldigitaldeasturias.com\/noticias#listItem","name":"Home"}},{"@type":"ListItem","@id":"https:\/\/www.eldigitaldeasturias.com\/noticias\/diez-empresas-asturianas-participan-en-la-mision-comercial-organizada-por-asturex-a-colombia\/#listItem","position":3,"name":"Diez empresas asturianas participan en la misi\u00f3n comercial organizada por ASTUREX a Colombia","previousItem":{"@type":"ListItem","@id":"https:\/\/www.eldigitaldeasturias.com\/noticias\/category\/economia\/#listItem","name":"Econom\u00eda"}}]},{"@type":"Organization","@id":"https:\/\/www.eldigitaldeasturias.com\/noticias\/#organization","name":"El Digital de Asturias","description":"Hemeroteca","url":"https:\/\/www.eldigitaldeasturias.com\/noticias\/","email":"info@eldigitaldeasturias.com","telephone":"+34652131393","logo":{"@type":"ImageObject","url":"https:\/\/www.eldigitaldeasturias.com\/noticias\/wp-content\/uploads\/2020\/12\/EDA.jpg","@id":"https:\/\/www.eldigitaldeasturias.com\/noticias\/diez-empresas-asturianas-participan-en-la-mision-comercial-organizada-por-asturex-a-colombia\/#organizationLogo","width":649,"height":297},"image":{"@id":"https:\/\/www.eldigitaldeasturias.com\/noticias\/diez-empresas-asturianas-participan-en-la-mision-comercial-organizada-por-asturex-a-colombia\/#organizationLogo"},"sameAs":["https:\/\/facebook.com\/eldigitaldeasturias","https:\/\/www.youtube.com\/channel\/UCZP-2wLEB9Rv6erhFmqVnvg"],"address":{"@id":"https:\/\/www.eldigitaldeasturias.com\/noticias\/#postaladdress","@type":"PostalAddress","streetAddress":"san antonio 4,","postalCode":"33430","addressLocality":"Cand\u00e1s","addressRegion":"Asturias","addressCountry":"ES"}},{"@type":"Person","@id":"https:\/\/www.eldigitaldeasturias.com\/noticias\/author\/admin\/#author","url":"https:\/\/www.eldigitaldeasturias.com\/noticias\/author\/admin\/","name":"El Digital de Asturias","image":{"@type":"ImageObject","@id":"https:\/\/www.eldigitaldeasturias.com\/noticias\/diez-empresas-asturianas-participan-en-la-mision-comercial-organizada-por-asturex-a-colombia\/#authorImage","url":"https:\/\/www.eldigitaldeasturias.com\/noticias\/wp-content\/litespeed\/avatar\/18677e78aa0546b92d9dbf31ec7d7668.jpg?ver=1777290358","width":96,"height":96,"caption":"El Digital de Asturias"}},{"@type":"WebPage","@id":"https:\/\/www.eldigitaldeasturias.com\/noticias\/diez-empresas-asturianas-participan-en-la-mision-comercial-organizada-por-asturex-a-colombia\/#webpage","url":"https:\/\/www.eldigitaldeasturias.com\/noticias\/diez-empresas-asturianas-participan-en-la-mision-comercial-organizada-por-asturex-a-colombia\/","name":"Diez empresas asturianas participan en la misi\u00f3n comercial organizada por ASTUREX a Colombia - El Digital de Asturias","description":"Diez empresas asturianas participan en la misi\u00f3n comercial multisectorial a Colombia organizada del 18 al 21 de febrero, por la Sociedad de Promoci\u00f3n Exterior Principado de Asturias (ASTUREX) con el objetivo de promocionar sus productos y servicios en este mercado. Durante la misi\u00f3n, las empresas: AISLAMIENTOS SUAVAL, S.A., ALLGAIER MOGENSEN, S.A.U., ARTLUX EUROPA SL, DANA","inLanguage":"es-ES","isPartOf":{"@id":"https:\/\/www.eldigitaldeasturias.com\/noticias\/#website"},"breadcrumb":{"@id":"https:\/\/www.eldigitaldeasturias.com\/noticias\/diez-empresas-asturianas-participan-en-la-mision-comercial-organizada-por-asturex-a-colombia\/#breadcrumblist"},"author":{"@id":"https:\/\/www.eldigitaldeasturias.com\/noticias\/author\/admin\/#author"},"creator":{"@id":"https:\/\/www.eldigitaldeasturias.com\/noticias\/author\/admin\/#author"},"image":{"@type":"ImageObject","url":"https:\/\/www.eldigitaldeasturias.com\/noticias\/wp-content\/uploads\/2018\/03\/bogota-2453628_1280.jpg","@id":"https:\/\/www.eldigitaldeasturias.com\/noticias\/diez-empresas-asturianas-participan-en-la-mision-comercial-organizada-por-asturex-a-colombia\/#mainImage","width":1280,"height":853},"primaryImageOfPage":{"@id":"https:\/\/www.eldigitaldeasturias.com\/noticias\/diez-empresas-asturianas-participan-en-la-mision-comercial-organizada-por-asturex-a-colombia\/#mainImage"},"datePublished":"2019-02-15T10:18:34+01:00","dateModified":"2019-02-15T10:18:34+01:00"},{"@type":"WebSite","@id":"https:\/\/www.eldigitaldeasturias.com\/noticias\/#website","url":"https:\/\/www.eldigitaldeasturias.com\/noticias\/","name":"El Digital de Asturias - Diario de actualidad y noticias","alternateName":"El Digital de Asturias - Diario de actualidad y noticias","description":"Hemeroteca","inLanguage":"es-ES","publisher":{"@id":"https:\/\/www.eldigitaldeasturias.com\/noticias\/#organization"}}]},"og:locale":"es_ES","og:site_name":"El Digital de Asturias","og:type":"article","og:title":"Diez empresas asturianas participan en la misi\u00f3n comercial organizada por ASTUREX a Colombia - El Digital de Asturias","og:description":"Diez empresas asturianas participan en la misi\u00f3n comercial multisectorial a Colombia organizada del 18 al 21 de febrero, por la Sociedad de Promoci\u00f3n Exterior Principado de Asturias (ASTUREX) con el objetivo de promocionar sus productos y servicios en este mercado. Durante la misi\u00f3n, las empresas: AISLAMIENTOS SUAVAL, S.A., ALLGAIER MOGENSEN, S.A.U., ARTLUX EUROPA SL, DANA","og:url":"https:\/\/www.eldigitaldeasturias.com\/noticias\/diez-empresas-asturianas-participan-en-la-mision-comercial-organizada-por-asturex-a-colombia\/","og:image":"https:\/\/www.eldigitaldeasturias.com\/noticias\/wp-content\/uploads\/2018\/03\/bogota-2453628_1280.jpg","og:image:secure_url":"https:\/\/www.eldigitaldeasturias.com\/noticias\/wp-content\/uploads\/2018\/03\/bogota-2453628_1280.jpg","og:image:width":1280,"og:image:height":853,"article:tag":["econom\u00eda"],"article:published_time":"2019-02-15T10:18:34+00:00","article:modified_time":"2019-02-15T10:18:34+00:00","article:publisher":"https:\/\/facebook.com\/eldigitaldeasturias","twitter:card":"summary_large_image","twitter:title":"Diez empresas asturianas participan en la misi\u00f3n comercial organizada por ASTUREX a Colombia - El Digital de Asturias","twitter:description":"Diez empresas asturianas participan en la misi\u00f3n comercial multisectorial a Colombia organizada del 18 al 21 de febrero, por la Sociedad de Promoci\u00f3n Exterior Principado de Asturias (ASTUREX) con el objetivo de promocionar sus productos y servicios en este mercado. Durante la misi\u00f3n, las empresas: AISLAMIENTOS SUAVAL, S.A., ALLGAIER MOGENSEN, S.A.U., ARTLUX EUROPA SL, DANA","twitter:image":"https:\/\/www.eldigitaldeasturias.com\/noticias\/wp-content\/uploads\/2018\/03\/bogota-2453628_1280.jpg","twitter:label1":"Escrito por","twitter:data1":"El Digital de Asturias","twitter:label2":"Tiempo de lectura estimado","twitter:data2":"1 minuto"},"aioseo_meta_data":{"post_id":"1017094","title":null,"description":null,"keywords":null,"keyphrases":null,"primary_term":null,"canonical_url":null,"og_title":null,"og_description":null,"og_object_type":"default","og_image_type":"default","og_image_url":null,"og_image_width":null,"og_image_height":null,"og_image_custom_url":null,"og_image_custom_fields":null,"og_video":null,"og_custom_url":null,"og_article_section":null,"og_article_tags":null,"twitter_use_og":false,"twitter_card":"default","twitter_image_type":"default","twitter_image_url":null,"twitter_image_custom_url":null,"twitter_image_custom_fields":null,"twitter_title":null,"twitter_description":null,"schema":{"blockGraphs":[],"customGraphs":[],"default":{"data":{"Article":[],"Course":[],"Dataset":[],"FAQPage":[],"Movie":[],"Person":[],"Product":[],"ProductReview":[],"Car":[],"Recipe":[],"Service":[],"SoftwareApplication":[],"WebPage":[]},"graphName":"","isEnabled":true},"graphs":[],"defaultGraph":"","defaultPostTypeGraph":""},"schema_type":null,"schema_type_options":null,"pillar_content":false,"robots_default":true,"robots_noindex":false,"robots_noarchive":false,"robots_nosnippet":false,"robots_nofollow":false,"robots_noimageindex":false,"robots_noodp":false,"robots_notranslate":false,"robots_max_snippet":null,"robots_max_videopreview":null,"robots_max_imagepreview":"large","priority":null,"frequency":null,"local_seo":null,"seo_analyzer_scan_date":"2025-10-16 06:28:09","breadcrumb_settings":null,"limit_modified_date":false,"open_ai":null,"ai":null,"created":"2020-12-21 11:18:54","updated":"2025-10-16 06:28:09"},"aioseo_breadcrumb":"<div class=\"aioseo-breadcrumbs\"><span class=\"aioseo-breadcrumb\">\n\t<a href=\"https:\/\/www.eldigitaldeasturias.com\/noticias\" title=\"Home\">Home<\/a>\n<\/span><span class=\"aioseo-breadcrumb-separator\">\u2013<\/span><span class=\"aioseo-breadcrumb\">\n\t<a href=\"https:\/\/www.eldigitaldeasturias.com\/noticias\/category\/economia\/\" title=\"Econom\u00eda\">Econom\u00eda<\/a>\n<\/span><span class=\"aioseo-breadcrumb-separator\">\u2013<\/span><span class=\"aioseo-breadcrumb\">\n\t<a href=\"https:\/\/www.eldigitaldeasturias.com\/noticias\/diez-empresas-asturianas-participan-en-la-mision-comercial-organizada-por-asturex-a-colombia\/\" title=\"Diez empresas asturianas participan en la misi\u00f3n comercial organizada por ASTUREX a Colombia\">Diez empresas asturianas participan en la misi\u00f3n comercial organizada por ASTUREX a Colombia<\/a>\n<\/span><\/div>","aioseo_breadcrumb_json":[{"label":"Home","link":"https:\/\/www.eldigitaldeasturias.com\/noticias"},{"label":"Econom\u00eda","link":"https:\/\/www.eldigitaldeasturias.com\/noticias\/category\/economia\/"},{"label":"Diez empresas asturianas participan en la misi\u00f3n comercial organizada por ASTUREX a Colombia","link":"https:\/\/www.eldigitaldeasturias.com\/noticias\/diez-empresas-asturianas-participan-en-la-mision-comercial-organizada-por-asturex-a-colombia\/"}],"_links":{"self":[{"href":"https:\/\/www.eldigitaldeasturias.com\/noticias\/wp-json\/wp\/v2\/posts\/1017094","targetHints":{"allow":["GET"]}}],"collection":[{"href":"https:\/\/www.eldigitaldeasturias.com\/noticias\/wp-json\/wp\/v2\/posts"}],"about":[{"href":"https:\/\/www.eldigitaldeasturias.com\/noticias\/wp-json\/wp\/v2\/types\/post"}],"author":[{"embeddable":true,"href":"https:\/\/www.eldigitaldeasturias.com\/noticias\/wp-json\/wp\/v2\/users\/1"}],"replies":[{"embeddable":true,"href":"https:\/\/www.eldigitaldeasturias.com\/noticias\/wp-json\/wp\/v2\/comments?post=1017094"}],"version-history":[{"count":0,"href":"https:\/\/www.eldigitaldeasturias.com\/noticias\/wp-json\/wp\/v2\/posts\/1017094\/revisions"}],"wp:featuredmedia":[{"embeddable":true,"href":"https:\/\/www.eldigitaldeasturias.com\/noticias\/wp-json\/wp\/v2\/media\/971593"}],"wp:attachment":[{"href":"https:\/\/www.eldigitaldeasturias.com\/noticias\/wp-json\/wp\/v2\/media?parent=1017094"}],"wp:term":[{"taxonomy":"category","embeddable":true,"href":"https:\/\/www.eldigitaldeasturias.com\/noticias\/wp-json\/wp\/v2\/categories?post=1017094"},{"taxonomy":"post_tag","embeddable":true,"href":"https:\/\/www.eldigitaldeasturias.com\/noticias\/wp-json\/wp\/v2\/tags?post=1017094"}],"curies":[{"name":"wp","href":"https:\/\/api.w.org\/{rel}","templated":true}]}}