{"id":1015876,"date":"2019-02-03T19:29:45","date_gmt":"2019-02-03T19:29:45","guid":{"rendered":"https:\/\/www.eldigitaldeasturias.com\/noticias\/?p=1015876"},"modified":"2019-02-03T19:29:45","modified_gmt":"2019-02-03T19:29:45","slug":"roberto-leal-presentara-la-mejor-cancion-jamas-cantada","status":"publish","type":"post","link":"https:\/\/www.eldigitaldeasturias.com\/noticias\/roberto-leal-presentara-la-mejor-cancion-jamas-cantada\/","title":{"rendered":"Roberto Leal presentar\u00e1 \u00abLa mejor canci\u00f3n jam\u00e1s cantada\u00bb"},"content":{"rendered":"<p><img loading=\"lazy\" decoding=\"async\" class=\"size-medium wp-image-1015877 alignleft\" src=\"https:\/\/www.eldigitaldeasturias.com\/noticias\/wp-content\/uploads\/2019\/02\/ndp-tele3021902-360x240.jpg\" alt=\"\" width=\"360\" height=\"240\" srcset=\"https:\/\/www.eldigitaldeasturias.com\/noticias\/wp-content\/uploads\/2019\/02\/ndp-tele3021902-360x240.jpg 360w, https:\/\/www.eldigitaldeasturias.com\/noticias\/wp-content\/uploads\/2019\/02\/ndp-tele3021902-768x512.jpg 768w, https:\/\/www.eldigitaldeasturias.com\/noticias\/wp-content\/uploads\/2019\/02\/ndp-tele3021902-650x433.jpg 650w, https:\/\/www.eldigitaldeasturias.com\/noticias\/wp-content\/uploads\/2019\/02\/ndp-tele3021902.jpg 1600w\" sizes=\"auto, (max-width: 360px) 100vw, 360px\" \/>&#8216;La mejor canci\u00f3n jam\u00e1s cantada&#8217;, el nuevo y gran espect\u00e1culo musical transmedia producido por RTVE en colaboraci\u00f3n con Getmusic Endemol, ya tiene jurado. Dos grandes expertos musicales muy conocidos y queridos por los espectadores: Noem\u00ed Galera y Tony Aguilar. Un tercer miembro se sumar\u00e1 cada semana al jurado de un programa que presentar\u00e1 en directo Roberto Leal y que reunir\u00e1 a diez famosas voces y diez conocidas canciones por gala que competir\u00e1n para ser elegida la mejor canci\u00f3n de la d\u00e9cada.<\/p>\n<p><strong>Noem\u00ed Galera y Tony Aguilar, jurado<\/strong><\/p>\n<p>La directora de la Academia m\u00e1s famosa de la televisi\u00f3n, Noem\u00ed Galera, y el locutor musical Tony Aguilar ser\u00e1n los dos expertos musicales fijos del jurado de &#8216;La mejor canci\u00f3n jam\u00e1s cantada&#8217;. Ambos, junto a un invitado que cambiar\u00e1 en cada gala \u2013un famoso personaje que tenga una especial vinculaci\u00f3n con la d\u00e9cada\u2013 valorar\u00e1 cada actuaci\u00f3n, contar\u00e1 an\u00e9cdotas y curiosidades de cada tema y, al final de la noche, decidir\u00e1 cu\u00e1les son las tres canciones m\u00e1s significativas para ellos de esa d\u00e9cada.<\/p>\n<p><strong>La audiencia decide<\/strong><\/p>\n<p>El jurado dispone y\u2026 la audiencia decide. Los espectadores votar\u00e1n en directo en cada gala por la canci\u00f3n que m\u00e1s les guste de entre las tres seleccionadas por el jurado. La ganadora de cada d\u00e9cada pasar\u00e1 a concursar en la gran Gala Final para poder proclamarse como &#8216;La Mejor Canci\u00f3n Jam\u00e1s Cantada&#8217;.<\/p>\n<p><strong>Un gran evento musical transmedia: la app ya est\u00e1 disponible<\/strong><\/p>\n<p>La app ya est\u00e1 <a href=\"http:\/\/bit.ly\/2Toqmw8) e iOS (https:\/\/apple.co\/2RWi2ag\" target=\"_blank\" rel=\"noopener\"><span style=\"color: #ff6600;\"><strong>disponible en Android<\/strong><\/span><\/a>. En esta primera fase, los usuarios encontrar\u00e1n informaci\u00f3n sobre el programa y un men\u00fa con las 7 d\u00e9cadas que entran en competici\u00f3n. Dentro de cada d\u00e9cada encontrar\u00e1n 20 canciones que marcaron cada \u00e9poca y que ya pueden escuchar en la app. Los usuarios podr\u00e1n marcar las 10 canciones de cada d\u00e9cada que les parezcan imprescindibles. Con la ayuda del p\u00fablico se decidir\u00e1n las canciones que definitivamente se cantar\u00e1n de cada d\u00e9cada.<\/p>\n<p>Una semana antes de cada Gala se publicar\u00e1 en la app la lista definitiva de las 10 canciones que se cantar\u00e1n en la siguiente Gala, y paralelamente se dar\u00e1n los nombres de los 10 artistas que participar\u00e1n en ella. Los usuarios deber\u00e1n hacer \u201cmatch\u201d, es decir, emparejar cada canci\u00f3n con un int\u00e9rprete. El programa mantendr\u00e1 en secreto qui\u00e9n canta cada canci\u00f3n hasta el directo, de forma que los usuarios no sabr\u00e1n si han acertado su con su elecci\u00f3n hasta el \u00faltimo momento.<\/p>\n<p>Durante la Gala y una vez se hayan cantado las 10 canciones m\u00e1s representativas de cada d\u00e9cada, cada miembro del jurado elegir\u00e1 la canci\u00f3n que considere \u201cimprescindible\u201d. Las tres canciones destacadas por el jurado ser\u00e1n las que el p\u00fablico vote desde su casa.<\/p>\n<p>El voto a trav\u00e9s de la app ser\u00e1 gratuito, mientras que el voto a trav\u00e9s del tel\u00e9fono (llamada y sms) ser\u00e1 de pago.<\/p>\n<p><strong>Diversi\u00f3n, m\u00fasica y espect\u00e1culo<\/strong><\/p>\n<p>Diez canciones de \u00e9xito de todos los tiempos que todos hemos cantado alguna vez.<\/p>\n<p>Diez famosos int\u00e9rpretes del panorama musical espa\u00f1ol, compuesto por artistas surgidos de &#8216;OT&#8217;, el talent show m\u00e1s popular de la historia de la tv en Espa\u00f1a, y de estrellas reconocidas dentro del panorama musical espa\u00f1ol.<\/p>\n<p>Invitados, juegos y sorpresas que nos trasladar\u00e1n en el tiempo.<\/p>\n<p>Una divertida competici\u00f3n de canciones ic\u00f3nicas del panorama musical espa\u00f1ol que tiene como objetivo encontrar la &#8216;Mejor Canci\u00f3n Jam\u00e1s Cantada&#8217;.<\/p>\n","protected":false},"excerpt":{"rendered":"<p>&#8216;La mejor canci\u00f3n jam\u00e1s cantada&#8217;, el nuevo y gran espect\u00e1culo musical transmedia producido por RTVE en colaboraci\u00f3n con Getmusic Endemol, ya tiene jurado. Dos grandes expertos musicales muy conocidos y queridos por los espectadores: Noem\u00ed Galera y Tony Aguilar. Un tercer miembro se sumar\u00e1 cada semana al jurado de un programa que presentar\u00e1 en directo [&hellip;]<\/p>\n","protected":false},"author":1,"featured_media":1015877,"comment_status":"closed","ping_status":"closed","sticky":false,"template":"","format":"standard","meta":{"footnotes":""},"categories":[538],"tags":[],"class_list":["post-1015876","post","type-post","status-publish","format-standard","has-post-thumbnail","hentry","category-el-tiempo"],"aioseo_notices":[],"aioseo_head":"\n\t\t<!-- All in One SEO Pro 4.9.6.2 - aioseo.com -->\n\t<meta name=\"description\" content=\"&#039;La mejor canci\u00f3n jam\u00e1s cantada&#039;, el nuevo y gran espect\u00e1culo musical transmedia producido por RTVE en colaboraci\u00f3n con Getmusic Endemol, ya tiene jurado. Dos grandes expertos musicales muy conocidos y queridos por los espectadores: Noem\u00ed Galera y Tony Aguilar. Un tercer miembro se sumar\u00e1 cada semana al jurado de un programa que presentar\u00e1 en directo\" \/>\n\t<meta name=\"robots\" content=\"max-image-preview:large\" \/>\n\t<meta name=\"author\" content=\"El Digital de Asturias\"\/>\n\t<meta name=\"google-site-verification\" content=\"UA-38556648-1\" \/>\n\t<meta name=\"msvalidate.01\" content=\"7dfe9f3f1b24437ab69f4f2559babe99\" \/>\n\t<meta name=\"keywords\" content=\"el tiempo\" \/>\n\t<link rel=\"canonical\" href=\"https:\/\/www.eldigitaldeasturias.com\/noticias\/roberto-leal-presentara-la-mejor-cancion-jamas-cantada\/\" \/>\n\t<meta name=\"generator\" content=\"All in One SEO Pro (AIOSEO) 4.9.6.2\" \/>\n\t\t<meta property=\"og:locale\" content=\"es_ES\" \/>\n\t\t<meta property=\"og:site_name\" content=\"El Digital de Asturias\" \/>\n\t\t<meta property=\"og:type\" content=\"article\" \/>\n\t\t<meta property=\"og:title\" content=\"Roberto Leal presentar\u00e1 \u00abLa mejor canci\u00f3n jam\u00e1s cantada\u00bb - El Digital de Asturias\" \/>\n\t\t<meta property=\"og:description\" content=\"&#039;La mejor canci\u00f3n jam\u00e1s cantada&#039;, el nuevo y gran espect\u00e1culo musical transmedia producido por RTVE en colaboraci\u00f3n con Getmusic Endemol, ya tiene jurado. Dos grandes expertos musicales muy conocidos y queridos por los espectadores: Noem\u00ed Galera y Tony Aguilar. Un tercer miembro se sumar\u00e1 cada semana al jurado de un programa que presentar\u00e1 en directo\" \/>\n\t\t<meta property=\"og:url\" content=\"https:\/\/www.eldigitaldeasturias.com\/noticias\/roberto-leal-presentara-la-mejor-cancion-jamas-cantada\/\" \/>\n\t\t<meta property=\"og:image\" content=\"https:\/\/www.eldigitaldeasturias.com\/noticias\/wp-content\/uploads\/2019\/02\/ndp-tele3021902.jpg\" \/>\n\t\t<meta property=\"og:image:secure_url\" content=\"https:\/\/www.eldigitaldeasturias.com\/noticias\/wp-content\/uploads\/2019\/02\/ndp-tele3021902.jpg\" \/>\n\t\t<meta property=\"og:image:width\" content=\"1600\" \/>\n\t\t<meta property=\"og:image:height\" content=\"1066\" \/>\n\t\t<meta property=\"article:tag\" content=\"el tiempo\" \/>\n\t\t<meta property=\"article:published_time\" content=\"2019-02-03T19:29:45+00:00\" \/>\n\t\t<meta property=\"article:modified_time\" content=\"2019-02-03T19:29:45+00:00\" \/>\n\t\t<meta property=\"article:publisher\" content=\"https:\/\/facebook.com\/eldigitaldeasturias\" \/>\n\t\t<meta name=\"twitter:card\" content=\"summary_large_image\" \/>\n\t\t<meta name=\"twitter:title\" content=\"Roberto Leal presentar\u00e1 \u00abLa mejor canci\u00f3n jam\u00e1s cantada\u00bb - El Digital de Asturias\" \/>\n\t\t<meta name=\"twitter:description\" content=\"&#039;La mejor canci\u00f3n jam\u00e1s cantada&#039;, el nuevo y gran espect\u00e1culo musical transmedia producido por RTVE en colaboraci\u00f3n con Getmusic Endemol, ya tiene jurado. Dos grandes expertos musicales muy conocidos y queridos por los espectadores: Noem\u00ed Galera y Tony Aguilar. Un tercer miembro se sumar\u00e1 cada semana al jurado de un programa que presentar\u00e1 en directo\" \/>\n\t\t<meta name=\"twitter:image\" content=\"https:\/\/www.eldigitaldeasturias.com\/noticias\/wp-content\/uploads\/2019\/02\/ndp-tele3021902.jpg\" \/>\n\t\t<meta name=\"twitter:label1\" content=\"Escrito por\" \/>\n\t\t<meta name=\"twitter:data1\" content=\"El Digital de Asturias\" \/>\n\t\t<meta name=\"twitter:label2\" content=\"Tiempo de lectura estimado\" \/>\n\t\t<meta name=\"twitter:data2\" content=\"3 minutos\" \/>\n\t\t<script type=\"application\/ld+json\" class=\"aioseo-schema\">\n\t\t\t{\"@context\":\"https:\\\/\\\/schema.org\",\"@graph\":[{\"@type\":\"BlogPosting\",\"@id\":\"https:\\\/\\\/www.eldigitaldeasturias.com\\\/noticias\\\/roberto-leal-presentara-la-mejor-cancion-jamas-cantada\\\/#blogposting\",\"name\":\"Roberto Leal presentar\\u00e1 \\u00abLa mejor canci\\u00f3n jam\\u00e1s cantada\\u00bb - El Digital de Asturias\",\"headline\":\"Roberto Leal presentar\\u00e1 \\u00abLa mejor canci\\u00f3n jam\\u00e1s cantada\\u00bb\",\"author\":{\"@id\":\"https:\\\/\\\/www.eldigitaldeasturias.com\\\/noticias\\\/author\\\/admin\\\/#author\"},\"publisher\":{\"@id\":\"https:\\\/\\\/www.eldigitaldeasturias.com\\\/noticias\\\/#organization\"},\"image\":{\"@type\":\"ImageObject\",\"url\":\"https:\\\/\\\/www.eldigitaldeasturias.com\\\/noticias\\\/wp-content\\\/uploads\\\/2019\\\/02\\\/ndp-tele3021902.jpg\",\"width\":1600,\"height\":1066},\"datePublished\":\"2019-02-03T19:29:45+01:00\",\"dateModified\":\"2019-02-03T19:29:45+01:00\",\"inLanguage\":\"es-ES\",\"mainEntityOfPage\":{\"@id\":\"https:\\\/\\\/www.eldigitaldeasturias.com\\\/noticias\\\/roberto-leal-presentara-la-mejor-cancion-jamas-cantada\\\/#webpage\"},\"isPartOf\":{\"@id\":\"https:\\\/\\\/www.eldigitaldeasturias.com\\\/noticias\\\/roberto-leal-presentara-la-mejor-cancion-jamas-cantada\\\/#webpage\"},\"articleSection\":\"El tiempo\"},{\"@type\":\"BreadcrumbList\",\"@id\":\"https:\\\/\\\/www.eldigitaldeasturias.com\\\/noticias\\\/roberto-leal-presentara-la-mejor-cancion-jamas-cantada\\\/#breadcrumblist\",\"itemListElement\":[{\"@type\":\"ListItem\",\"@id\":\"https:\\\/\\\/www.eldigitaldeasturias.com\\\/noticias#listItem\",\"position\":1,\"name\":\"Home\",\"item\":\"https:\\\/\\\/www.eldigitaldeasturias.com\\\/noticias\",\"nextItem\":{\"@type\":\"ListItem\",\"@id\":\"https:\\\/\\\/www.eldigitaldeasturias.com\\\/noticias\\\/category\\\/el-tiempo\\\/#listItem\",\"name\":\"El tiempo\"}},{\"@type\":\"ListItem\",\"@id\":\"https:\\\/\\\/www.eldigitaldeasturias.com\\\/noticias\\\/category\\\/el-tiempo\\\/#listItem\",\"position\":2,\"name\":\"El tiempo\",\"item\":\"https:\\\/\\\/www.eldigitaldeasturias.com\\\/noticias\\\/category\\\/el-tiempo\\\/\",\"nextItem\":{\"@type\":\"ListItem\",\"@id\":\"https:\\\/\\\/www.eldigitaldeasturias.com\\\/noticias\\\/roberto-leal-presentara-la-mejor-cancion-jamas-cantada\\\/#listItem\",\"name\":\"Roberto Leal presentar\\u00e1 \\u00abLa mejor canci\\u00f3n jam\\u00e1s cantada\\u00bb\"},\"previousItem\":{\"@type\":\"ListItem\",\"@id\":\"https:\\\/\\\/www.eldigitaldeasturias.com\\\/noticias#listItem\",\"name\":\"Home\"}},{\"@type\":\"ListItem\",\"@id\":\"https:\\\/\\\/www.eldigitaldeasturias.com\\\/noticias\\\/roberto-leal-presentara-la-mejor-cancion-jamas-cantada\\\/#listItem\",\"position\":3,\"name\":\"Roberto Leal presentar\\u00e1 \\u00abLa mejor canci\\u00f3n jam\\u00e1s cantada\\u00bb\",\"previousItem\":{\"@type\":\"ListItem\",\"@id\":\"https:\\\/\\\/www.eldigitaldeasturias.com\\\/noticias\\\/category\\\/el-tiempo\\\/#listItem\",\"name\":\"El tiempo\"}}]},{\"@type\":\"Organization\",\"@id\":\"https:\\\/\\\/www.eldigitaldeasturias.com\\\/noticias\\\/#organization\",\"name\":\"El Digital de Asturias\",\"description\":\"Hemeroteca\",\"url\":\"https:\\\/\\\/www.eldigitaldeasturias.com\\\/noticias\\\/\",\"email\":\"info@eldigitaldeasturias.com\",\"telephone\":\"+34652131393\",\"logo\":{\"@type\":\"ImageObject\",\"url\":\"https:\\\/\\\/www.eldigitaldeasturias.com\\\/noticias\\\/wp-content\\\/uploads\\\/2020\\\/12\\\/EDA.jpg\",\"@id\":\"https:\\\/\\\/www.eldigitaldeasturias.com\\\/noticias\\\/roberto-leal-presentara-la-mejor-cancion-jamas-cantada\\\/#organizationLogo\",\"width\":649,\"height\":297},\"image\":{\"@id\":\"https:\\\/\\\/www.eldigitaldeasturias.com\\\/noticias\\\/roberto-leal-presentara-la-mejor-cancion-jamas-cantada\\\/#organizationLogo\"},\"sameAs\":[\"https:\\\/\\\/facebook.com\\\/eldigitaldeasturias\",\"https:\\\/\\\/www.youtube.com\\\/channel\\\/UCZP-2wLEB9Rv6erhFmqVnvg\"],\"address\":{\"@id\":\"https:\\\/\\\/www.eldigitaldeasturias.com\\\/noticias\\\/#postaladdress\",\"@type\":\"PostalAddress\",\"streetAddress\":\"san antonio 4,\",\"postalCode\":\"33430\",\"addressLocality\":\"Cand\\u00e1s\",\"addressRegion\":\"Asturias\",\"addressCountry\":\"ES\"}},{\"@type\":\"Person\",\"@id\":\"https:\\\/\\\/www.eldigitaldeasturias.com\\\/noticias\\\/author\\\/admin\\\/#author\",\"url\":\"https:\\\/\\\/www.eldigitaldeasturias.com\\\/noticias\\\/author\\\/admin\\\/\",\"name\":\"El Digital de Asturias\",\"image\":{\"@type\":\"ImageObject\",\"@id\":\"https:\\\/\\\/www.eldigitaldeasturias.com\\\/noticias\\\/roberto-leal-presentara-la-mejor-cancion-jamas-cantada\\\/#authorImage\",\"url\":\"https:\\\/\\\/www.eldigitaldeasturias.com\\\/noticias\\\/wp-content\\\/litespeed\\\/avatar\\\/18677e78aa0546b92d9dbf31ec7d7668.jpg?ver=1777290358\",\"width\":96,\"height\":96,\"caption\":\"El Digital de Asturias\"}},{\"@type\":\"WebPage\",\"@id\":\"https:\\\/\\\/www.eldigitaldeasturias.com\\\/noticias\\\/roberto-leal-presentara-la-mejor-cancion-jamas-cantada\\\/#webpage\",\"url\":\"https:\\\/\\\/www.eldigitaldeasturias.com\\\/noticias\\\/roberto-leal-presentara-la-mejor-cancion-jamas-cantada\\\/\",\"name\":\"Roberto Leal presentar\\u00e1 \\u00abLa mejor canci\\u00f3n jam\\u00e1s cantada\\u00bb - El Digital de Asturias\",\"description\":\"'La mejor canci\\u00f3n jam\\u00e1s cantada', el nuevo y gran espect\\u00e1culo musical transmedia producido por RTVE en colaboraci\\u00f3n con Getmusic Endemol, ya tiene jurado. Dos grandes expertos musicales muy conocidos y queridos por los espectadores: Noem\\u00ed Galera y Tony Aguilar. Un tercer miembro se sumar\\u00e1 cada semana al jurado de un programa que presentar\\u00e1 en directo\",\"inLanguage\":\"es-ES\",\"isPartOf\":{\"@id\":\"https:\\\/\\\/www.eldigitaldeasturias.com\\\/noticias\\\/#website\"},\"breadcrumb\":{\"@id\":\"https:\\\/\\\/www.eldigitaldeasturias.com\\\/noticias\\\/roberto-leal-presentara-la-mejor-cancion-jamas-cantada\\\/#breadcrumblist\"},\"author\":{\"@id\":\"https:\\\/\\\/www.eldigitaldeasturias.com\\\/noticias\\\/author\\\/admin\\\/#author\"},\"creator\":{\"@id\":\"https:\\\/\\\/www.eldigitaldeasturias.com\\\/noticias\\\/author\\\/admin\\\/#author\"},\"image\":{\"@type\":\"ImageObject\",\"url\":\"https:\\\/\\\/www.eldigitaldeasturias.com\\\/noticias\\\/wp-content\\\/uploads\\\/2019\\\/02\\\/ndp-tele3021902.jpg\",\"@id\":\"https:\\\/\\\/www.eldigitaldeasturias.com\\\/noticias\\\/roberto-leal-presentara-la-mejor-cancion-jamas-cantada\\\/#mainImage\",\"width\":1600,\"height\":1066},\"primaryImageOfPage\":{\"@id\":\"https:\\\/\\\/www.eldigitaldeasturias.com\\\/noticias\\\/roberto-leal-presentara-la-mejor-cancion-jamas-cantada\\\/#mainImage\"},\"datePublished\":\"2019-02-03T19:29:45+01:00\",\"dateModified\":\"2019-02-03T19:29:45+01:00\"},{\"@type\":\"WebSite\",\"@id\":\"https:\\\/\\\/www.eldigitaldeasturias.com\\\/noticias\\\/#website\",\"url\":\"https:\\\/\\\/www.eldigitaldeasturias.com\\\/noticias\\\/\",\"name\":\"El Digital de Asturias - Diario de actualidad y noticias\",\"alternateName\":\"El Digital de Asturias - Diario de actualidad y noticias\",\"description\":\"Hemeroteca\",\"inLanguage\":\"es-ES\",\"publisher\":{\"@id\":\"https:\\\/\\\/www.eldigitaldeasturias.com\\\/noticias\\\/#organization\"}}]}\n\t\t<\/script>\n\t\t<!-- All in One SEO Pro -->\r\n\t\t<title>Roberto Leal presentar\u00e1 \u00abLa mejor canci\u00f3n jam\u00e1s cantada\u00bb - El Digital de Asturias<\/title>\n\n","aioseo_head_json":{"title":"Roberto Leal presentar\u00e1 \u00abLa mejor canci\u00f3n jam\u00e1s cantada\u00bb - El Digital de Asturias","description":"'La mejor canci\u00f3n jam\u00e1s cantada', el nuevo y gran espect\u00e1culo musical transmedia producido por RTVE en colaboraci\u00f3n con Getmusic Endemol, ya tiene jurado. Dos grandes expertos musicales muy conocidos y queridos por los espectadores: Noem\u00ed Galera y Tony Aguilar. Un tercer miembro se sumar\u00e1 cada semana al jurado de un programa que presentar\u00e1 en directo","canonical_url":"https:\/\/www.eldigitaldeasturias.com\/noticias\/roberto-leal-presentara-la-mejor-cancion-jamas-cantada\/","robots":"max-image-preview:large","keywords":"el tiempo","webmasterTools":{"google-site-verification":"UA-38556648-1","msvalidate.01":"7dfe9f3f1b24437ab69f4f2559babe99","miscellaneous":""},"schema":{"@context":"https:\/\/schema.org","@graph":[{"@type":"BlogPosting","@id":"https:\/\/www.eldigitaldeasturias.com\/noticias\/roberto-leal-presentara-la-mejor-cancion-jamas-cantada\/#blogposting","name":"Roberto Leal presentar\u00e1 \u00abLa mejor canci\u00f3n jam\u00e1s cantada\u00bb - El Digital de Asturias","headline":"Roberto Leal presentar\u00e1 \u00abLa mejor canci\u00f3n jam\u00e1s cantada\u00bb","author":{"@id":"https:\/\/www.eldigitaldeasturias.com\/noticias\/author\/admin\/#author"},"publisher":{"@id":"https:\/\/www.eldigitaldeasturias.com\/noticias\/#organization"},"image":{"@type":"ImageObject","url":"https:\/\/www.eldigitaldeasturias.com\/noticias\/wp-content\/uploads\/2019\/02\/ndp-tele3021902.jpg","width":1600,"height":1066},"datePublished":"2019-02-03T19:29:45+01:00","dateModified":"2019-02-03T19:29:45+01:00","inLanguage":"es-ES","mainEntityOfPage":{"@id":"https:\/\/www.eldigitaldeasturias.com\/noticias\/roberto-leal-presentara-la-mejor-cancion-jamas-cantada\/#webpage"},"isPartOf":{"@id":"https:\/\/www.eldigitaldeasturias.com\/noticias\/roberto-leal-presentara-la-mejor-cancion-jamas-cantada\/#webpage"},"articleSection":"El tiempo"},{"@type":"BreadcrumbList","@id":"https:\/\/www.eldigitaldeasturias.com\/noticias\/roberto-leal-presentara-la-mejor-cancion-jamas-cantada\/#breadcrumblist","itemListElement":[{"@type":"ListItem","@id":"https:\/\/www.eldigitaldeasturias.com\/noticias#listItem","position":1,"name":"Home","item":"https:\/\/www.eldigitaldeasturias.com\/noticias","nextItem":{"@type":"ListItem","@id":"https:\/\/www.eldigitaldeasturias.com\/noticias\/category\/el-tiempo\/#listItem","name":"El tiempo"}},{"@type":"ListItem","@id":"https:\/\/www.eldigitaldeasturias.com\/noticias\/category\/el-tiempo\/#listItem","position":2,"name":"El tiempo","item":"https:\/\/www.eldigitaldeasturias.com\/noticias\/category\/el-tiempo\/","nextItem":{"@type":"ListItem","@id":"https:\/\/www.eldigitaldeasturias.com\/noticias\/roberto-leal-presentara-la-mejor-cancion-jamas-cantada\/#listItem","name":"Roberto Leal presentar\u00e1 \u00abLa mejor canci\u00f3n jam\u00e1s cantada\u00bb"},"previousItem":{"@type":"ListItem","@id":"https:\/\/www.eldigitaldeasturias.com\/noticias#listItem","name":"Home"}},{"@type":"ListItem","@id":"https:\/\/www.eldigitaldeasturias.com\/noticias\/roberto-leal-presentara-la-mejor-cancion-jamas-cantada\/#listItem","position":3,"name":"Roberto Leal presentar\u00e1 \u00abLa mejor canci\u00f3n jam\u00e1s cantada\u00bb","previousItem":{"@type":"ListItem","@id":"https:\/\/www.eldigitaldeasturias.com\/noticias\/category\/el-tiempo\/#listItem","name":"El tiempo"}}]},{"@type":"Organization","@id":"https:\/\/www.eldigitaldeasturias.com\/noticias\/#organization","name":"El Digital de Asturias","description":"Hemeroteca","url":"https:\/\/www.eldigitaldeasturias.com\/noticias\/","email":"info@eldigitaldeasturias.com","telephone":"+34652131393","logo":{"@type":"ImageObject","url":"https:\/\/www.eldigitaldeasturias.com\/noticias\/wp-content\/uploads\/2020\/12\/EDA.jpg","@id":"https:\/\/www.eldigitaldeasturias.com\/noticias\/roberto-leal-presentara-la-mejor-cancion-jamas-cantada\/#organizationLogo","width":649,"height":297},"image":{"@id":"https:\/\/www.eldigitaldeasturias.com\/noticias\/roberto-leal-presentara-la-mejor-cancion-jamas-cantada\/#organizationLogo"},"sameAs":["https:\/\/facebook.com\/eldigitaldeasturias","https:\/\/www.youtube.com\/channel\/UCZP-2wLEB9Rv6erhFmqVnvg"],"address":{"@id":"https:\/\/www.eldigitaldeasturias.com\/noticias\/#postaladdress","@type":"PostalAddress","streetAddress":"san antonio 4,","postalCode":"33430","addressLocality":"Cand\u00e1s","addressRegion":"Asturias","addressCountry":"ES"}},{"@type":"Person","@id":"https:\/\/www.eldigitaldeasturias.com\/noticias\/author\/admin\/#author","url":"https:\/\/www.eldigitaldeasturias.com\/noticias\/author\/admin\/","name":"El Digital de Asturias","image":{"@type":"ImageObject","@id":"https:\/\/www.eldigitaldeasturias.com\/noticias\/roberto-leal-presentara-la-mejor-cancion-jamas-cantada\/#authorImage","url":"https:\/\/www.eldigitaldeasturias.com\/noticias\/wp-content\/litespeed\/avatar\/18677e78aa0546b92d9dbf31ec7d7668.jpg?ver=1777290358","width":96,"height":96,"caption":"El Digital de Asturias"}},{"@type":"WebPage","@id":"https:\/\/www.eldigitaldeasturias.com\/noticias\/roberto-leal-presentara-la-mejor-cancion-jamas-cantada\/#webpage","url":"https:\/\/www.eldigitaldeasturias.com\/noticias\/roberto-leal-presentara-la-mejor-cancion-jamas-cantada\/","name":"Roberto Leal presentar\u00e1 \u00abLa mejor canci\u00f3n jam\u00e1s cantada\u00bb - El Digital de Asturias","description":"'La mejor canci\u00f3n jam\u00e1s cantada', el nuevo y gran espect\u00e1culo musical transmedia producido por RTVE en colaboraci\u00f3n con Getmusic Endemol, ya tiene jurado. Dos grandes expertos musicales muy conocidos y queridos por los espectadores: Noem\u00ed Galera y Tony Aguilar. Un tercer miembro se sumar\u00e1 cada semana al jurado de un programa que presentar\u00e1 en directo","inLanguage":"es-ES","isPartOf":{"@id":"https:\/\/www.eldigitaldeasturias.com\/noticias\/#website"},"breadcrumb":{"@id":"https:\/\/www.eldigitaldeasturias.com\/noticias\/roberto-leal-presentara-la-mejor-cancion-jamas-cantada\/#breadcrumblist"},"author":{"@id":"https:\/\/www.eldigitaldeasturias.com\/noticias\/author\/admin\/#author"},"creator":{"@id":"https:\/\/www.eldigitaldeasturias.com\/noticias\/author\/admin\/#author"},"image":{"@type":"ImageObject","url":"https:\/\/www.eldigitaldeasturias.com\/noticias\/wp-content\/uploads\/2019\/02\/ndp-tele3021902.jpg","@id":"https:\/\/www.eldigitaldeasturias.com\/noticias\/roberto-leal-presentara-la-mejor-cancion-jamas-cantada\/#mainImage","width":1600,"height":1066},"primaryImageOfPage":{"@id":"https:\/\/www.eldigitaldeasturias.com\/noticias\/roberto-leal-presentara-la-mejor-cancion-jamas-cantada\/#mainImage"},"datePublished":"2019-02-03T19:29:45+01:00","dateModified":"2019-02-03T19:29:45+01:00"},{"@type":"WebSite","@id":"https:\/\/www.eldigitaldeasturias.com\/noticias\/#website","url":"https:\/\/www.eldigitaldeasturias.com\/noticias\/","name":"El Digital de Asturias - Diario de actualidad y noticias","alternateName":"El Digital de Asturias - Diario de actualidad y noticias","description":"Hemeroteca","inLanguage":"es-ES","publisher":{"@id":"https:\/\/www.eldigitaldeasturias.com\/noticias\/#organization"}}]},"og:locale":"es_ES","og:site_name":"El Digital de Asturias","og:type":"article","og:title":"Roberto Leal presentar\u00e1 \u00abLa mejor canci\u00f3n jam\u00e1s cantada\u00bb - El Digital de Asturias","og:description":"'La mejor canci\u00f3n jam\u00e1s cantada', el nuevo y gran espect\u00e1culo musical transmedia producido por RTVE en colaboraci\u00f3n con Getmusic Endemol, ya tiene jurado. Dos grandes expertos musicales muy conocidos y queridos por los espectadores: Noem\u00ed Galera y Tony Aguilar. Un tercer miembro se sumar\u00e1 cada semana al jurado de un programa que presentar\u00e1 en directo","og:url":"https:\/\/www.eldigitaldeasturias.com\/noticias\/roberto-leal-presentara-la-mejor-cancion-jamas-cantada\/","og:image":"https:\/\/www.eldigitaldeasturias.com\/noticias\/wp-content\/uploads\/2019\/02\/ndp-tele3021902.jpg","og:image:secure_url":"https:\/\/www.eldigitaldeasturias.com\/noticias\/wp-content\/uploads\/2019\/02\/ndp-tele3021902.jpg","og:image:width":1600,"og:image:height":1066,"article:tag":["el tiempo"],"article:published_time":"2019-02-03T19:29:45+00:00","article:modified_time":"2019-02-03T19:29:45+00:00","article:publisher":"https:\/\/facebook.com\/eldigitaldeasturias","twitter:card":"summary_large_image","twitter:title":"Roberto Leal presentar\u00e1 \u00abLa mejor canci\u00f3n jam\u00e1s cantada\u00bb - El Digital de Asturias","twitter:description":"'La mejor canci\u00f3n jam\u00e1s cantada', el nuevo y gran espect\u00e1culo musical transmedia producido por RTVE en colaboraci\u00f3n con Getmusic Endemol, ya tiene jurado. Dos grandes expertos musicales muy conocidos y queridos por los espectadores: Noem\u00ed Galera y Tony Aguilar. Un tercer miembro se sumar\u00e1 cada semana al jurado de un programa que presentar\u00e1 en directo","twitter:image":"https:\/\/www.eldigitaldeasturias.com\/noticias\/wp-content\/uploads\/2019\/02\/ndp-tele3021902.jpg","twitter:label1":"Escrito por","twitter:data1":"El Digital de Asturias","twitter:label2":"Tiempo de lectura estimado","twitter:data2":"3 minutos"},"aioseo_meta_data":{"post_id":"1015876","title":null,"description":null,"keywords":null,"keyphrases":null,"primary_term":null,"canonical_url":null,"og_title":null,"og_description":null,"og_object_type":"default","og_image_type":"default","og_image_url":null,"og_image_width":null,"og_image_height":null,"og_image_custom_url":null,"og_image_custom_fields":null,"og_video":null,"og_custom_url":null,"og_article_section":null,"og_article_tags":null,"twitter_use_og":false,"twitter_card":"default","twitter_image_type":"default","twitter_image_url":null,"twitter_image_custom_url":null,"twitter_image_custom_fields":null,"twitter_title":null,"twitter_description":null,"schema":{"blockGraphs":[],"customGraphs":[],"default":{"data":{"Article":[],"Course":[],"Dataset":[],"FAQPage":[],"Movie":[],"Person":[],"Product":[],"ProductReview":[],"Car":[],"Recipe":[],"Service":[],"SoftwareApplication":[],"WebPage":[]},"graphName":"","isEnabled":true},"graphs":[],"defaultGraph":"","defaultPostTypeGraph":""},"schema_type":null,"schema_type_options":null,"pillar_content":false,"robots_default":true,"robots_noindex":false,"robots_noarchive":false,"robots_nosnippet":false,"robots_nofollow":false,"robots_noimageindex":false,"robots_noodp":false,"robots_notranslate":false,"robots_max_snippet":null,"robots_max_videopreview":null,"robots_max_imagepreview":"large","priority":null,"frequency":null,"local_seo":null,"seo_analyzer_scan_date":"2025-10-15 23:23:20","breadcrumb_settings":null,"limit_modified_date":false,"open_ai":null,"ai":null,"created":"2020-12-21 11:21:24","updated":"2025-10-15 23:23:20"},"aioseo_breadcrumb":"<div class=\"aioseo-breadcrumbs\"><span class=\"aioseo-breadcrumb\">\n\t<a href=\"https:\/\/www.eldigitaldeasturias.com\/noticias\" title=\"Home\">Home<\/a>\n<\/span><span class=\"aioseo-breadcrumb-separator\">\u2013<\/span><span class=\"aioseo-breadcrumb\">\n\t<a href=\"https:\/\/www.eldigitaldeasturias.com\/noticias\/category\/el-tiempo\/\" title=\"El tiempo\">El tiempo<\/a>\n<\/span><span class=\"aioseo-breadcrumb-separator\">\u2013<\/span><span class=\"aioseo-breadcrumb\">\n\t<a href=\"https:\/\/www.eldigitaldeasturias.com\/noticias\/roberto-leal-presentara-la-mejor-cancion-jamas-cantada\/\" title=\"Roberto Leal presentar\u00e1 \u00abLa mejor canci\u00f3n jam\u00e1s cantada\u00bb\">Roberto Leal presentar\u00e1 \u00abLa mejor canci\u00f3n jam\u00e1s cantada\u00bb<\/a>\n<\/span><\/div>","aioseo_breadcrumb_json":[{"label":"Home","link":"https:\/\/www.eldigitaldeasturias.com\/noticias"},{"label":"El tiempo","link":"https:\/\/www.eldigitaldeasturias.com\/noticias\/category\/el-tiempo\/"},{"label":"Roberto Leal presentar\u00e1 \u00abLa mejor canci\u00f3n jam\u00e1s cantada\u00bb","link":"https:\/\/www.eldigitaldeasturias.com\/noticias\/roberto-leal-presentara-la-mejor-cancion-jamas-cantada\/"}],"_links":{"self":[{"href":"https:\/\/www.eldigitaldeasturias.com\/noticias\/wp-json\/wp\/v2\/posts\/1015876","targetHints":{"allow":["GET"]}}],"collection":[{"href":"https:\/\/www.eldigitaldeasturias.com\/noticias\/wp-json\/wp\/v2\/posts"}],"about":[{"href":"https:\/\/www.eldigitaldeasturias.com\/noticias\/wp-json\/wp\/v2\/types\/post"}],"author":[{"embeddable":true,"href":"https:\/\/www.eldigitaldeasturias.com\/noticias\/wp-json\/wp\/v2\/users\/1"}],"replies":[{"embeddable":true,"href":"https:\/\/www.eldigitaldeasturias.com\/noticias\/wp-json\/wp\/v2\/comments?post=1015876"}],"version-history":[{"count":0,"href":"https:\/\/www.eldigitaldeasturias.com\/noticias\/wp-json\/wp\/v2\/posts\/1015876\/revisions"}],"wp:featuredmedia":[{"embeddable":true,"href":"https:\/\/www.eldigitaldeasturias.com\/noticias\/wp-json\/wp\/v2\/media\/1015877"}],"wp:attachment":[{"href":"https:\/\/www.eldigitaldeasturias.com\/noticias\/wp-json\/wp\/v2\/media?parent=1015876"}],"wp:term":[{"taxonomy":"category","embeddable":true,"href":"https:\/\/www.eldigitaldeasturias.com\/noticias\/wp-json\/wp\/v2\/categories?post=1015876"},{"taxonomy":"post_tag","embeddable":true,"href":"https:\/\/www.eldigitaldeasturias.com\/noticias\/wp-json\/wp\/v2\/tags?post=1015876"}],"curies":[{"name":"wp","href":"https:\/\/api.w.org\/{rel}","templated":true}]}}