{"id":1015570,"date":"2019-01-31T17:50:12","date_gmt":"2019-01-31T17:50:12","guid":{"rendered":"https:\/\/www.eldigitaldeasturias.com\/noticias\/?p=1015570"},"modified":"2019-01-31T17:50:12","modified_gmt":"2019-01-31T17:50:12","slug":"entra-en-vigor-el-acuerdo-comercial-entre-la-ue-y-japon","status":"publish","type":"post","link":"https:\/\/www.eldigitaldeasturias.com\/noticias\/entra-en-vigor-el-acuerdo-comercial-entre-la-ue-y-japon\/","title":{"rendered":"Entra en vigor el acuerdo comercial entre la UE y Jap\u00f3n"},"content":{"rendered":"<p class=\"x_MsoNormal\"><span lang=\"ES\"><img loading=\"lazy\" decoding=\"async\" class=\"alignleft size-medium wp-image-983320\" src=\"https:\/\/www.eldigitaldeasturias.com\/noticias\/wp-content\/uploads\/2018\/06\/blue-1283011_960_720-360x252.jpg\" alt=\"\" width=\"360\" height=\"252\" srcset=\"https:\/\/www.eldigitaldeasturias.com\/noticias\/wp-content\/uploads\/2018\/06\/blue-1283011_960_720-360x252.jpg 360w, https:\/\/www.eldigitaldeasturias.com\/noticias\/wp-content\/uploads\/2018\/06\/blue-1283011_960_720-429x300.jpg 429w, https:\/\/www.eldigitaldeasturias.com\/noticias\/wp-content\/uploads\/2018\/06\/blue-1283011_960_720-768x537.jpg 768w, https:\/\/www.eldigitaldeasturias.com\/noticias\/wp-content\/uploads\/2018\/06\/blue-1283011_960_720-687x480.jpg 687w, https:\/\/www.eldigitaldeasturias.com\/noticias\/wp-content\/uploads\/2018\/06\/blue-1283011_960_720-20x14.jpg 20w, https:\/\/www.eldigitaldeasturias.com\/noticias\/wp-content\/uploads\/2018\/06\/blue-1283011_960_720.jpg 960w\" sizes=\"auto, (max-width: 360px) 100vw, 360px\" \/>El Acuerdo de Asociaci\u00f3n Econ\u00f3mica entre la UE y Jap\u00f3n entra en vigor el 1 de febrero de 2019. Las empresas y los consumidores de toda Europa y de Jap\u00f3n ya pueden beneficiarse de la mayor zona de comercio abierto del mundo.<\/span><\/p>\n<p><span lang=\"ES\">En palabras de Jean-Claude\u00a0<b>Juncker<\/b>, presidente de la Comisi\u00f3n Europea:<i>\u00abEuropa y Jap\u00f3n env\u00edan un mensaje al mundo sobre el futuro del comercio abierto y justo. Abrimos un nuevo mercado en el que viven 635 millones de personas y que representa casi un tercio del producto interior bruto mundial, lo cual une a los europeos y los japoneses m\u00e1s que nunca. El nuevo acuerdo ofrecer\u00e1 a los consumidores mayores posibilidades de elecci\u00f3n y precios m\u00e1s baratos; proteger\u00e1 los grandes productos europeos en Jap\u00f3n y viceversa, como el Tiroler Speck austr\u00edaco o la carne de vacuno de Kobe; ofrecer\u00e1 a las peque\u00f1as empresas de ambas partes la posibilidad de llegar a un mercado completamente nuevo; ahorrar\u00e1 a las empresas europeas 1\u00a0000 millones EUR en derechos de aduana cada a\u00f1o y dar\u00e1 un gran impulso a los intercambios comerciales que ya manten\u00edamos. Nuestro acuerdo muestra sobre todo que el comercio consiste en algo m\u00e1s que en contingentes y aranceles, o en millones de unidades monetarias. Consiste tambi\u00e9n en valores, principios y equidad. Garantiza que nuestros principios en \u00e1mbitos como el trabajo, la seguridad, el clima y la protecci\u00f3n de los consumidores constituyan el patr\u00f3n oro a escala mundial. Esto solo sucede cuando se trabaja con los socios m\u00e1s naturales, unidos por la amistad y los valores aunque miles de kil\u00f3metros los separen\u00bb.<\/i><\/span><\/p>\n<p class=\"x_MsoNormal\"><span lang=\"ES\">Por su parte, Cecilia\u00a0<b>Malmstr\u00f6m<\/b>, comisaria de Comercio, ha declarado lo siguiente:\u00a0<i>\u00abEste acuerdo lo tiene todo: elimina aranceles y contribuye al c\u00f3digo normativo mundial, al mismo tiempo que demuestra al mundo que ambas partes estamos convencidas de los beneficios del comercio abierto. A partir del 1 de febrero, las empresas europeas se beneficiar\u00e1n de la eliminaci\u00f3n de aranceles y de procedimientos aduaneros simplificados. Tanto nuestros fabricantes, proveedores de servicios y empresas emergentes en el \u00e1mbito tecnol\u00f3gico como nuestros agricultores tienen motivos para celebrarlo. Al mismo tiempo, estoy orgullosa de haber integrado por primera vez en un acuerdo comercial nuestros compromisos en el Acuerdo de Par\u00eds sobre el cambio clim\u00e1tico, as\u00ed como de haber fijado normas estrictas con respecto a los derechos de los trabajadores y la protecci\u00f3n de los consumidores. Se han sentado las bases para un avance importante en nuestros intercambios comerciales, lo que, a su vez, crea puestos de trabajo y reduce los precios. Ahora corresponde a las empresas y las personas aprovechar estas nuevas oportunidades comerciales al m\u00e1ximo. Tambi\u00e9n contamos con que todos los Estados miembros de la UE difundan este mensaje por todas partes\u00bb.<\/i><\/span><\/p>\n<p class=\"x_MsoNormal\"><span lang=\"ES\">El Acuerdo de Asociaci\u00f3n Econ\u00f3mica elimina la gran mayor\u00eda de los 1\u00a0000 millones EUR de derechos que pagan cada a\u00f1o las empresas de la UE que exportan a Jap\u00f3n. Una vez que el Acuerdo se aplique plenamente, Jap\u00f3n habr\u00e1 eliminado los derechos de aduana sobre el 97\u00a0% de las mercanc\u00edas importadas de la UE. El Acuerdo tambi\u00e9n suprime diversas barreras no arancelarias que vienen de antiguo, por ejemplo al incorporar normas internacionales sobre autom\u00f3viles. Tambi\u00e9n derribar\u00e1 algunos obst\u00e1culos para exportadores clave de alimentos y bebidas de la UE a 127 millones de consumidores japoneses, y aumentar\u00e1 las oportunidades de exportaci\u00f3n en otros sectores. El comercio anual entre la UE y Jap\u00f3n podr\u00eda aumentar en casi 36\u00a0000 millones EUR una vez que el acuerdo se aplique en su totalidad.<\/span><\/p>\n<p class=\"x_MsoNormal\"><span lang=\"ES\">La UE y Jap\u00f3n han acordado establecer normas ambiciosas en materia de desarrollo sostenible y el texto incluye por primera vez un compromiso espec\u00edfico con el Acuerdo de Par\u00eds sobre el cambio clim\u00e1tico.<\/span><\/p>\n<p class=\"x_MsoNormal\"><b><span lang=\"ES\">Elementos clave del Acuerdo de Asociaci\u00f3n Econ\u00f3mica<\/span><\/b><\/p>\n<p class=\"x_MsoNormal\"><span lang=\"ES\">Por lo que respecta a las exportaciones agr\u00edcolas de la UE, el Acuerdo, en particular:<\/span><\/p>\n<ul type=\"disc\">\n<li class=\"x_MsoNormal\"><span lang=\"ES\">eliminar\u00e1 los derechos de aduana japoneses que se aplican a numerosos quesos, como el\u00a0<i>Gouda<\/i>\u00a0y el\u00a0<i>Cheddar<\/i>\u00a0(que actualmente son del 29,8\u00a0%), as\u00ed como a las exportaciones de vino (actualmente de una media del 15\u00a0%);<\/span><\/li>\n<li class=\"x_MsoNormal\"><span lang=\"ES\">permitir\u00e1 a la UE incrementar sustancialmente sus exportaciones de carne de vacuno a Jap\u00f3n y, en lo que se refiere a la carne de cerdo, existir\u00e1 un comercio libre de derechos para la carne transformada y casi libre de derechos para la carne fresca;<\/span><\/li>\n<li class=\"x_MsoNormal\"><span lang=\"ES\">garantizar\u00e1 la protecci\u00f3n en Jap\u00f3n de m\u00e1s de doscientos productos agr\u00edcolas europeos de alta calidad, las denominadas indicaciones geogr\u00e1ficas (IG) y la protecci\u00f3n de una selecci\u00f3n de IG japonesas en la UE.<\/span><\/li>\n<\/ul>\n<p class=\"x_MsoNormal\"><span lang=\"ES\">El acuerdo garantiza tambi\u00e9n la apertura de mercados de servicios, en particular los servicios financieros, el comercio electr\u00f3nico, las telecomunicaciones y el transporte.\u00a0<\/span>Asimismo:<\/p>\n<ul type=\"disc\">\n<li class=\"x_MsoNormal\"><span lang=\"ES\">facilita a las empresas de la Uni\u00f3n el acceso a mercados de contrataci\u00f3n p\u00fablica de cincuenta y cuatro grandes ciudades japonesas y elimina obst\u00e1culos a la contrataci\u00f3n p\u00fablica en el sector ferroviario, que tiene gran importancia econ\u00f3mica a nivel nacional.<\/span><\/li>\n<li class=\"x_MsoNormal\"><span lang=\"ES\">protege sensibilidades espec\u00edficas en la UE, por ejemplo en el sector del autom\u00f3vil, con per\u00edodos de transici\u00f3n de hasta siete a\u00f1os antes de que se eliminen los derechos de aduana.<\/span><\/li>\n<\/ul>\n<p class=\"x_MsoNormal\"><span lang=\"ES\">El Acuerdo tambi\u00e9n incluye un cap\u00edtulo detallado sobre comercio y desarrollo sostenible; incluye elementos espec\u00edficos de simplificaci\u00f3n para las peque\u00f1as y medianas empresas; establece est\u00e1ndares muy elevados en materia de trabajo, seguridad, protecci\u00f3n del medio ambiente y protecci\u00f3n de los consumidores; refuerza los compromisos de la UE y de Jap\u00f3n en materia de desarrollo sostenible y cambio clim\u00e1tico, y garantiza plenamente los servicios p\u00fablicos.<\/span><\/p>\n<p class=\"x_MsoNormal\"><span lang=\"ES\">En cuanto a protecci\u00f3n de datos, el 23 de enero de este a\u00f1o la UE y Jap\u00f3n adoptaron decisiones destinadas a que los datos personales puedan circular libremente y en condiciones de seguridad entre ambos socios. Acordaron el reconocimiento mutuo de sus sistemas de protecci\u00f3n de datos como \u00abequivalentes\u00bb, lo que crear\u00e1 la mayor zona mundial de flujos seguros de datos.<\/span><\/p>\n<p class=\"x_MsoNormal\"><span lang=\"ES\">A partir del 1 de febrero, gran parte de otro acuerdo \u2014el\u00a0\u00a0<b>Acuerdo de Asociaci\u00f3n Estrat\u00e9gica<\/b>\u00a0entre la Uni\u00f3n Europea y Jap\u00f3n\u2014 tambi\u00e9n se aplica de forma provisional. Dicho Acuerdo, que se firm\u00f3 en julio del a\u00f1o pasado junto con el Acuerdo de Asociaci\u00f3n Econ\u00f3mica, es el primer acuerdo marco bilateral entre la UE y Jap\u00f3n y refuerza la asociaci\u00f3n global al facilitar un marco general para una cooperaci\u00f3n pol\u00edtica y sectorial reforzada as\u00ed como acciones conjuntas sobre cuestiones de inter\u00e9s com\u00fan, entre ellas sobre los retos regionales y mundiales. El Acuerdo entrar\u00e1 formalmente en vigor una vez que haya sido ratificado por todos los Estados miembros de la UE.<\/span><\/p>\n<p class=\"x_MsoNormal\"><b><span lang=\"ES\">Pr\u00f3ximos pasos<\/span><\/b><\/p>\n<p class=\"x_MsoNormal\"><span lang=\"ES\">El Acuerdo de Asociaci\u00f3n Econ\u00f3mica ya est\u00e1 en vigor. Para hacer balance de los primeros meses de aplicaci\u00f3n, en abril de 2019 se celebrar\u00e1 en Bruselas la primera reuni\u00f3n del Comit\u00e9 UE-Jap\u00f3n.<\/span><\/p>\n<p class=\"x_MsoNormal\"><span lang=\"ES\">En cuanto a la cuesti\u00f3n paralela de la protecci\u00f3n de las inversiones, contin\u00faan las negociaciones con Jap\u00f3n sobre soluci\u00f3n de diferencias en materia de normas y protecci\u00f3n de las inversiones, y est\u00e1 programada una reuni\u00f3n de los negociadores principales para el mes de marzo. El firme compromiso de ambas partes es llegar lo antes posible a una convergencia en las negociaciones sobre la protecci\u00f3n de las inversiones, teniendo en cuenta su compromiso conjunto por lograr un entorno estable y seguro para las inversiones en Europa y Jap\u00f3n.<\/span><\/p>\n<p>&nbsp;<\/p>\n","protected":false},"excerpt":{"rendered":"<p>El Acuerdo de Asociaci\u00f3n Econ\u00f3mica entre la UE y Jap\u00f3n entra en vigor el 1 de febrero de 2019. Las empresas y los consumidores de toda Europa y de Jap\u00f3n ya pueden beneficiarse de la mayor zona de comercio abierto del mundo. En palabras de Jean-Claude\u00a0Juncker, presidente de la Comisi\u00f3n Europea:\u00abEuropa y Jap\u00f3n env\u00edan un [&hellip;]<\/p>\n","protected":false},"author":1,"featured_media":983320,"comment_status":"closed","ping_status":"closed","sticky":false,"template":"","format":"standard","meta":{"footnotes":""},"categories":[187],"tags":[],"class_list":["post-1015570","post","type-post","status-publish","format-standard","has-post-thumbnail","hentry","category-economia"],"aioseo_notices":[],"aioseo_head":"\n\t\t<!-- All in One SEO Pro 4.9.6.2 - aioseo.com -->\n\t<meta name=\"description\" content=\"El Acuerdo de Asociaci\u00f3n Econ\u00f3mica entre la UE y Jap\u00f3n entra en vigor el 1 de febrero de 2019. Las empresas y los consumidores de toda Europa y de Jap\u00f3n ya pueden beneficiarse de la mayor zona de comercio abierto del mundo. En palabras de Jean-Claude Juncker, presidente de la Comisi\u00f3n Europea:\u00abEuropa y Jap\u00f3n env\u00edan un\" \/>\n\t<meta name=\"robots\" content=\"max-image-preview:large\" \/>\n\t<meta name=\"author\" content=\"El Digital de Asturias\"\/>\n\t<meta name=\"google-site-verification\" content=\"UA-38556648-1\" \/>\n\t<meta name=\"msvalidate.01\" content=\"7dfe9f3f1b24437ab69f4f2559babe99\" \/>\n\t<meta name=\"keywords\" content=\"econom\u00eda\" \/>\n\t<link rel=\"canonical\" href=\"https:\/\/www.eldigitaldeasturias.com\/noticias\/entra-en-vigor-el-acuerdo-comercial-entre-la-ue-y-japon\/\" \/>\n\t<meta name=\"generator\" content=\"All in One SEO Pro (AIOSEO) 4.9.6.2\" \/>\n\t\t<meta property=\"og:locale\" content=\"es_ES\" \/>\n\t\t<meta property=\"og:site_name\" content=\"El Digital de Asturias\" \/>\n\t\t<meta property=\"og:type\" content=\"article\" \/>\n\t\t<meta property=\"og:title\" content=\"Entra en vigor el acuerdo comercial entre la UE y Jap\u00f3n - El Digital de Asturias\" \/>\n\t\t<meta property=\"og:description\" content=\"El Acuerdo de Asociaci\u00f3n Econ\u00f3mica entre la UE y Jap\u00f3n entra en vigor el 1 de febrero de 2019. Las empresas y los consumidores de toda Europa y de Jap\u00f3n ya pueden beneficiarse de la mayor zona de comercio abierto del mundo. En palabras de Jean-Claude Juncker, presidente de la Comisi\u00f3n Europea:\u00abEuropa y Jap\u00f3n env\u00edan un\" \/>\n\t\t<meta property=\"og:url\" content=\"https:\/\/www.eldigitaldeasturias.com\/noticias\/entra-en-vigor-el-acuerdo-comercial-entre-la-ue-y-japon\/\" \/>\n\t\t<meta property=\"og:image\" content=\"https:\/\/www.eldigitaldeasturias.com\/noticias\/wp-content\/uploads\/2018\/06\/blue-1283011_960_720.jpg\" \/>\n\t\t<meta property=\"og:image:secure_url\" content=\"https:\/\/www.eldigitaldeasturias.com\/noticias\/wp-content\/uploads\/2018\/06\/blue-1283011_960_720.jpg\" \/>\n\t\t<meta property=\"og:image:width\" content=\"960\" \/>\n\t\t<meta property=\"og:image:height\" content=\"671\" \/>\n\t\t<meta property=\"article:tag\" content=\"econom\u00eda\" \/>\n\t\t<meta property=\"article:published_time\" content=\"2019-01-31T17:50:12+00:00\" \/>\n\t\t<meta property=\"article:modified_time\" content=\"2019-01-31T17:50:12+00:00\" \/>\n\t\t<meta property=\"article:publisher\" content=\"https:\/\/facebook.com\/eldigitaldeasturias\" \/>\n\t\t<meta name=\"twitter:card\" content=\"summary_large_image\" \/>\n\t\t<meta name=\"twitter:title\" content=\"Entra en vigor el acuerdo comercial entre la UE y Jap\u00f3n - El Digital de Asturias\" \/>\n\t\t<meta name=\"twitter:description\" content=\"El Acuerdo de Asociaci\u00f3n Econ\u00f3mica entre la UE y Jap\u00f3n entra en vigor el 1 de febrero de 2019. Las empresas y los consumidores de toda Europa y de Jap\u00f3n ya pueden beneficiarse de la mayor zona de comercio abierto del mundo. En palabras de Jean-Claude Juncker, presidente de la Comisi\u00f3n Europea:\u00abEuropa y Jap\u00f3n env\u00edan un\" \/>\n\t\t<meta name=\"twitter:image\" content=\"https:\/\/www.eldigitaldeasturias.com\/noticias\/wp-content\/uploads\/2018\/06\/blue-1283011_960_720.jpg\" \/>\n\t\t<meta name=\"twitter:label1\" content=\"Escrito por\" \/>\n\t\t<meta name=\"twitter:data1\" content=\"El Digital de Asturias\" \/>\n\t\t<meta name=\"twitter:label2\" content=\"Tiempo de lectura estimado\" \/>\n\t\t<meta name=\"twitter:data2\" content=\"7 minutos\" \/>\n\t\t<script type=\"application\/ld+json\" class=\"aioseo-schema\">\n\t\t\t{\"@context\":\"https:\\\/\\\/schema.org\",\"@graph\":[{\"@type\":\"BlogPosting\",\"@id\":\"https:\\\/\\\/www.eldigitaldeasturias.com\\\/noticias\\\/entra-en-vigor-el-acuerdo-comercial-entre-la-ue-y-japon\\\/#blogposting\",\"name\":\"Entra en vigor el acuerdo comercial entre la UE y Jap\\u00f3n - El Digital de Asturias\",\"headline\":\"Entra en vigor el acuerdo comercial entre la UE y Jap\\u00f3n\",\"author\":{\"@id\":\"https:\\\/\\\/www.eldigitaldeasturias.com\\\/noticias\\\/author\\\/admin\\\/#author\"},\"publisher\":{\"@id\":\"https:\\\/\\\/www.eldigitaldeasturias.com\\\/noticias\\\/#organization\"},\"image\":{\"@type\":\"ImageObject\",\"url\":\"https:\\\/\\\/www.eldigitaldeasturias.com\\\/noticias\\\/wp-content\\\/uploads\\\/2018\\\/06\\\/blue-1283011_960_720.jpg\",\"width\":960,\"height\":671},\"datePublished\":\"2019-01-31T17:50:12+01:00\",\"dateModified\":\"2019-01-31T17:50:12+01:00\",\"inLanguage\":\"es-ES\",\"mainEntityOfPage\":{\"@id\":\"https:\\\/\\\/www.eldigitaldeasturias.com\\\/noticias\\\/entra-en-vigor-el-acuerdo-comercial-entre-la-ue-y-japon\\\/#webpage\"},\"isPartOf\":{\"@id\":\"https:\\\/\\\/www.eldigitaldeasturias.com\\\/noticias\\\/entra-en-vigor-el-acuerdo-comercial-entre-la-ue-y-japon\\\/#webpage\"},\"articleSection\":\"Econom\\u00eda\"},{\"@type\":\"BreadcrumbList\",\"@id\":\"https:\\\/\\\/www.eldigitaldeasturias.com\\\/noticias\\\/entra-en-vigor-el-acuerdo-comercial-entre-la-ue-y-japon\\\/#breadcrumblist\",\"itemListElement\":[{\"@type\":\"ListItem\",\"@id\":\"https:\\\/\\\/www.eldigitaldeasturias.com\\\/noticias#listItem\",\"position\":1,\"name\":\"Home\",\"item\":\"https:\\\/\\\/www.eldigitaldeasturias.com\\\/noticias\",\"nextItem\":{\"@type\":\"ListItem\",\"@id\":\"https:\\\/\\\/www.eldigitaldeasturias.com\\\/noticias\\\/category\\\/economia\\\/#listItem\",\"name\":\"Econom\\u00eda\"}},{\"@type\":\"ListItem\",\"@id\":\"https:\\\/\\\/www.eldigitaldeasturias.com\\\/noticias\\\/category\\\/economia\\\/#listItem\",\"position\":2,\"name\":\"Econom\\u00eda\",\"item\":\"https:\\\/\\\/www.eldigitaldeasturias.com\\\/noticias\\\/category\\\/economia\\\/\",\"nextItem\":{\"@type\":\"ListItem\",\"@id\":\"https:\\\/\\\/www.eldigitaldeasturias.com\\\/noticias\\\/entra-en-vigor-el-acuerdo-comercial-entre-la-ue-y-japon\\\/#listItem\",\"name\":\"Entra en vigor el acuerdo comercial entre la UE y Jap\\u00f3n\"},\"previousItem\":{\"@type\":\"ListItem\",\"@id\":\"https:\\\/\\\/www.eldigitaldeasturias.com\\\/noticias#listItem\",\"name\":\"Home\"}},{\"@type\":\"ListItem\",\"@id\":\"https:\\\/\\\/www.eldigitaldeasturias.com\\\/noticias\\\/entra-en-vigor-el-acuerdo-comercial-entre-la-ue-y-japon\\\/#listItem\",\"position\":3,\"name\":\"Entra en vigor el acuerdo comercial entre la UE y Jap\\u00f3n\",\"previousItem\":{\"@type\":\"ListItem\",\"@id\":\"https:\\\/\\\/www.eldigitaldeasturias.com\\\/noticias\\\/category\\\/economia\\\/#listItem\",\"name\":\"Econom\\u00eda\"}}]},{\"@type\":\"Organization\",\"@id\":\"https:\\\/\\\/www.eldigitaldeasturias.com\\\/noticias\\\/#organization\",\"name\":\"El Digital de Asturias\",\"description\":\"Hemeroteca\",\"url\":\"https:\\\/\\\/www.eldigitaldeasturias.com\\\/noticias\\\/\",\"email\":\"info@eldigitaldeasturias.com\",\"telephone\":\"+34652131393\",\"logo\":{\"@type\":\"ImageObject\",\"url\":\"https:\\\/\\\/www.eldigitaldeasturias.com\\\/noticias\\\/wp-content\\\/uploads\\\/2020\\\/12\\\/EDA.jpg\",\"@id\":\"https:\\\/\\\/www.eldigitaldeasturias.com\\\/noticias\\\/entra-en-vigor-el-acuerdo-comercial-entre-la-ue-y-japon\\\/#organizationLogo\",\"width\":649,\"height\":297},\"image\":{\"@id\":\"https:\\\/\\\/www.eldigitaldeasturias.com\\\/noticias\\\/entra-en-vigor-el-acuerdo-comercial-entre-la-ue-y-japon\\\/#organizationLogo\"},\"sameAs\":[\"https:\\\/\\\/facebook.com\\\/eldigitaldeasturias\",\"https:\\\/\\\/www.youtube.com\\\/channel\\\/UCZP-2wLEB9Rv6erhFmqVnvg\"],\"address\":{\"@id\":\"https:\\\/\\\/www.eldigitaldeasturias.com\\\/noticias\\\/#postaladdress\",\"@type\":\"PostalAddress\",\"streetAddress\":\"san antonio 4,\",\"postalCode\":\"33430\",\"addressLocality\":\"Cand\\u00e1s\",\"addressRegion\":\"Asturias\",\"addressCountry\":\"ES\"}},{\"@type\":\"Person\",\"@id\":\"https:\\\/\\\/www.eldigitaldeasturias.com\\\/noticias\\\/author\\\/admin\\\/#author\",\"url\":\"https:\\\/\\\/www.eldigitaldeasturias.com\\\/noticias\\\/author\\\/admin\\\/\",\"name\":\"El Digital de Asturias\",\"image\":{\"@type\":\"ImageObject\",\"@id\":\"https:\\\/\\\/www.eldigitaldeasturias.com\\\/noticias\\\/entra-en-vigor-el-acuerdo-comercial-entre-la-ue-y-japon\\\/#authorImage\",\"url\":\"https:\\\/\\\/www.eldigitaldeasturias.com\\\/noticias\\\/wp-content\\\/litespeed\\\/avatar\\\/18677e78aa0546b92d9dbf31ec7d7668.jpg?ver=1777290358\",\"width\":96,\"height\":96,\"caption\":\"El Digital de Asturias\"}},{\"@type\":\"WebPage\",\"@id\":\"https:\\\/\\\/www.eldigitaldeasturias.com\\\/noticias\\\/entra-en-vigor-el-acuerdo-comercial-entre-la-ue-y-japon\\\/#webpage\",\"url\":\"https:\\\/\\\/www.eldigitaldeasturias.com\\\/noticias\\\/entra-en-vigor-el-acuerdo-comercial-entre-la-ue-y-japon\\\/\",\"name\":\"Entra en vigor el acuerdo comercial entre la UE y Jap\\u00f3n - El Digital de Asturias\",\"description\":\"El Acuerdo de Asociaci\\u00f3n Econ\\u00f3mica entre la UE y Jap\\u00f3n entra en vigor el 1 de febrero de 2019. Las empresas y los consumidores de toda Europa y de Jap\\u00f3n ya pueden beneficiarse de la mayor zona de comercio abierto del mundo. En palabras de Jean-Claude Juncker, presidente de la Comisi\\u00f3n Europea:\\u00abEuropa y Jap\\u00f3n env\\u00edan un\",\"inLanguage\":\"es-ES\",\"isPartOf\":{\"@id\":\"https:\\\/\\\/www.eldigitaldeasturias.com\\\/noticias\\\/#website\"},\"breadcrumb\":{\"@id\":\"https:\\\/\\\/www.eldigitaldeasturias.com\\\/noticias\\\/entra-en-vigor-el-acuerdo-comercial-entre-la-ue-y-japon\\\/#breadcrumblist\"},\"author\":{\"@id\":\"https:\\\/\\\/www.eldigitaldeasturias.com\\\/noticias\\\/author\\\/admin\\\/#author\"},\"creator\":{\"@id\":\"https:\\\/\\\/www.eldigitaldeasturias.com\\\/noticias\\\/author\\\/admin\\\/#author\"},\"image\":{\"@type\":\"ImageObject\",\"url\":\"https:\\\/\\\/www.eldigitaldeasturias.com\\\/noticias\\\/wp-content\\\/uploads\\\/2018\\\/06\\\/blue-1283011_960_720.jpg\",\"@id\":\"https:\\\/\\\/www.eldigitaldeasturias.com\\\/noticias\\\/entra-en-vigor-el-acuerdo-comercial-entre-la-ue-y-japon\\\/#mainImage\",\"width\":960,\"height\":671},\"primaryImageOfPage\":{\"@id\":\"https:\\\/\\\/www.eldigitaldeasturias.com\\\/noticias\\\/entra-en-vigor-el-acuerdo-comercial-entre-la-ue-y-japon\\\/#mainImage\"},\"datePublished\":\"2019-01-31T17:50:12+01:00\",\"dateModified\":\"2019-01-31T17:50:12+01:00\"},{\"@type\":\"WebSite\",\"@id\":\"https:\\\/\\\/www.eldigitaldeasturias.com\\\/noticias\\\/#website\",\"url\":\"https:\\\/\\\/www.eldigitaldeasturias.com\\\/noticias\\\/\",\"name\":\"El Digital de Asturias - Diario de actualidad y noticias\",\"alternateName\":\"El Digital de Asturias - Diario de actualidad y noticias\",\"description\":\"Hemeroteca\",\"inLanguage\":\"es-ES\",\"publisher\":{\"@id\":\"https:\\\/\\\/www.eldigitaldeasturias.com\\\/noticias\\\/#organization\"}}]}\n\t\t<\/script>\n\t\t<!-- All in One SEO Pro -->\r\n\t\t<title>Entra en vigor el acuerdo comercial entre la UE y Jap\u00f3n - El Digital de Asturias<\/title>\n\n","aioseo_head_json":{"title":"Entra en vigor el acuerdo comercial entre la UE y Jap\u00f3n - El Digital de Asturias","description":"El Acuerdo de Asociaci\u00f3n Econ\u00f3mica entre la UE y Jap\u00f3n entra en vigor el 1 de febrero de 2019. Las empresas y los consumidores de toda Europa y de Jap\u00f3n ya pueden beneficiarse de la mayor zona de comercio abierto del mundo. En palabras de Jean-Claude Juncker, presidente de la Comisi\u00f3n Europea:\u00abEuropa y Jap\u00f3n env\u00edan un","canonical_url":"https:\/\/www.eldigitaldeasturias.com\/noticias\/entra-en-vigor-el-acuerdo-comercial-entre-la-ue-y-japon\/","robots":"max-image-preview:large","keywords":"econom\u00eda","webmasterTools":{"google-site-verification":"UA-38556648-1","msvalidate.01":"7dfe9f3f1b24437ab69f4f2559babe99","miscellaneous":""},"schema":{"@context":"https:\/\/schema.org","@graph":[{"@type":"BlogPosting","@id":"https:\/\/www.eldigitaldeasturias.com\/noticias\/entra-en-vigor-el-acuerdo-comercial-entre-la-ue-y-japon\/#blogposting","name":"Entra en vigor el acuerdo comercial entre la UE y Jap\u00f3n - El Digital de Asturias","headline":"Entra en vigor el acuerdo comercial entre la UE y Jap\u00f3n","author":{"@id":"https:\/\/www.eldigitaldeasturias.com\/noticias\/author\/admin\/#author"},"publisher":{"@id":"https:\/\/www.eldigitaldeasturias.com\/noticias\/#organization"},"image":{"@type":"ImageObject","url":"https:\/\/www.eldigitaldeasturias.com\/noticias\/wp-content\/uploads\/2018\/06\/blue-1283011_960_720.jpg","width":960,"height":671},"datePublished":"2019-01-31T17:50:12+01:00","dateModified":"2019-01-31T17:50:12+01:00","inLanguage":"es-ES","mainEntityOfPage":{"@id":"https:\/\/www.eldigitaldeasturias.com\/noticias\/entra-en-vigor-el-acuerdo-comercial-entre-la-ue-y-japon\/#webpage"},"isPartOf":{"@id":"https:\/\/www.eldigitaldeasturias.com\/noticias\/entra-en-vigor-el-acuerdo-comercial-entre-la-ue-y-japon\/#webpage"},"articleSection":"Econom\u00eda"},{"@type":"BreadcrumbList","@id":"https:\/\/www.eldigitaldeasturias.com\/noticias\/entra-en-vigor-el-acuerdo-comercial-entre-la-ue-y-japon\/#breadcrumblist","itemListElement":[{"@type":"ListItem","@id":"https:\/\/www.eldigitaldeasturias.com\/noticias#listItem","position":1,"name":"Home","item":"https:\/\/www.eldigitaldeasturias.com\/noticias","nextItem":{"@type":"ListItem","@id":"https:\/\/www.eldigitaldeasturias.com\/noticias\/category\/economia\/#listItem","name":"Econom\u00eda"}},{"@type":"ListItem","@id":"https:\/\/www.eldigitaldeasturias.com\/noticias\/category\/economia\/#listItem","position":2,"name":"Econom\u00eda","item":"https:\/\/www.eldigitaldeasturias.com\/noticias\/category\/economia\/","nextItem":{"@type":"ListItem","@id":"https:\/\/www.eldigitaldeasturias.com\/noticias\/entra-en-vigor-el-acuerdo-comercial-entre-la-ue-y-japon\/#listItem","name":"Entra en vigor el acuerdo comercial entre la UE y Jap\u00f3n"},"previousItem":{"@type":"ListItem","@id":"https:\/\/www.eldigitaldeasturias.com\/noticias#listItem","name":"Home"}},{"@type":"ListItem","@id":"https:\/\/www.eldigitaldeasturias.com\/noticias\/entra-en-vigor-el-acuerdo-comercial-entre-la-ue-y-japon\/#listItem","position":3,"name":"Entra en vigor el acuerdo comercial entre la UE y Jap\u00f3n","previousItem":{"@type":"ListItem","@id":"https:\/\/www.eldigitaldeasturias.com\/noticias\/category\/economia\/#listItem","name":"Econom\u00eda"}}]},{"@type":"Organization","@id":"https:\/\/www.eldigitaldeasturias.com\/noticias\/#organization","name":"El Digital de Asturias","description":"Hemeroteca","url":"https:\/\/www.eldigitaldeasturias.com\/noticias\/","email":"info@eldigitaldeasturias.com","telephone":"+34652131393","logo":{"@type":"ImageObject","url":"https:\/\/www.eldigitaldeasturias.com\/noticias\/wp-content\/uploads\/2020\/12\/EDA.jpg","@id":"https:\/\/www.eldigitaldeasturias.com\/noticias\/entra-en-vigor-el-acuerdo-comercial-entre-la-ue-y-japon\/#organizationLogo","width":649,"height":297},"image":{"@id":"https:\/\/www.eldigitaldeasturias.com\/noticias\/entra-en-vigor-el-acuerdo-comercial-entre-la-ue-y-japon\/#organizationLogo"},"sameAs":["https:\/\/facebook.com\/eldigitaldeasturias","https:\/\/www.youtube.com\/channel\/UCZP-2wLEB9Rv6erhFmqVnvg"],"address":{"@id":"https:\/\/www.eldigitaldeasturias.com\/noticias\/#postaladdress","@type":"PostalAddress","streetAddress":"san antonio 4,","postalCode":"33430","addressLocality":"Cand\u00e1s","addressRegion":"Asturias","addressCountry":"ES"}},{"@type":"Person","@id":"https:\/\/www.eldigitaldeasturias.com\/noticias\/author\/admin\/#author","url":"https:\/\/www.eldigitaldeasturias.com\/noticias\/author\/admin\/","name":"El Digital de Asturias","image":{"@type":"ImageObject","@id":"https:\/\/www.eldigitaldeasturias.com\/noticias\/entra-en-vigor-el-acuerdo-comercial-entre-la-ue-y-japon\/#authorImage","url":"https:\/\/www.eldigitaldeasturias.com\/noticias\/wp-content\/litespeed\/avatar\/18677e78aa0546b92d9dbf31ec7d7668.jpg?ver=1777290358","width":96,"height":96,"caption":"El Digital de Asturias"}},{"@type":"WebPage","@id":"https:\/\/www.eldigitaldeasturias.com\/noticias\/entra-en-vigor-el-acuerdo-comercial-entre-la-ue-y-japon\/#webpage","url":"https:\/\/www.eldigitaldeasturias.com\/noticias\/entra-en-vigor-el-acuerdo-comercial-entre-la-ue-y-japon\/","name":"Entra en vigor el acuerdo comercial entre la UE y Jap\u00f3n - El Digital de Asturias","description":"El Acuerdo de Asociaci\u00f3n Econ\u00f3mica entre la UE y Jap\u00f3n entra en vigor el 1 de febrero de 2019. Las empresas y los consumidores de toda Europa y de Jap\u00f3n ya pueden beneficiarse de la mayor zona de comercio abierto del mundo. En palabras de Jean-Claude Juncker, presidente de la Comisi\u00f3n Europea:\u00abEuropa y Jap\u00f3n env\u00edan un","inLanguage":"es-ES","isPartOf":{"@id":"https:\/\/www.eldigitaldeasturias.com\/noticias\/#website"},"breadcrumb":{"@id":"https:\/\/www.eldigitaldeasturias.com\/noticias\/entra-en-vigor-el-acuerdo-comercial-entre-la-ue-y-japon\/#breadcrumblist"},"author":{"@id":"https:\/\/www.eldigitaldeasturias.com\/noticias\/author\/admin\/#author"},"creator":{"@id":"https:\/\/www.eldigitaldeasturias.com\/noticias\/author\/admin\/#author"},"image":{"@type":"ImageObject","url":"https:\/\/www.eldigitaldeasturias.com\/noticias\/wp-content\/uploads\/2018\/06\/blue-1283011_960_720.jpg","@id":"https:\/\/www.eldigitaldeasturias.com\/noticias\/entra-en-vigor-el-acuerdo-comercial-entre-la-ue-y-japon\/#mainImage","width":960,"height":671},"primaryImageOfPage":{"@id":"https:\/\/www.eldigitaldeasturias.com\/noticias\/entra-en-vigor-el-acuerdo-comercial-entre-la-ue-y-japon\/#mainImage"},"datePublished":"2019-01-31T17:50:12+01:00","dateModified":"2019-01-31T17:50:12+01:00"},{"@type":"WebSite","@id":"https:\/\/www.eldigitaldeasturias.com\/noticias\/#website","url":"https:\/\/www.eldigitaldeasturias.com\/noticias\/","name":"El Digital de Asturias - Diario de actualidad y noticias","alternateName":"El Digital de Asturias - Diario de actualidad y noticias","description":"Hemeroteca","inLanguage":"es-ES","publisher":{"@id":"https:\/\/www.eldigitaldeasturias.com\/noticias\/#organization"}}]},"og:locale":"es_ES","og:site_name":"El Digital de Asturias","og:type":"article","og:title":"Entra en vigor el acuerdo comercial entre la UE y Jap\u00f3n - El Digital de Asturias","og:description":"El Acuerdo de Asociaci\u00f3n Econ\u00f3mica entre la UE y Jap\u00f3n entra en vigor el 1 de febrero de 2019. Las empresas y los consumidores de toda Europa y de Jap\u00f3n ya pueden beneficiarse de la mayor zona de comercio abierto del mundo. En palabras de Jean-Claude Juncker, presidente de la Comisi\u00f3n Europea:\u00abEuropa y Jap\u00f3n env\u00edan un","og:url":"https:\/\/www.eldigitaldeasturias.com\/noticias\/entra-en-vigor-el-acuerdo-comercial-entre-la-ue-y-japon\/","og:image":"https:\/\/www.eldigitaldeasturias.com\/noticias\/wp-content\/uploads\/2018\/06\/blue-1283011_960_720.jpg","og:image:secure_url":"https:\/\/www.eldigitaldeasturias.com\/noticias\/wp-content\/uploads\/2018\/06\/blue-1283011_960_720.jpg","og:image:width":960,"og:image:height":671,"article:tag":["econom\u00eda"],"article:published_time":"2019-01-31T17:50:12+00:00","article:modified_time":"2019-01-31T17:50:12+00:00","article:publisher":"https:\/\/facebook.com\/eldigitaldeasturias","twitter:card":"summary_large_image","twitter:title":"Entra en vigor el acuerdo comercial entre la UE y Jap\u00f3n - El Digital de Asturias","twitter:description":"El Acuerdo de Asociaci\u00f3n Econ\u00f3mica entre la UE y Jap\u00f3n entra en vigor el 1 de febrero de 2019. Las empresas y los consumidores de toda Europa y de Jap\u00f3n ya pueden beneficiarse de la mayor zona de comercio abierto del mundo. En palabras de Jean-Claude Juncker, presidente de la Comisi\u00f3n Europea:\u00abEuropa y Jap\u00f3n env\u00edan un","twitter:image":"https:\/\/www.eldigitaldeasturias.com\/noticias\/wp-content\/uploads\/2018\/06\/blue-1283011_960_720.jpg","twitter:label1":"Escrito por","twitter:data1":"El Digital de Asturias","twitter:label2":"Tiempo de lectura estimado","twitter:data2":"7 minutos"},"aioseo_meta_data":{"post_id":"1015570","title":null,"description":null,"keywords":null,"keyphrases":null,"primary_term":null,"canonical_url":null,"og_title":null,"og_description":null,"og_object_type":"default","og_image_type":"default","og_image_url":null,"og_image_width":null,"og_image_height":null,"og_image_custom_url":null,"og_image_custom_fields":null,"og_video":null,"og_custom_url":null,"og_article_section":null,"og_article_tags":null,"twitter_use_og":false,"twitter_card":"default","twitter_image_type":"default","twitter_image_url":null,"twitter_image_custom_url":null,"twitter_image_custom_fields":null,"twitter_title":null,"twitter_description":null,"schema":{"blockGraphs":[],"customGraphs":[],"default":{"data":{"Article":[],"Course":[],"Dataset":[],"FAQPage":[],"Movie":[],"Person":[],"Product":[],"ProductReview":[],"Car":[],"Recipe":[],"Service":[],"SoftwareApplication":[],"WebPage":[]},"graphName":"","isEnabled":true},"graphs":[]},"schema_type":null,"schema_type_options":null,"pillar_content":false,"robots_default":true,"robots_noindex":false,"robots_noarchive":false,"robots_nosnippet":false,"robots_nofollow":false,"robots_noimageindex":false,"robots_noodp":false,"robots_notranslate":false,"robots_max_snippet":null,"robots_max_videopreview":null,"robots_max_imagepreview":"large","priority":null,"frequency":null,"local_seo":null,"seo_analyzer_scan_date":"2025-10-15 21:52:22","breadcrumb_settings":null,"limit_modified_date":false,"open_ai":null,"ai":null,"created":"2020-12-21 11:21:25","updated":"2025-10-15 21:52:22"},"aioseo_breadcrumb":"<div class=\"aioseo-breadcrumbs\"><span class=\"aioseo-breadcrumb\">\n\t<a href=\"https:\/\/www.eldigitaldeasturias.com\/noticias\" title=\"Home\">Home<\/a>\n<\/span><span class=\"aioseo-breadcrumb-separator\">\u2013<\/span><span class=\"aioseo-breadcrumb\">\n\t<a href=\"https:\/\/www.eldigitaldeasturias.com\/noticias\/category\/economia\/\" title=\"Econom\u00eda\">Econom\u00eda<\/a>\n<\/span><span class=\"aioseo-breadcrumb-separator\">\u2013<\/span><span class=\"aioseo-breadcrumb\">\n\t<a href=\"https:\/\/www.eldigitaldeasturias.com\/noticias\/entra-en-vigor-el-acuerdo-comercial-entre-la-ue-y-japon\/\" title=\"Entra en vigor el acuerdo comercial entre la UE y Jap\u00f3n\">Entra en vigor el acuerdo comercial entre la UE y Jap\u00f3n<\/a>\n<\/span><\/div>","aioseo_breadcrumb_json":[{"label":"Home","link":"https:\/\/www.eldigitaldeasturias.com\/noticias"},{"label":"Econom\u00eda","link":"https:\/\/www.eldigitaldeasturias.com\/noticias\/category\/economia\/"},{"label":"Entra en vigor el acuerdo comercial entre la UE y Jap\u00f3n","link":"https:\/\/www.eldigitaldeasturias.com\/noticias\/entra-en-vigor-el-acuerdo-comercial-entre-la-ue-y-japon\/"}],"_links":{"self":[{"href":"https:\/\/www.eldigitaldeasturias.com\/noticias\/wp-json\/wp\/v2\/posts\/1015570","targetHints":{"allow":["GET"]}}],"collection":[{"href":"https:\/\/www.eldigitaldeasturias.com\/noticias\/wp-json\/wp\/v2\/posts"}],"about":[{"href":"https:\/\/www.eldigitaldeasturias.com\/noticias\/wp-json\/wp\/v2\/types\/post"}],"author":[{"embeddable":true,"href":"https:\/\/www.eldigitaldeasturias.com\/noticias\/wp-json\/wp\/v2\/users\/1"}],"replies":[{"embeddable":true,"href":"https:\/\/www.eldigitaldeasturias.com\/noticias\/wp-json\/wp\/v2\/comments?post=1015570"}],"version-history":[{"count":0,"href":"https:\/\/www.eldigitaldeasturias.com\/noticias\/wp-json\/wp\/v2\/posts\/1015570\/revisions"}],"wp:featuredmedia":[{"embeddable":true,"href":"https:\/\/www.eldigitaldeasturias.com\/noticias\/wp-json\/wp\/v2\/media\/983320"}],"wp:attachment":[{"href":"https:\/\/www.eldigitaldeasturias.com\/noticias\/wp-json\/wp\/v2\/media?parent=1015570"}],"wp:term":[{"taxonomy":"category","embeddable":true,"href":"https:\/\/www.eldigitaldeasturias.com\/noticias\/wp-json\/wp\/v2\/categories?post=1015570"},{"taxonomy":"post_tag","embeddable":true,"href":"https:\/\/www.eldigitaldeasturias.com\/noticias\/wp-json\/wp\/v2\/tags?post=1015570"}],"curies":[{"name":"wp","href":"https:\/\/api.w.org\/{rel}","templated":true}]}}