{"id":1015546,"date":"2019-01-31T15:40:08","date_gmt":"2019-01-31T15:40:08","guid":{"rendered":"https:\/\/www.eldigitaldeasturias.com\/noticias\/?p=1015546"},"modified":"2019-01-31T15:40:08","modified_gmt":"2019-01-31T15:40:08","slug":"grupo-daniel-alonso-reconocido-con-el-premio-innova-empresarial","status":"publish","type":"post","link":"https:\/\/www.eldigitaldeasturias.com\/noticias\/grupo-daniel-alonso-reconocido-con-el-premio-innova-empresarial\/","title":{"rendered":"Grupo Daniel Alonso reconocido con el Premio Innova Empresarial"},"content":{"rendered":"<p><span style=\"font-weight: 400;\">EL COMERCIO y Vodafone se unen para presentar el pr\u00f3ximo jueves 31 de enero a las 19:30 horas los Premios Innova, en los que ser\u00e1 reconocido entre otros, el <\/span><span style=\"color: #ff6600;\"><strong><a style=\"color: #ff6600;\" href=\"https:\/\/es.linkedin.com\/company\/grupo-daniel-alonso-sl\" target=\"_blank\" rel=\"noopener\">Grupo Daniel Alonso<\/a><\/strong><\/span><span style=\"font-weight: 400;\">. <\/span><\/p>\n<p><span style=\"font-weight: 400;\">El acto tendr\u00e1 lugar en el Centro de Arte y Creaci\u00f3n Industrial de la Laboral contando con la presencia del ministro de Trabajo e Industria, Isaac Pola, y del director general de Capsa Food, Jos\u00e9 Armando Tellado. <\/span><\/p>\n<p><span style=\"font-weight: 400;\"> La primera edici\u00f3n de los galardones, valoran la apuesta por nuevos modelos de negocio y tecnolog\u00eda. Entre los premios de este a\u00f1o se otorgar\u00e1 el Premio Innova al Camino del Emprendedor, que recaer\u00e1 sobre <\/span><span style=\"font-weight: 400;\">Cafento<\/span><span style=\"font-weight: 400;\">; el Premio a la Innovaci\u00f3n por Servicio Social y Ciudadan\u00eda, ser\u00e1 para el <\/span><span style=\"font-weight: 400;\">Centro Europeo de Empresas e Innovaci\u00f3n del Principado de Asturias<\/span><span style=\"font-weight: 400;\"> (CEEI); el Innova 4.0 para <\/span><span style=\"font-weight: 400;\">AcerlorMittal<\/span><span style=\"font-weight: 400;\"> y el Premio Innova Empresarial para el <\/span><span style=\"font-weight: 400;\">Grupo Daniel Alonso<\/span><span style=\"font-weight: 400;\">, que acumula varios reconocimientos a lo largo de su trayectoria.<\/span><\/p>\n<p><span style=\"color: #ff6600;\"><a style=\"color: #ff6600;\" href=\"https:\/\/jesusalonsovillaron.es\/\" target=\"_blank\" rel=\"noopener\"><span style=\"font-weight: 400;\"><strong>Jes\u00fas Alonso, del Grupo Daniel Alonso<\/strong><\/span><\/a><\/span><span style=\"font-weight: 400;\">,<\/span><span style=\"font-weight: 400;\"> reconoci\u00f3 que apuesta por una estrategia de negocio s\u00f3lida y planificada con el metal como motor econ\u00f3mico y sostenible para la regi\u00f3n asturiana. El Grupo Daniel Alonso, naci\u00f3 en Asturias, pero en la actualidad tiene presencia en medio mundo. <\/span><\/p>\n<p><span style=\"font-weight: 400;\">Con m\u00e1s de 50 a\u00f1os de experiencia y una s\u00f3lida estrategia de expansi\u00f3n, se ha convertido en uno de los l\u00edderes mundiales en la fabricaci\u00f3n de estructuras tubulares de acero, gesti\u00f3n log\u00edstica y acopio del producto final o en el dise\u00f1o y fabricaci\u00f3n de equipos a presi\u00f3n y grandes estructuras met\u00e1licas. <\/span><\/p>\n<p><span style=\"font-weight: 400;\">Toda una carta de servicios industriales que pone ahora sus miras en las energ\u00edas renovables.<\/span><\/p>\n<p>&nbsp;<\/p>\n","protected":false},"excerpt":{"rendered":"<p>EL COMERCIO y Vodafone se unen para presentar el pr\u00f3ximo jueves 31 de enero a las 19:30 horas los Premios Innova, en los que ser\u00e1 reconocido entre otros, el Grupo Daniel Alonso. El acto tendr\u00e1 lugar en el Centro de Arte y Creaci\u00f3n Industrial de la Laboral contando con la presencia del ministro de Trabajo [&hellip;]<\/p>\n","protected":false},"author":1,"featured_media":953301,"comment_status":"closed","ping_status":"closed","sticky":false,"template":"","format":"standard","meta":{"footnotes":""},"categories":[187],"tags":[],"class_list":["post-1015546","post","type-post","status-publish","format-standard","has-post-thumbnail","hentry","category-economia"],"aioseo_notices":[],"aioseo_head":"\n\t\t<!-- All in One SEO Pro 4.9.6.2 - aioseo.com -->\n\t<meta name=\"description\" content=\"EL COMERCIO y Vodafone se unen para presentar el pr\u00f3ximo jueves 31 de enero a las 19:30 horas los Premios Innova, en los que ser\u00e1 reconocido entre otros, el Grupo Daniel Alonso. El acto tendr\u00e1 lugar en el Centro de Arte y Creaci\u00f3n Industrial de la Laboral contando con la presencia del ministro de Trabajo\" \/>\n\t<meta name=\"robots\" content=\"max-image-preview:large\" \/>\n\t<meta name=\"author\" content=\"El Digital de Asturias\"\/>\n\t<meta name=\"google-site-verification\" content=\"UA-38556648-1\" \/>\n\t<meta name=\"msvalidate.01\" content=\"7dfe9f3f1b24437ab69f4f2559babe99\" \/>\n\t<meta name=\"keywords\" content=\"econom\u00eda\" \/>\n\t<link rel=\"canonical\" href=\"https:\/\/www.eldigitaldeasturias.com\/noticias\/grupo-daniel-alonso-reconocido-con-el-premio-innova-empresarial\/\" \/>\n\t<meta name=\"generator\" content=\"All in One SEO Pro (AIOSEO) 4.9.6.2\" \/>\n\t\t<meta property=\"og:locale\" content=\"es_ES\" \/>\n\t\t<meta property=\"og:site_name\" content=\"El Digital de Asturias\" \/>\n\t\t<meta property=\"og:type\" content=\"article\" \/>\n\t\t<meta property=\"og:title\" content=\"Grupo Daniel Alonso reconocido con el Premio Innova Empresarial - El Digital de Asturias\" \/>\n\t\t<meta property=\"og:description\" content=\"EL COMERCIO y Vodafone se unen para presentar el pr\u00f3ximo jueves 31 de enero a las 19:30 horas los Premios Innova, en los que ser\u00e1 reconocido entre otros, el Grupo Daniel Alonso. El acto tendr\u00e1 lugar en el Centro de Arte y Creaci\u00f3n Industrial de la Laboral contando con la presencia del ministro de Trabajo\" \/>\n\t\t<meta property=\"og:url\" content=\"https:\/\/www.eldigitaldeasturias.com\/noticias\/grupo-daniel-alonso-reconocido-con-el-premio-innova-empresarial\/\" \/>\n\t\t<meta property=\"og:image\" content=\"https:\/\/www.eldigitaldeasturias.com\/noticias\/wp-content\/uploads\/2017\/09\/Laboral.jpg\" \/>\n\t\t<meta property=\"og:image:secure_url\" content=\"https:\/\/www.eldigitaldeasturias.com\/noticias\/wp-content\/uploads\/2017\/09\/Laboral.jpg\" \/>\n\t\t<meta property=\"og:image:width\" content=\"1280\" \/>\n\t\t<meta property=\"og:image:height\" content=\"851\" \/>\n\t\t<meta property=\"article:tag\" content=\"econom\u00eda\" \/>\n\t\t<meta property=\"article:published_time\" content=\"2019-01-31T15:40:08+00:00\" \/>\n\t\t<meta property=\"article:modified_time\" content=\"2019-01-31T15:40:08+00:00\" \/>\n\t\t<meta property=\"article:publisher\" content=\"https:\/\/facebook.com\/eldigitaldeasturias\" \/>\n\t\t<meta name=\"twitter:card\" content=\"summary_large_image\" \/>\n\t\t<meta name=\"twitter:title\" content=\"Grupo Daniel Alonso reconocido con el Premio Innova Empresarial - El Digital de Asturias\" \/>\n\t\t<meta name=\"twitter:description\" content=\"EL COMERCIO y Vodafone se unen para presentar el pr\u00f3ximo jueves 31 de enero a las 19:30 horas los Premios Innova, en los que ser\u00e1 reconocido entre otros, el Grupo Daniel Alonso. El acto tendr\u00e1 lugar en el Centro de Arte y Creaci\u00f3n Industrial de la Laboral contando con la presencia del ministro de Trabajo\" \/>\n\t\t<meta name=\"twitter:image\" content=\"https:\/\/www.eldigitaldeasturias.com\/noticias\/wp-content\/uploads\/2017\/09\/Laboral.jpg\" \/>\n\t\t<meta name=\"twitter:label1\" content=\"Escrito por\" \/>\n\t\t<meta name=\"twitter:data1\" content=\"El Digital de Asturias\" \/>\n\t\t<meta name=\"twitter:label2\" content=\"Tiempo de lectura estimado\" \/>\n\t\t<meta name=\"twitter:data2\" content=\"1 minuto\" \/>\n\t\t<script type=\"application\/ld+json\" class=\"aioseo-schema\">\n\t\t\t{\"@context\":\"https:\\\/\\\/schema.org\",\"@graph\":[{\"@type\":\"BlogPosting\",\"@id\":\"https:\\\/\\\/www.eldigitaldeasturias.com\\\/noticias\\\/grupo-daniel-alonso-reconocido-con-el-premio-innova-empresarial\\\/#blogposting\",\"name\":\"Grupo Daniel Alonso reconocido con el Premio Innova Empresarial - El Digital de Asturias\",\"headline\":\"Grupo Daniel Alonso reconocido con el Premio Innova Empresarial\",\"author\":{\"@id\":\"https:\\\/\\\/www.eldigitaldeasturias.com\\\/noticias\\\/author\\\/admin\\\/#author\"},\"publisher\":{\"@id\":\"https:\\\/\\\/www.eldigitaldeasturias.com\\\/noticias\\\/#organization\"},\"image\":{\"@type\":\"ImageObject\",\"url\":\"https:\\\/\\\/www.eldigitaldeasturias.com\\\/noticias\\\/wp-content\\\/uploads\\\/2017\\\/09\\\/Laboral.jpg\",\"width\":1280,\"height\":851,\"caption\":\"Laboral\"},\"datePublished\":\"2019-01-31T15:40:08+01:00\",\"dateModified\":\"2019-01-31T15:40:08+01:00\",\"inLanguage\":\"es-ES\",\"mainEntityOfPage\":{\"@id\":\"https:\\\/\\\/www.eldigitaldeasturias.com\\\/noticias\\\/grupo-daniel-alonso-reconocido-con-el-premio-innova-empresarial\\\/#webpage\"},\"isPartOf\":{\"@id\":\"https:\\\/\\\/www.eldigitaldeasturias.com\\\/noticias\\\/grupo-daniel-alonso-reconocido-con-el-premio-innova-empresarial\\\/#webpage\"},\"articleSection\":\"Econom\\u00eda\"},{\"@type\":\"BreadcrumbList\",\"@id\":\"https:\\\/\\\/www.eldigitaldeasturias.com\\\/noticias\\\/grupo-daniel-alonso-reconocido-con-el-premio-innova-empresarial\\\/#breadcrumblist\",\"itemListElement\":[{\"@type\":\"ListItem\",\"@id\":\"https:\\\/\\\/www.eldigitaldeasturias.com\\\/noticias#listItem\",\"position\":1,\"name\":\"Home\",\"item\":\"https:\\\/\\\/www.eldigitaldeasturias.com\\\/noticias\",\"nextItem\":{\"@type\":\"ListItem\",\"@id\":\"https:\\\/\\\/www.eldigitaldeasturias.com\\\/noticias\\\/category\\\/economia\\\/#listItem\",\"name\":\"Econom\\u00eda\"}},{\"@type\":\"ListItem\",\"@id\":\"https:\\\/\\\/www.eldigitaldeasturias.com\\\/noticias\\\/category\\\/economia\\\/#listItem\",\"position\":2,\"name\":\"Econom\\u00eda\",\"item\":\"https:\\\/\\\/www.eldigitaldeasturias.com\\\/noticias\\\/category\\\/economia\\\/\",\"nextItem\":{\"@type\":\"ListItem\",\"@id\":\"https:\\\/\\\/www.eldigitaldeasturias.com\\\/noticias\\\/grupo-daniel-alonso-reconocido-con-el-premio-innova-empresarial\\\/#listItem\",\"name\":\"Grupo Daniel Alonso reconocido con el Premio Innova Empresarial\"},\"previousItem\":{\"@type\":\"ListItem\",\"@id\":\"https:\\\/\\\/www.eldigitaldeasturias.com\\\/noticias#listItem\",\"name\":\"Home\"}},{\"@type\":\"ListItem\",\"@id\":\"https:\\\/\\\/www.eldigitaldeasturias.com\\\/noticias\\\/grupo-daniel-alonso-reconocido-con-el-premio-innova-empresarial\\\/#listItem\",\"position\":3,\"name\":\"Grupo Daniel Alonso reconocido con el Premio Innova Empresarial\",\"previousItem\":{\"@type\":\"ListItem\",\"@id\":\"https:\\\/\\\/www.eldigitaldeasturias.com\\\/noticias\\\/category\\\/economia\\\/#listItem\",\"name\":\"Econom\\u00eda\"}}]},{\"@type\":\"Organization\",\"@id\":\"https:\\\/\\\/www.eldigitaldeasturias.com\\\/noticias\\\/#organization\",\"name\":\"El Digital de Asturias\",\"description\":\"Hemeroteca\",\"url\":\"https:\\\/\\\/www.eldigitaldeasturias.com\\\/noticias\\\/\",\"email\":\"info@eldigitaldeasturias.com\",\"telephone\":\"+34652131393\",\"logo\":{\"@type\":\"ImageObject\",\"url\":\"https:\\\/\\\/www.eldigitaldeasturias.com\\\/noticias\\\/wp-content\\\/uploads\\\/2020\\\/12\\\/EDA.jpg\",\"@id\":\"https:\\\/\\\/www.eldigitaldeasturias.com\\\/noticias\\\/grupo-daniel-alonso-reconocido-con-el-premio-innova-empresarial\\\/#organizationLogo\",\"width\":649,\"height\":297},\"image\":{\"@id\":\"https:\\\/\\\/www.eldigitaldeasturias.com\\\/noticias\\\/grupo-daniel-alonso-reconocido-con-el-premio-innova-empresarial\\\/#organizationLogo\"},\"sameAs\":[\"https:\\\/\\\/facebook.com\\\/eldigitaldeasturias\",\"https:\\\/\\\/www.youtube.com\\\/channel\\\/UCZP-2wLEB9Rv6erhFmqVnvg\"],\"address\":{\"@id\":\"https:\\\/\\\/www.eldigitaldeasturias.com\\\/noticias\\\/#postaladdress\",\"@type\":\"PostalAddress\",\"streetAddress\":\"san antonio 4,\",\"postalCode\":\"33430\",\"addressLocality\":\"Cand\\u00e1s\",\"addressRegion\":\"Asturias\",\"addressCountry\":\"ES\"}},{\"@type\":\"Person\",\"@id\":\"https:\\\/\\\/www.eldigitaldeasturias.com\\\/noticias\\\/author\\\/admin\\\/#author\",\"url\":\"https:\\\/\\\/www.eldigitaldeasturias.com\\\/noticias\\\/author\\\/admin\\\/\",\"name\":\"El Digital de Asturias\",\"image\":{\"@type\":\"ImageObject\",\"@id\":\"https:\\\/\\\/www.eldigitaldeasturias.com\\\/noticias\\\/grupo-daniel-alonso-reconocido-con-el-premio-innova-empresarial\\\/#authorImage\",\"url\":\"https:\\\/\\\/www.eldigitaldeasturias.com\\\/noticias\\\/wp-content\\\/litespeed\\\/avatar\\\/18677e78aa0546b92d9dbf31ec7d7668.jpg?ver=1777290358\",\"width\":96,\"height\":96,\"caption\":\"El Digital de Asturias\"}},{\"@type\":\"WebPage\",\"@id\":\"https:\\\/\\\/www.eldigitaldeasturias.com\\\/noticias\\\/grupo-daniel-alonso-reconocido-con-el-premio-innova-empresarial\\\/#webpage\",\"url\":\"https:\\\/\\\/www.eldigitaldeasturias.com\\\/noticias\\\/grupo-daniel-alonso-reconocido-con-el-premio-innova-empresarial\\\/\",\"name\":\"Grupo Daniel Alonso reconocido con el Premio Innova Empresarial - El Digital de Asturias\",\"description\":\"EL COMERCIO y Vodafone se unen para presentar el pr\\u00f3ximo jueves 31 de enero a las 19:30 horas los Premios Innova, en los que ser\\u00e1 reconocido entre otros, el Grupo Daniel Alonso. El acto tendr\\u00e1 lugar en el Centro de Arte y Creaci\\u00f3n Industrial de la Laboral contando con la presencia del ministro de Trabajo\",\"inLanguage\":\"es-ES\",\"isPartOf\":{\"@id\":\"https:\\\/\\\/www.eldigitaldeasturias.com\\\/noticias\\\/#website\"},\"breadcrumb\":{\"@id\":\"https:\\\/\\\/www.eldigitaldeasturias.com\\\/noticias\\\/grupo-daniel-alonso-reconocido-con-el-premio-innova-empresarial\\\/#breadcrumblist\"},\"author\":{\"@id\":\"https:\\\/\\\/www.eldigitaldeasturias.com\\\/noticias\\\/author\\\/admin\\\/#author\"},\"creator\":{\"@id\":\"https:\\\/\\\/www.eldigitaldeasturias.com\\\/noticias\\\/author\\\/admin\\\/#author\"},\"image\":{\"@type\":\"ImageObject\",\"url\":\"https:\\\/\\\/www.eldigitaldeasturias.com\\\/noticias\\\/wp-content\\\/uploads\\\/2017\\\/09\\\/Laboral.jpg\",\"@id\":\"https:\\\/\\\/www.eldigitaldeasturias.com\\\/noticias\\\/grupo-daniel-alonso-reconocido-con-el-premio-innova-empresarial\\\/#mainImage\",\"width\":1280,\"height\":851,\"caption\":\"Laboral\"},\"primaryImageOfPage\":{\"@id\":\"https:\\\/\\\/www.eldigitaldeasturias.com\\\/noticias\\\/grupo-daniel-alonso-reconocido-con-el-premio-innova-empresarial\\\/#mainImage\"},\"datePublished\":\"2019-01-31T15:40:08+01:00\",\"dateModified\":\"2019-01-31T15:40:08+01:00\"},{\"@type\":\"WebSite\",\"@id\":\"https:\\\/\\\/www.eldigitaldeasturias.com\\\/noticias\\\/#website\",\"url\":\"https:\\\/\\\/www.eldigitaldeasturias.com\\\/noticias\\\/\",\"name\":\"El Digital de Asturias - Diario de actualidad y noticias\",\"alternateName\":\"El Digital de Asturias - Diario de actualidad y noticias\",\"description\":\"Hemeroteca\",\"inLanguage\":\"es-ES\",\"publisher\":{\"@id\":\"https:\\\/\\\/www.eldigitaldeasturias.com\\\/noticias\\\/#organization\"}}]}\n\t\t<\/script>\n\t\t<!-- All in One SEO Pro -->\r\n\t\t<title>Grupo Daniel Alonso reconocido con el Premio Innova Empresarial - El Digital de Asturias<\/title>\n\n","aioseo_head_json":{"title":"Grupo Daniel Alonso reconocido con el Premio Innova Empresarial - El Digital de Asturias","description":"EL COMERCIO y Vodafone se unen para presentar el pr\u00f3ximo jueves 31 de enero a las 19:30 horas los Premios Innova, en los que ser\u00e1 reconocido entre otros, el Grupo Daniel Alonso. El acto tendr\u00e1 lugar en el Centro de Arte y Creaci\u00f3n Industrial de la Laboral contando con la presencia del ministro de Trabajo","canonical_url":"https:\/\/www.eldigitaldeasturias.com\/noticias\/grupo-daniel-alonso-reconocido-con-el-premio-innova-empresarial\/","robots":"max-image-preview:large","keywords":"econom\u00eda","webmasterTools":{"google-site-verification":"UA-38556648-1","msvalidate.01":"7dfe9f3f1b24437ab69f4f2559babe99","miscellaneous":""},"schema":{"@context":"https:\/\/schema.org","@graph":[{"@type":"BlogPosting","@id":"https:\/\/www.eldigitaldeasturias.com\/noticias\/grupo-daniel-alonso-reconocido-con-el-premio-innova-empresarial\/#blogposting","name":"Grupo Daniel Alonso reconocido con el Premio Innova Empresarial - El Digital de Asturias","headline":"Grupo Daniel Alonso reconocido con el Premio Innova Empresarial","author":{"@id":"https:\/\/www.eldigitaldeasturias.com\/noticias\/author\/admin\/#author"},"publisher":{"@id":"https:\/\/www.eldigitaldeasturias.com\/noticias\/#organization"},"image":{"@type":"ImageObject","url":"https:\/\/www.eldigitaldeasturias.com\/noticias\/wp-content\/uploads\/2017\/09\/Laboral.jpg","width":1280,"height":851,"caption":"Laboral"},"datePublished":"2019-01-31T15:40:08+01:00","dateModified":"2019-01-31T15:40:08+01:00","inLanguage":"es-ES","mainEntityOfPage":{"@id":"https:\/\/www.eldigitaldeasturias.com\/noticias\/grupo-daniel-alonso-reconocido-con-el-premio-innova-empresarial\/#webpage"},"isPartOf":{"@id":"https:\/\/www.eldigitaldeasturias.com\/noticias\/grupo-daniel-alonso-reconocido-con-el-premio-innova-empresarial\/#webpage"},"articleSection":"Econom\u00eda"},{"@type":"BreadcrumbList","@id":"https:\/\/www.eldigitaldeasturias.com\/noticias\/grupo-daniel-alonso-reconocido-con-el-premio-innova-empresarial\/#breadcrumblist","itemListElement":[{"@type":"ListItem","@id":"https:\/\/www.eldigitaldeasturias.com\/noticias#listItem","position":1,"name":"Home","item":"https:\/\/www.eldigitaldeasturias.com\/noticias","nextItem":{"@type":"ListItem","@id":"https:\/\/www.eldigitaldeasturias.com\/noticias\/category\/economia\/#listItem","name":"Econom\u00eda"}},{"@type":"ListItem","@id":"https:\/\/www.eldigitaldeasturias.com\/noticias\/category\/economia\/#listItem","position":2,"name":"Econom\u00eda","item":"https:\/\/www.eldigitaldeasturias.com\/noticias\/category\/economia\/","nextItem":{"@type":"ListItem","@id":"https:\/\/www.eldigitaldeasturias.com\/noticias\/grupo-daniel-alonso-reconocido-con-el-premio-innova-empresarial\/#listItem","name":"Grupo Daniel Alonso reconocido con el Premio Innova Empresarial"},"previousItem":{"@type":"ListItem","@id":"https:\/\/www.eldigitaldeasturias.com\/noticias#listItem","name":"Home"}},{"@type":"ListItem","@id":"https:\/\/www.eldigitaldeasturias.com\/noticias\/grupo-daniel-alonso-reconocido-con-el-premio-innova-empresarial\/#listItem","position":3,"name":"Grupo Daniel Alonso reconocido con el Premio Innova Empresarial","previousItem":{"@type":"ListItem","@id":"https:\/\/www.eldigitaldeasturias.com\/noticias\/category\/economia\/#listItem","name":"Econom\u00eda"}}]},{"@type":"Organization","@id":"https:\/\/www.eldigitaldeasturias.com\/noticias\/#organization","name":"El Digital de Asturias","description":"Hemeroteca","url":"https:\/\/www.eldigitaldeasturias.com\/noticias\/","email":"info@eldigitaldeasturias.com","telephone":"+34652131393","logo":{"@type":"ImageObject","url":"https:\/\/www.eldigitaldeasturias.com\/noticias\/wp-content\/uploads\/2020\/12\/EDA.jpg","@id":"https:\/\/www.eldigitaldeasturias.com\/noticias\/grupo-daniel-alonso-reconocido-con-el-premio-innova-empresarial\/#organizationLogo","width":649,"height":297},"image":{"@id":"https:\/\/www.eldigitaldeasturias.com\/noticias\/grupo-daniel-alonso-reconocido-con-el-premio-innova-empresarial\/#organizationLogo"},"sameAs":["https:\/\/facebook.com\/eldigitaldeasturias","https:\/\/www.youtube.com\/channel\/UCZP-2wLEB9Rv6erhFmqVnvg"],"address":{"@id":"https:\/\/www.eldigitaldeasturias.com\/noticias\/#postaladdress","@type":"PostalAddress","streetAddress":"san antonio 4,","postalCode":"33430","addressLocality":"Cand\u00e1s","addressRegion":"Asturias","addressCountry":"ES"}},{"@type":"Person","@id":"https:\/\/www.eldigitaldeasturias.com\/noticias\/author\/admin\/#author","url":"https:\/\/www.eldigitaldeasturias.com\/noticias\/author\/admin\/","name":"El Digital de Asturias","image":{"@type":"ImageObject","@id":"https:\/\/www.eldigitaldeasturias.com\/noticias\/grupo-daniel-alonso-reconocido-con-el-premio-innova-empresarial\/#authorImage","url":"https:\/\/www.eldigitaldeasturias.com\/noticias\/wp-content\/litespeed\/avatar\/18677e78aa0546b92d9dbf31ec7d7668.jpg?ver=1777290358","width":96,"height":96,"caption":"El Digital de Asturias"}},{"@type":"WebPage","@id":"https:\/\/www.eldigitaldeasturias.com\/noticias\/grupo-daniel-alonso-reconocido-con-el-premio-innova-empresarial\/#webpage","url":"https:\/\/www.eldigitaldeasturias.com\/noticias\/grupo-daniel-alonso-reconocido-con-el-premio-innova-empresarial\/","name":"Grupo Daniel Alonso reconocido con el Premio Innova Empresarial - El Digital de Asturias","description":"EL COMERCIO y Vodafone se unen para presentar el pr\u00f3ximo jueves 31 de enero a las 19:30 horas los Premios Innova, en los que ser\u00e1 reconocido entre otros, el Grupo Daniel Alonso. El acto tendr\u00e1 lugar en el Centro de Arte y Creaci\u00f3n Industrial de la Laboral contando con la presencia del ministro de Trabajo","inLanguage":"es-ES","isPartOf":{"@id":"https:\/\/www.eldigitaldeasturias.com\/noticias\/#website"},"breadcrumb":{"@id":"https:\/\/www.eldigitaldeasturias.com\/noticias\/grupo-daniel-alonso-reconocido-con-el-premio-innova-empresarial\/#breadcrumblist"},"author":{"@id":"https:\/\/www.eldigitaldeasturias.com\/noticias\/author\/admin\/#author"},"creator":{"@id":"https:\/\/www.eldigitaldeasturias.com\/noticias\/author\/admin\/#author"},"image":{"@type":"ImageObject","url":"https:\/\/www.eldigitaldeasturias.com\/noticias\/wp-content\/uploads\/2017\/09\/Laboral.jpg","@id":"https:\/\/www.eldigitaldeasturias.com\/noticias\/grupo-daniel-alonso-reconocido-con-el-premio-innova-empresarial\/#mainImage","width":1280,"height":851,"caption":"Laboral"},"primaryImageOfPage":{"@id":"https:\/\/www.eldigitaldeasturias.com\/noticias\/grupo-daniel-alonso-reconocido-con-el-premio-innova-empresarial\/#mainImage"},"datePublished":"2019-01-31T15:40:08+01:00","dateModified":"2019-01-31T15:40:08+01:00"},{"@type":"WebSite","@id":"https:\/\/www.eldigitaldeasturias.com\/noticias\/#website","url":"https:\/\/www.eldigitaldeasturias.com\/noticias\/","name":"El Digital de Asturias - Diario de actualidad y noticias","alternateName":"El Digital de Asturias - Diario de actualidad y noticias","description":"Hemeroteca","inLanguage":"es-ES","publisher":{"@id":"https:\/\/www.eldigitaldeasturias.com\/noticias\/#organization"}}]},"og:locale":"es_ES","og:site_name":"El Digital de Asturias","og:type":"article","og:title":"Grupo Daniel Alonso reconocido con el Premio Innova Empresarial - El Digital de Asturias","og:description":"EL COMERCIO y Vodafone se unen para presentar el pr\u00f3ximo jueves 31 de enero a las 19:30 horas los Premios Innova, en los que ser\u00e1 reconocido entre otros, el Grupo Daniel Alonso. El acto tendr\u00e1 lugar en el Centro de Arte y Creaci\u00f3n Industrial de la Laboral contando con la presencia del ministro de Trabajo","og:url":"https:\/\/www.eldigitaldeasturias.com\/noticias\/grupo-daniel-alonso-reconocido-con-el-premio-innova-empresarial\/","og:image":"https:\/\/www.eldigitaldeasturias.com\/noticias\/wp-content\/uploads\/2017\/09\/Laboral.jpg","og:image:secure_url":"https:\/\/www.eldigitaldeasturias.com\/noticias\/wp-content\/uploads\/2017\/09\/Laboral.jpg","og:image:width":1280,"og:image:height":851,"article:tag":["econom\u00eda"],"article:published_time":"2019-01-31T15:40:08+00:00","article:modified_time":"2019-01-31T15:40:08+00:00","article:publisher":"https:\/\/facebook.com\/eldigitaldeasturias","twitter:card":"summary_large_image","twitter:title":"Grupo Daniel Alonso reconocido con el Premio Innova Empresarial - El Digital de Asturias","twitter:description":"EL COMERCIO y Vodafone se unen para presentar el pr\u00f3ximo jueves 31 de enero a las 19:30 horas los Premios Innova, en los que ser\u00e1 reconocido entre otros, el Grupo Daniel Alonso. El acto tendr\u00e1 lugar en el Centro de Arte y Creaci\u00f3n Industrial de la Laboral contando con la presencia del ministro de Trabajo","twitter:image":"https:\/\/www.eldigitaldeasturias.com\/noticias\/wp-content\/uploads\/2017\/09\/Laboral.jpg","twitter:label1":"Escrito por","twitter:data1":"El Digital de Asturias","twitter:label2":"Tiempo de lectura estimado","twitter:data2":"1 minuto"},"aioseo_meta_data":{"post_id":"1015546","title":null,"description":null,"keywords":null,"keyphrases":null,"primary_term":null,"canonical_url":null,"og_title":null,"og_description":null,"og_object_type":"default","og_image_type":"default","og_image_url":null,"og_image_width":null,"og_image_height":null,"og_image_custom_url":null,"og_image_custom_fields":null,"og_video":null,"og_custom_url":null,"og_article_section":null,"og_article_tags":null,"twitter_use_og":false,"twitter_card":"default","twitter_image_type":"default","twitter_image_url":null,"twitter_image_custom_url":null,"twitter_image_custom_fields":null,"twitter_title":null,"twitter_description":null,"schema":{"blockGraphs":[],"customGraphs":[],"default":{"data":{"Article":[],"Course":[],"Dataset":[],"FAQPage":[],"Movie":[],"Person":[],"Product":[],"ProductReview":[],"Car":[],"Recipe":[],"Service":[],"SoftwareApplication":[],"WebPage":[]},"graphName":"","isEnabled":true},"graphs":[],"defaultGraph":"","defaultPostTypeGraph":""},"schema_type":null,"schema_type_options":null,"pillar_content":false,"robots_default":true,"robots_noindex":false,"robots_noarchive":false,"robots_nosnippet":false,"robots_nofollow":false,"robots_noimageindex":false,"robots_noodp":false,"robots_notranslate":false,"robots_max_snippet":null,"robots_max_videopreview":null,"robots_max_imagepreview":"large","priority":null,"frequency":null,"local_seo":null,"seo_analyzer_scan_date":"2025-10-15 21:46:21","breadcrumb_settings":null,"limit_modified_date":false,"open_ai":null,"ai":null,"created":"2020-12-21 11:21:25","updated":"2025-10-15 21:46:21"},"aioseo_breadcrumb":"<div class=\"aioseo-breadcrumbs\"><span class=\"aioseo-breadcrumb\">\n\t<a href=\"https:\/\/www.eldigitaldeasturias.com\/noticias\" title=\"Home\">Home<\/a>\n<\/span><span class=\"aioseo-breadcrumb-separator\">\u2013<\/span><span class=\"aioseo-breadcrumb\">\n\t<a href=\"https:\/\/www.eldigitaldeasturias.com\/noticias\/category\/economia\/\" title=\"Econom\u00eda\">Econom\u00eda<\/a>\n<\/span><span class=\"aioseo-breadcrumb-separator\">\u2013<\/span><span class=\"aioseo-breadcrumb\">\n\t<a href=\"https:\/\/www.eldigitaldeasturias.com\/noticias\/grupo-daniel-alonso-reconocido-con-el-premio-innova-empresarial\/\" title=\"Grupo Daniel Alonso reconocido con el Premio Innova Empresarial\">Grupo Daniel Alonso reconocido con el Premio Innova Empresarial<\/a>\n<\/span><\/div>","aioseo_breadcrumb_json":[{"label":"Home","link":"https:\/\/www.eldigitaldeasturias.com\/noticias"},{"label":"Econom\u00eda","link":"https:\/\/www.eldigitaldeasturias.com\/noticias\/category\/economia\/"},{"label":"Grupo Daniel Alonso reconocido con el Premio Innova Empresarial","link":"https:\/\/www.eldigitaldeasturias.com\/noticias\/grupo-daniel-alonso-reconocido-con-el-premio-innova-empresarial\/"}],"_links":{"self":[{"href":"https:\/\/www.eldigitaldeasturias.com\/noticias\/wp-json\/wp\/v2\/posts\/1015546","targetHints":{"allow":["GET"]}}],"collection":[{"href":"https:\/\/www.eldigitaldeasturias.com\/noticias\/wp-json\/wp\/v2\/posts"}],"about":[{"href":"https:\/\/www.eldigitaldeasturias.com\/noticias\/wp-json\/wp\/v2\/types\/post"}],"author":[{"embeddable":true,"href":"https:\/\/www.eldigitaldeasturias.com\/noticias\/wp-json\/wp\/v2\/users\/1"}],"replies":[{"embeddable":true,"href":"https:\/\/www.eldigitaldeasturias.com\/noticias\/wp-json\/wp\/v2\/comments?post=1015546"}],"version-history":[{"count":0,"href":"https:\/\/www.eldigitaldeasturias.com\/noticias\/wp-json\/wp\/v2\/posts\/1015546\/revisions"}],"wp:featuredmedia":[{"embeddable":true,"href":"https:\/\/www.eldigitaldeasturias.com\/noticias\/wp-json\/wp\/v2\/media\/953301"}],"wp:attachment":[{"href":"https:\/\/www.eldigitaldeasturias.com\/noticias\/wp-json\/wp\/v2\/media?parent=1015546"}],"wp:term":[{"taxonomy":"category","embeddable":true,"href":"https:\/\/www.eldigitaldeasturias.com\/noticias\/wp-json\/wp\/v2\/categories?post=1015546"},{"taxonomy":"post_tag","embeddable":true,"href":"https:\/\/www.eldigitaldeasturias.com\/noticias\/wp-json\/wp\/v2\/tags?post=1015546"}],"curies":[{"name":"wp","href":"https:\/\/api.w.org\/{rel}","templated":true}]}}