{"id":1015527,"date":"2019-01-31T02:21:25","date_gmt":"2019-01-31T02:21:25","guid":{"rendered":"https:\/\/www.eldigitaldeasturias.com\/noticias\/?p=1015527"},"modified":"2019-01-31T02:21:25","modified_gmt":"2019-01-31T02:21:25","slug":"conoces-los-cambios-que-hay-para-los-autonomos-este-2019","status":"publish","type":"post","link":"https:\/\/www.eldigitaldeasturias.com\/noticias\/conoces-los-cambios-que-hay-para-los-autonomos-este-2019\/","title":{"rendered":"\u00bfConoces los cambios que hay para los aut\u00f3nomos este 2019?"},"content":{"rendered":"<p><i><span style=\"font-weight: 400;\"><img loading=\"lazy\" decoding=\"async\" class=\"alignleft size-medium wp-image-1015528\" src=\"https:\/\/www.eldigitaldeasturias.com\/noticias\/wp-content\/uploads\/2019\/01\/autonomos-360x239.jpg\" alt=\"\" width=\"360\" height=\"239\" srcset=\"https:\/\/www.eldigitaldeasturias.com\/noticias\/wp-content\/uploads\/2019\/01\/autonomos-360x239.jpg 360w, https:\/\/www.eldigitaldeasturias.com\/noticias\/wp-content\/uploads\/2019\/01\/autonomos.jpg 596w\" sizes=\"auto, (max-width: 360px) 100vw, 360px\" \/>Las reuniones entre asociaciones de aut\u00f3nomos y el Gobierno han llegado a su fin, trayendo muy buenas expectativas en materia laboral a quienes hacen vida profesional de esta manera.<\/span><\/i><\/p>\n<p><span style=\"font-weight: 400;\">La protecci\u00f3n social es el principal asunto que ocupa la atenci\u00f3n de todos los aut\u00f3nomos, pues <\/span><b>se pasar\u00e1 a tener una cantidad similar de beneficios que hasta ahora solo estaban destinados a aquellos trabajadores asalariados.<\/b><\/p>\n<p><span style=\"font-weight: 400;\">Dentro de las mejoras conseguidas se cuentan el <\/span><b>derecho a paro, las conciliaciones familiares, cobertura por riesgo profesional y el derecho a la formaci\u00f3n continua<\/b><span style=\"font-weight: 400;\">.<\/span><\/p>\n<p><span style=\"font-weight: 400;\">Es evidente que esto no exime a los trabajadores aut\u00f3nomos de honrar sus compromisos derivados de declaraciones como las del <\/span><a href=\"https:\/\/declarando.es\/modelo-303-iva-autonomos\" target=\"_blank\" rel=\"noopener\"><span style=\"font-weight: 400;\"><span style=\"color: #ff6600;\"><strong>Modelo 303<\/strong><\/span><\/span><\/a><span style=\"font-weight: 400;\">, en la que habr\u00e1 que declarar lo correspondiente al IVA que se ha generado durante un trimestre, tanto en el que se refiere a lo devengado como a lo deducible.<\/span><\/p>\n<p><span style=\"font-weight: 400;\">En este orden de ideas, es siempre bueno tener claras las pautas para que este compromiso sea honrado responsablemente haciendo los c\u00e1lculos apropiados y para los cuales se puede aprovechar el uso de herramientas gratuitas online que permiten una presentaci\u00f3n acorde a lo que realmente ha sucedido.<\/span><\/p>\n<p><strong>Derecho a darse de baja<\/strong><\/p>\n<p><span style=\"font-weight: 400;\">Cuando un trabajador aut\u00f3nomo sufra alg\u00fan accidente laboral o enfermedad que le incapacite para ejercer su funci\u00f3n con normalidad, <\/span><b>pasar\u00e1 a devengar la prestaci\u00f3n correspondiente desde el mismo primer d\u00eda de ocurrido el hecho.<\/b><\/p>\n<p><span style=\"font-weight: 400;\">En cuanto a las cotizaciones ante la Seguridad Social, seguir\u00e1n su curso normal y solo parar\u00e1n si el trabajador alcanza el segundo mes de baja, reactiv\u00e1ndose nuevamente al momento de volver a su jornada laboral.<\/span><\/p>\n<p><span style=\"font-weight: 400;\">Para esto, tambi\u00e9n se han considerado a las mujeres que trabajen de esta forma y que tengan baja por maternidad. En este caso, obtendr\u00e1n una tarifa plana de 60 euros durante doce meses, sin que se haga referencia a un cese absoluto de su actividad normal.<\/span><\/p>\n<p><strong>Base m\u00ednima y tarifa plana<\/strong><\/p>\n<p><b>La base m\u00ednima de cotizaci\u00f3n establecida en 932,7 pasar\u00e1 a ser de 944,35 asumiendo un aumento de 1,25%. <\/b><span style=\"font-weight: 400;\">De la misma forma, la cuota mensual tendr\u00e1 un aumento de 277,94 euros a 283,30 euros al a\u00f1o, lo que representa unos 5,36 euros mensuales m\u00e1s.<\/span><\/p>\n<p><span style=\"font-weight: 400;\">Para los tipos de cotizaciones, tambi\u00e9n existir\u00e1 un aumento que se ir\u00e1 mejorando de forma progresiva a partir del 2019 y en los a\u00f1os siguientes, quedando establecido de la siguiente forma: para este a\u00f1o quedar\u00e1 en un 30%, en el 2010 ser\u00e1 un 30,3%, para el 2021 alcanzar\u00e1 un 30,6% y en el 2022 ser\u00e1 un total espec\u00edfico y definitivo.<\/span><\/p>\n<p><span style=\"font-weight: 400;\">Por otro lado, <\/span><b>la tarifa plana tendr\u00e1 un incremento que ir\u00e1 de 50 a 60 euros mensuales<\/b><span style=\"font-weight: 400;\">. Esta cantidad ser\u00e1 destinada a cubrir tanto las contingencias comunes como las profesionales.<\/span><\/p>\n<p><span style=\"font-weight: 400;\">Esta se llevar\u00e1 a cabo por un a\u00f1o, comprob\u00e1ndose al final del mismo que el aut\u00f3nomo sigue ejerciendo la misma actividad y, de ser positivo, se podr\u00eda hacer una solicitud de extensi\u00f3n hasta por un a\u00f1o m\u00e1s.<\/span><\/p>\n<p><strong>Otros aspectos<\/strong><\/p>\n<p><span style=\"font-weight: 400;\">A\u00fan existen otros elementos que hay que considerar cuando se ejerce este tipo de funci\u00f3n. Algunos son:<\/span><\/p>\n<ul>\n<li style=\"font-weight: 400;\"><b>Notificaci\u00f3n TRADE:<\/b><span style=\"font-weight: 400;\"> se trata de aquellos aut\u00f3nomos que ofrecen sus servicios a una \u00fanica empresa. Este hecho debe ser notificado a la Seguridad Social.<\/span><\/li>\n<li style=\"font-weight: 400;\"><span style=\"font-weight: 400;\">Si se <\/span><b>sufre una discapacidad<\/b><span style=\"font-weight: 400;\">, la cual no puede ser menor al 33%, estos trabajadores podr\u00e1n ser tomados en consideraci\u00f3n para un sistema de bonificaciones y reducciones.<\/span><\/li>\n<li style=\"font-weight: 400;\"><b>Creaci\u00f3n de un sistema especial de gesti\u00f3n para trabajadores agrarios<\/b><span style=\"font-weight: 400;\">. Sin embargo, se est\u00e1 en la b\u00fasqueda del establecimiento de mejoras que puedan ser equitativas para todos los trabajadores que se desarrollen como aut\u00f3nomos.<\/span><\/li>\n<li style=\"font-weight: 400;\"><b>Condiciones especiales para impagos.<\/b><span style=\"font-weight: 400;\"> Aunque el procedimiento no se ha definido con claridad, la idea es establecer mecanismos apropiados para que un aut\u00f3nomo que haya incumplido sus deberes de pago con el Seguro Social, pueda hacerlo sin necesidad de que se proceda al embargo de sus posesiones.<\/span><\/li>\n<\/ul>\n<p><span style=\"font-weight: 400;\">Aunque a\u00fan falta mucho por avanzar, la realidad es que estos son pasos muy importantes para dar una mejor representaci\u00f3n a los trabajadores aut\u00f3nomos dentro del pa\u00eds.<\/span><\/p>\n<p>&nbsp;<\/p>\n","protected":false},"excerpt":{"rendered":"<p>Las reuniones entre asociaciones de aut\u00f3nomos y el Gobierno han llegado a su fin, trayendo muy buenas expectativas en materia laboral a quienes hacen vida profesional de esta manera. La protecci\u00f3n social es el principal asunto que ocupa la atenci\u00f3n de todos los aut\u00f3nomos, pues se pasar\u00e1 a tener una cantidad similar de beneficios que [&hellip;]<\/p>\n","protected":false},"author":1,"featured_media":1015528,"comment_status":"closed","ping_status":"closed","sticky":false,"template":"","format":"standard","meta":{"footnotes":""},"categories":[187],"tags":[],"class_list":["post-1015527","post","type-post","status-publish","format-standard","has-post-thumbnail","hentry","category-economia"],"aioseo_notices":[],"aioseo_head":"\n\t\t<!-- All in One SEO Pro 4.9.6.2 - aioseo.com -->\n\t<meta name=\"description\" content=\"Las reuniones entre asociaciones de aut\u00f3nomos y el Gobierno han llegado a su fin, trayendo muy buenas expectativas en materia laboral a quienes hacen vida profesional de esta manera. La protecci\u00f3n social es el principal asunto que ocupa la atenci\u00f3n de todos los aut\u00f3nomos, pues se pasar\u00e1 a tener una cantidad similar de beneficios que\" \/>\n\t<meta name=\"robots\" content=\"max-image-preview:large\" \/>\n\t<meta name=\"author\" content=\"El Digital de Asturias\"\/>\n\t<meta name=\"google-site-verification\" content=\"UA-38556648-1\" \/>\n\t<meta name=\"msvalidate.01\" content=\"7dfe9f3f1b24437ab69f4f2559babe99\" \/>\n\t<meta name=\"keywords\" content=\"econom\u00eda\" \/>\n\t<link rel=\"canonical\" href=\"https:\/\/www.eldigitaldeasturias.com\/noticias\/conoces-los-cambios-que-hay-para-los-autonomos-este-2019\/\" \/>\n\t<meta name=\"generator\" content=\"All in One SEO Pro (AIOSEO) 4.9.6.2\" \/>\n\t\t<meta property=\"og:locale\" content=\"es_ES\" \/>\n\t\t<meta property=\"og:site_name\" content=\"El Digital de Asturias\" \/>\n\t\t<meta property=\"og:type\" content=\"article\" \/>\n\t\t<meta property=\"og:title\" content=\"\u00bfConoces los cambios que hay para los aut\u00f3nomos este 2019? - El Digital de Asturias\" \/>\n\t\t<meta property=\"og:description\" content=\"Las reuniones entre asociaciones de aut\u00f3nomos y el Gobierno han llegado a su fin, trayendo muy buenas expectativas en materia laboral a quienes hacen vida profesional de esta manera. La protecci\u00f3n social es el principal asunto que ocupa la atenci\u00f3n de todos los aut\u00f3nomos, pues se pasar\u00e1 a tener una cantidad similar de beneficios que\" \/>\n\t\t<meta property=\"og:url\" content=\"https:\/\/www.eldigitaldeasturias.com\/noticias\/conoces-los-cambios-que-hay-para-los-autonomos-este-2019\/\" \/>\n\t\t<meta property=\"og:image\" content=\"https:\/\/www.eldigitaldeasturias.com\/noticias\/wp-content\/uploads\/2019\/01\/autonomos.jpg\" \/>\n\t\t<meta property=\"og:image:secure_url\" content=\"https:\/\/www.eldigitaldeasturias.com\/noticias\/wp-content\/uploads\/2019\/01\/autonomos.jpg\" \/>\n\t\t<meta property=\"og:image:width\" content=\"596\" \/>\n\t\t<meta property=\"og:image:height\" content=\"395\" \/>\n\t\t<meta property=\"article:tag\" content=\"econom\u00eda\" \/>\n\t\t<meta property=\"article:published_time\" content=\"2019-01-31T02:21:25+00:00\" \/>\n\t\t<meta property=\"article:modified_time\" content=\"2019-01-31T02:21:25+00:00\" \/>\n\t\t<meta property=\"article:publisher\" content=\"https:\/\/facebook.com\/eldigitaldeasturias\" \/>\n\t\t<meta name=\"twitter:card\" content=\"summary_large_image\" \/>\n\t\t<meta name=\"twitter:title\" content=\"\u00bfConoces los cambios que hay para los aut\u00f3nomos este 2019? - El Digital de Asturias\" \/>\n\t\t<meta name=\"twitter:description\" content=\"Las reuniones entre asociaciones de aut\u00f3nomos y el Gobierno han llegado a su fin, trayendo muy buenas expectativas en materia laboral a quienes hacen vida profesional de esta manera. La protecci\u00f3n social es el principal asunto que ocupa la atenci\u00f3n de todos los aut\u00f3nomos, pues se pasar\u00e1 a tener una cantidad similar de beneficios que\" \/>\n\t\t<meta name=\"twitter:image\" content=\"https:\/\/www.eldigitaldeasturias.com\/noticias\/wp-content\/uploads\/2019\/01\/autonomos.jpg\" \/>\n\t\t<meta name=\"twitter:label1\" content=\"Escrito por\" \/>\n\t\t<meta name=\"twitter:data1\" content=\"El Digital de Asturias\" \/>\n\t\t<meta name=\"twitter:label2\" content=\"Tiempo de lectura estimado\" \/>\n\t\t<meta name=\"twitter:data2\" content=\"3 minutos\" \/>\n\t\t<script type=\"application\/ld+json\" class=\"aioseo-schema\">\n\t\t\t{\"@context\":\"https:\\\/\\\/schema.org\",\"@graph\":[{\"@type\":\"BlogPosting\",\"@id\":\"https:\\\/\\\/www.eldigitaldeasturias.com\\\/noticias\\\/conoces-los-cambios-que-hay-para-los-autonomos-este-2019\\\/#blogposting\",\"name\":\"\\u00bfConoces los cambios que hay para los aut\\u00f3nomos este 2019? - El Digital de Asturias\",\"headline\":\"\\u00bfConoces los cambios que hay para los aut\\u00f3nomos este 2019?\",\"author\":{\"@id\":\"https:\\\/\\\/www.eldigitaldeasturias.com\\\/noticias\\\/author\\\/admin\\\/#author\"},\"publisher\":{\"@id\":\"https:\\\/\\\/www.eldigitaldeasturias.com\\\/noticias\\\/#organization\"},\"image\":{\"@type\":\"ImageObject\",\"url\":\"https:\\\/\\\/www.eldigitaldeasturias.com\\\/noticias\\\/wp-content\\\/uploads\\\/2019\\\/01\\\/autonomos.jpg\",\"width\":596,\"height\":395},\"datePublished\":\"2019-01-31T02:21:25+01:00\",\"dateModified\":\"2019-01-31T02:21:25+01:00\",\"inLanguage\":\"es-ES\",\"mainEntityOfPage\":{\"@id\":\"https:\\\/\\\/www.eldigitaldeasturias.com\\\/noticias\\\/conoces-los-cambios-que-hay-para-los-autonomos-este-2019\\\/#webpage\"},\"isPartOf\":{\"@id\":\"https:\\\/\\\/www.eldigitaldeasturias.com\\\/noticias\\\/conoces-los-cambios-que-hay-para-los-autonomos-este-2019\\\/#webpage\"},\"articleSection\":\"Econom\\u00eda\"},{\"@type\":\"BreadcrumbList\",\"@id\":\"https:\\\/\\\/www.eldigitaldeasturias.com\\\/noticias\\\/conoces-los-cambios-que-hay-para-los-autonomos-este-2019\\\/#breadcrumblist\",\"itemListElement\":[{\"@type\":\"ListItem\",\"@id\":\"https:\\\/\\\/www.eldigitaldeasturias.com\\\/noticias#listItem\",\"position\":1,\"name\":\"Home\",\"item\":\"https:\\\/\\\/www.eldigitaldeasturias.com\\\/noticias\",\"nextItem\":{\"@type\":\"ListItem\",\"@id\":\"https:\\\/\\\/www.eldigitaldeasturias.com\\\/noticias\\\/category\\\/economia\\\/#listItem\",\"name\":\"Econom\\u00eda\"}},{\"@type\":\"ListItem\",\"@id\":\"https:\\\/\\\/www.eldigitaldeasturias.com\\\/noticias\\\/category\\\/economia\\\/#listItem\",\"position\":2,\"name\":\"Econom\\u00eda\",\"item\":\"https:\\\/\\\/www.eldigitaldeasturias.com\\\/noticias\\\/category\\\/economia\\\/\",\"nextItem\":{\"@type\":\"ListItem\",\"@id\":\"https:\\\/\\\/www.eldigitaldeasturias.com\\\/noticias\\\/conoces-los-cambios-que-hay-para-los-autonomos-este-2019\\\/#listItem\",\"name\":\"\\u00bfConoces los cambios que hay para los aut\\u00f3nomos este 2019?\"},\"previousItem\":{\"@type\":\"ListItem\",\"@id\":\"https:\\\/\\\/www.eldigitaldeasturias.com\\\/noticias#listItem\",\"name\":\"Home\"}},{\"@type\":\"ListItem\",\"@id\":\"https:\\\/\\\/www.eldigitaldeasturias.com\\\/noticias\\\/conoces-los-cambios-que-hay-para-los-autonomos-este-2019\\\/#listItem\",\"position\":3,\"name\":\"\\u00bfConoces los cambios que hay para los aut\\u00f3nomos este 2019?\",\"previousItem\":{\"@type\":\"ListItem\",\"@id\":\"https:\\\/\\\/www.eldigitaldeasturias.com\\\/noticias\\\/category\\\/economia\\\/#listItem\",\"name\":\"Econom\\u00eda\"}}]},{\"@type\":\"Organization\",\"@id\":\"https:\\\/\\\/www.eldigitaldeasturias.com\\\/noticias\\\/#organization\",\"name\":\"El Digital de Asturias\",\"description\":\"Hemeroteca\",\"url\":\"https:\\\/\\\/www.eldigitaldeasturias.com\\\/noticias\\\/\",\"email\":\"info@eldigitaldeasturias.com\",\"telephone\":\"+34652131393\",\"logo\":{\"@type\":\"ImageObject\",\"url\":\"https:\\\/\\\/www.eldigitaldeasturias.com\\\/noticias\\\/wp-content\\\/uploads\\\/2020\\\/12\\\/EDA.jpg\",\"@id\":\"https:\\\/\\\/www.eldigitaldeasturias.com\\\/noticias\\\/conoces-los-cambios-que-hay-para-los-autonomos-este-2019\\\/#organizationLogo\",\"width\":649,\"height\":297},\"image\":{\"@id\":\"https:\\\/\\\/www.eldigitaldeasturias.com\\\/noticias\\\/conoces-los-cambios-que-hay-para-los-autonomos-este-2019\\\/#organizationLogo\"},\"sameAs\":[\"https:\\\/\\\/facebook.com\\\/eldigitaldeasturias\",\"https:\\\/\\\/www.youtube.com\\\/channel\\\/UCZP-2wLEB9Rv6erhFmqVnvg\"],\"address\":{\"@id\":\"https:\\\/\\\/www.eldigitaldeasturias.com\\\/noticias\\\/#postaladdress\",\"@type\":\"PostalAddress\",\"streetAddress\":\"san antonio 4,\",\"postalCode\":\"33430\",\"addressLocality\":\"Cand\\u00e1s\",\"addressRegion\":\"Asturias\",\"addressCountry\":\"ES\"}},{\"@type\":\"Person\",\"@id\":\"https:\\\/\\\/www.eldigitaldeasturias.com\\\/noticias\\\/author\\\/admin\\\/#author\",\"url\":\"https:\\\/\\\/www.eldigitaldeasturias.com\\\/noticias\\\/author\\\/admin\\\/\",\"name\":\"El Digital de Asturias\",\"image\":{\"@type\":\"ImageObject\",\"@id\":\"https:\\\/\\\/www.eldigitaldeasturias.com\\\/noticias\\\/conoces-los-cambios-que-hay-para-los-autonomos-este-2019\\\/#authorImage\",\"url\":\"https:\\\/\\\/www.eldigitaldeasturias.com\\\/noticias\\\/wp-content\\\/litespeed\\\/avatar\\\/18677e78aa0546b92d9dbf31ec7d7668.jpg?ver=1777290358\",\"width\":96,\"height\":96,\"caption\":\"El Digital de Asturias\"}},{\"@type\":\"WebPage\",\"@id\":\"https:\\\/\\\/www.eldigitaldeasturias.com\\\/noticias\\\/conoces-los-cambios-que-hay-para-los-autonomos-este-2019\\\/#webpage\",\"url\":\"https:\\\/\\\/www.eldigitaldeasturias.com\\\/noticias\\\/conoces-los-cambios-que-hay-para-los-autonomos-este-2019\\\/\",\"name\":\"\\u00bfConoces los cambios que hay para los aut\\u00f3nomos este 2019? - El Digital de Asturias\",\"description\":\"Las reuniones entre asociaciones de aut\\u00f3nomos y el Gobierno han llegado a su fin, trayendo muy buenas expectativas en materia laboral a quienes hacen vida profesional de esta manera. La protecci\\u00f3n social es el principal asunto que ocupa la atenci\\u00f3n de todos los aut\\u00f3nomos, pues se pasar\\u00e1 a tener una cantidad similar de beneficios que\",\"inLanguage\":\"es-ES\",\"isPartOf\":{\"@id\":\"https:\\\/\\\/www.eldigitaldeasturias.com\\\/noticias\\\/#website\"},\"breadcrumb\":{\"@id\":\"https:\\\/\\\/www.eldigitaldeasturias.com\\\/noticias\\\/conoces-los-cambios-que-hay-para-los-autonomos-este-2019\\\/#breadcrumblist\"},\"author\":{\"@id\":\"https:\\\/\\\/www.eldigitaldeasturias.com\\\/noticias\\\/author\\\/admin\\\/#author\"},\"creator\":{\"@id\":\"https:\\\/\\\/www.eldigitaldeasturias.com\\\/noticias\\\/author\\\/admin\\\/#author\"},\"image\":{\"@type\":\"ImageObject\",\"url\":\"https:\\\/\\\/www.eldigitaldeasturias.com\\\/noticias\\\/wp-content\\\/uploads\\\/2019\\\/01\\\/autonomos.jpg\",\"@id\":\"https:\\\/\\\/www.eldigitaldeasturias.com\\\/noticias\\\/conoces-los-cambios-que-hay-para-los-autonomos-este-2019\\\/#mainImage\",\"width\":596,\"height\":395},\"primaryImageOfPage\":{\"@id\":\"https:\\\/\\\/www.eldigitaldeasturias.com\\\/noticias\\\/conoces-los-cambios-que-hay-para-los-autonomos-este-2019\\\/#mainImage\"},\"datePublished\":\"2019-01-31T02:21:25+01:00\",\"dateModified\":\"2019-01-31T02:21:25+01:00\"},{\"@type\":\"WebSite\",\"@id\":\"https:\\\/\\\/www.eldigitaldeasturias.com\\\/noticias\\\/#website\",\"url\":\"https:\\\/\\\/www.eldigitaldeasturias.com\\\/noticias\\\/\",\"name\":\"El Digital de Asturias - Diario de actualidad y noticias\",\"alternateName\":\"El Digital de Asturias - Diario de actualidad y noticias\",\"description\":\"Hemeroteca\",\"inLanguage\":\"es-ES\",\"publisher\":{\"@id\":\"https:\\\/\\\/www.eldigitaldeasturias.com\\\/noticias\\\/#organization\"}}]}\n\t\t<\/script>\n\t\t<!-- All in One SEO Pro -->\r\n\t\t<title>\u00bfConoces los cambios que hay para los aut\u00f3nomos este 2019? - El Digital de Asturias<\/title>\n\n","aioseo_head_json":{"title":"\u00bfConoces los cambios que hay para los aut\u00f3nomos este 2019? - El Digital de Asturias","description":"Las reuniones entre asociaciones de aut\u00f3nomos y el Gobierno han llegado a su fin, trayendo muy buenas expectativas en materia laboral a quienes hacen vida profesional de esta manera. La protecci\u00f3n social es el principal asunto que ocupa la atenci\u00f3n de todos los aut\u00f3nomos, pues se pasar\u00e1 a tener una cantidad similar de beneficios que","canonical_url":"https:\/\/www.eldigitaldeasturias.com\/noticias\/conoces-los-cambios-que-hay-para-los-autonomos-este-2019\/","robots":"max-image-preview:large","keywords":"econom\u00eda","webmasterTools":{"google-site-verification":"UA-38556648-1","msvalidate.01":"7dfe9f3f1b24437ab69f4f2559babe99","miscellaneous":""},"schema":{"@context":"https:\/\/schema.org","@graph":[{"@type":"BlogPosting","@id":"https:\/\/www.eldigitaldeasturias.com\/noticias\/conoces-los-cambios-que-hay-para-los-autonomos-este-2019\/#blogposting","name":"\u00bfConoces los cambios que hay para los aut\u00f3nomos este 2019? - El Digital de Asturias","headline":"\u00bfConoces los cambios que hay para los aut\u00f3nomos este 2019?","author":{"@id":"https:\/\/www.eldigitaldeasturias.com\/noticias\/author\/admin\/#author"},"publisher":{"@id":"https:\/\/www.eldigitaldeasturias.com\/noticias\/#organization"},"image":{"@type":"ImageObject","url":"https:\/\/www.eldigitaldeasturias.com\/noticias\/wp-content\/uploads\/2019\/01\/autonomos.jpg","width":596,"height":395},"datePublished":"2019-01-31T02:21:25+01:00","dateModified":"2019-01-31T02:21:25+01:00","inLanguage":"es-ES","mainEntityOfPage":{"@id":"https:\/\/www.eldigitaldeasturias.com\/noticias\/conoces-los-cambios-que-hay-para-los-autonomos-este-2019\/#webpage"},"isPartOf":{"@id":"https:\/\/www.eldigitaldeasturias.com\/noticias\/conoces-los-cambios-que-hay-para-los-autonomos-este-2019\/#webpage"},"articleSection":"Econom\u00eda"},{"@type":"BreadcrumbList","@id":"https:\/\/www.eldigitaldeasturias.com\/noticias\/conoces-los-cambios-que-hay-para-los-autonomos-este-2019\/#breadcrumblist","itemListElement":[{"@type":"ListItem","@id":"https:\/\/www.eldigitaldeasturias.com\/noticias#listItem","position":1,"name":"Home","item":"https:\/\/www.eldigitaldeasturias.com\/noticias","nextItem":{"@type":"ListItem","@id":"https:\/\/www.eldigitaldeasturias.com\/noticias\/category\/economia\/#listItem","name":"Econom\u00eda"}},{"@type":"ListItem","@id":"https:\/\/www.eldigitaldeasturias.com\/noticias\/category\/economia\/#listItem","position":2,"name":"Econom\u00eda","item":"https:\/\/www.eldigitaldeasturias.com\/noticias\/category\/economia\/","nextItem":{"@type":"ListItem","@id":"https:\/\/www.eldigitaldeasturias.com\/noticias\/conoces-los-cambios-que-hay-para-los-autonomos-este-2019\/#listItem","name":"\u00bfConoces los cambios que hay para los aut\u00f3nomos este 2019?"},"previousItem":{"@type":"ListItem","@id":"https:\/\/www.eldigitaldeasturias.com\/noticias#listItem","name":"Home"}},{"@type":"ListItem","@id":"https:\/\/www.eldigitaldeasturias.com\/noticias\/conoces-los-cambios-que-hay-para-los-autonomos-este-2019\/#listItem","position":3,"name":"\u00bfConoces los cambios que hay para los aut\u00f3nomos este 2019?","previousItem":{"@type":"ListItem","@id":"https:\/\/www.eldigitaldeasturias.com\/noticias\/category\/economia\/#listItem","name":"Econom\u00eda"}}]},{"@type":"Organization","@id":"https:\/\/www.eldigitaldeasturias.com\/noticias\/#organization","name":"El Digital de Asturias","description":"Hemeroteca","url":"https:\/\/www.eldigitaldeasturias.com\/noticias\/","email":"info@eldigitaldeasturias.com","telephone":"+34652131393","logo":{"@type":"ImageObject","url":"https:\/\/www.eldigitaldeasturias.com\/noticias\/wp-content\/uploads\/2020\/12\/EDA.jpg","@id":"https:\/\/www.eldigitaldeasturias.com\/noticias\/conoces-los-cambios-que-hay-para-los-autonomos-este-2019\/#organizationLogo","width":649,"height":297},"image":{"@id":"https:\/\/www.eldigitaldeasturias.com\/noticias\/conoces-los-cambios-que-hay-para-los-autonomos-este-2019\/#organizationLogo"},"sameAs":["https:\/\/facebook.com\/eldigitaldeasturias","https:\/\/www.youtube.com\/channel\/UCZP-2wLEB9Rv6erhFmqVnvg"],"address":{"@id":"https:\/\/www.eldigitaldeasturias.com\/noticias\/#postaladdress","@type":"PostalAddress","streetAddress":"san antonio 4,","postalCode":"33430","addressLocality":"Cand\u00e1s","addressRegion":"Asturias","addressCountry":"ES"}},{"@type":"Person","@id":"https:\/\/www.eldigitaldeasturias.com\/noticias\/author\/admin\/#author","url":"https:\/\/www.eldigitaldeasturias.com\/noticias\/author\/admin\/","name":"El Digital de Asturias","image":{"@type":"ImageObject","@id":"https:\/\/www.eldigitaldeasturias.com\/noticias\/conoces-los-cambios-que-hay-para-los-autonomos-este-2019\/#authorImage","url":"https:\/\/www.eldigitaldeasturias.com\/noticias\/wp-content\/litespeed\/avatar\/18677e78aa0546b92d9dbf31ec7d7668.jpg?ver=1777290358","width":96,"height":96,"caption":"El Digital de Asturias"}},{"@type":"WebPage","@id":"https:\/\/www.eldigitaldeasturias.com\/noticias\/conoces-los-cambios-que-hay-para-los-autonomos-este-2019\/#webpage","url":"https:\/\/www.eldigitaldeasturias.com\/noticias\/conoces-los-cambios-que-hay-para-los-autonomos-este-2019\/","name":"\u00bfConoces los cambios que hay para los aut\u00f3nomos este 2019? - El Digital de Asturias","description":"Las reuniones entre asociaciones de aut\u00f3nomos y el Gobierno han llegado a su fin, trayendo muy buenas expectativas en materia laboral a quienes hacen vida profesional de esta manera. La protecci\u00f3n social es el principal asunto que ocupa la atenci\u00f3n de todos los aut\u00f3nomos, pues se pasar\u00e1 a tener una cantidad similar de beneficios que","inLanguage":"es-ES","isPartOf":{"@id":"https:\/\/www.eldigitaldeasturias.com\/noticias\/#website"},"breadcrumb":{"@id":"https:\/\/www.eldigitaldeasturias.com\/noticias\/conoces-los-cambios-que-hay-para-los-autonomos-este-2019\/#breadcrumblist"},"author":{"@id":"https:\/\/www.eldigitaldeasturias.com\/noticias\/author\/admin\/#author"},"creator":{"@id":"https:\/\/www.eldigitaldeasturias.com\/noticias\/author\/admin\/#author"},"image":{"@type":"ImageObject","url":"https:\/\/www.eldigitaldeasturias.com\/noticias\/wp-content\/uploads\/2019\/01\/autonomos.jpg","@id":"https:\/\/www.eldigitaldeasturias.com\/noticias\/conoces-los-cambios-que-hay-para-los-autonomos-este-2019\/#mainImage","width":596,"height":395},"primaryImageOfPage":{"@id":"https:\/\/www.eldigitaldeasturias.com\/noticias\/conoces-los-cambios-que-hay-para-los-autonomos-este-2019\/#mainImage"},"datePublished":"2019-01-31T02:21:25+01:00","dateModified":"2019-01-31T02:21:25+01:00"},{"@type":"WebSite","@id":"https:\/\/www.eldigitaldeasturias.com\/noticias\/#website","url":"https:\/\/www.eldigitaldeasturias.com\/noticias\/","name":"El Digital de Asturias - Diario de actualidad y noticias","alternateName":"El Digital de Asturias - Diario de actualidad y noticias","description":"Hemeroteca","inLanguage":"es-ES","publisher":{"@id":"https:\/\/www.eldigitaldeasturias.com\/noticias\/#organization"}}]},"og:locale":"es_ES","og:site_name":"El Digital de Asturias","og:type":"article","og:title":"\u00bfConoces los cambios que hay para los aut\u00f3nomos este 2019? - El Digital de Asturias","og:description":"Las reuniones entre asociaciones de aut\u00f3nomos y el Gobierno han llegado a su fin, trayendo muy buenas expectativas en materia laboral a quienes hacen vida profesional de esta manera. La protecci\u00f3n social es el principal asunto que ocupa la atenci\u00f3n de todos los aut\u00f3nomos, pues se pasar\u00e1 a tener una cantidad similar de beneficios que","og:url":"https:\/\/www.eldigitaldeasturias.com\/noticias\/conoces-los-cambios-que-hay-para-los-autonomos-este-2019\/","og:image":"https:\/\/www.eldigitaldeasturias.com\/noticias\/wp-content\/uploads\/2019\/01\/autonomos.jpg","og:image:secure_url":"https:\/\/www.eldigitaldeasturias.com\/noticias\/wp-content\/uploads\/2019\/01\/autonomos.jpg","og:image:width":596,"og:image:height":395,"article:tag":["econom\u00eda"],"article:published_time":"2019-01-31T02:21:25+00:00","article:modified_time":"2019-01-31T02:21:25+00:00","article:publisher":"https:\/\/facebook.com\/eldigitaldeasturias","twitter:card":"summary_large_image","twitter:title":"\u00bfConoces los cambios que hay para los aut\u00f3nomos este 2019? - El Digital de Asturias","twitter:description":"Las reuniones entre asociaciones de aut\u00f3nomos y el Gobierno han llegado a su fin, trayendo muy buenas expectativas en materia laboral a quienes hacen vida profesional de esta manera. La protecci\u00f3n social es el principal asunto que ocupa la atenci\u00f3n de todos los aut\u00f3nomos, pues se pasar\u00e1 a tener una cantidad similar de beneficios que","twitter:image":"https:\/\/www.eldigitaldeasturias.com\/noticias\/wp-content\/uploads\/2019\/01\/autonomos.jpg","twitter:label1":"Escrito por","twitter:data1":"El Digital de Asturias","twitter:label2":"Tiempo de lectura estimado","twitter:data2":"3 minutos"},"aioseo_meta_data":{"post_id":"1015527","title":null,"description":null,"keywords":null,"keyphrases":null,"primary_term":null,"canonical_url":null,"og_title":null,"og_description":null,"og_object_type":"default","og_image_type":"default","og_image_url":null,"og_image_width":null,"og_image_height":null,"og_image_custom_url":null,"og_image_custom_fields":null,"og_video":null,"og_custom_url":null,"og_article_section":null,"og_article_tags":null,"twitter_use_og":false,"twitter_card":"default","twitter_image_type":"default","twitter_image_url":null,"twitter_image_custom_url":null,"twitter_image_custom_fields":null,"twitter_title":null,"twitter_description":null,"schema":{"blockGraphs":[],"customGraphs":[],"default":{"data":{"Article":[],"Course":[],"Dataset":[],"FAQPage":[],"Movie":[],"Person":[],"Product":[],"ProductReview":[],"Car":[],"Recipe":[],"Service":[],"SoftwareApplication":[],"WebPage":[]},"graphName":"","isEnabled":true},"graphs":[],"defaultGraph":"","defaultPostTypeGraph":""},"schema_type":null,"schema_type_options":null,"pillar_content":false,"robots_default":true,"robots_noindex":false,"robots_noarchive":false,"robots_nosnippet":false,"robots_nofollow":false,"robots_noimageindex":false,"robots_noodp":false,"robots_notranslate":false,"robots_max_snippet":null,"robots_max_videopreview":null,"robots_max_imagepreview":"large","priority":null,"frequency":null,"local_seo":null,"seo_analyzer_scan_date":"2025-10-15 21:39:09","breadcrumb_settings":null,"limit_modified_date":false,"open_ai":null,"ai":null,"created":"2020-12-21 11:21:34","updated":"2025-10-15 21:39:09"},"aioseo_breadcrumb":"<div class=\"aioseo-breadcrumbs\"><span class=\"aioseo-breadcrumb\">\n\t<a href=\"https:\/\/www.eldigitaldeasturias.com\/noticias\" title=\"Home\">Home<\/a>\n<\/span><span class=\"aioseo-breadcrumb-separator\">\u2013<\/span><span class=\"aioseo-breadcrumb\">\n\t<a href=\"https:\/\/www.eldigitaldeasturias.com\/noticias\/category\/economia\/\" title=\"Econom\u00eda\">Econom\u00eda<\/a>\n<\/span><span class=\"aioseo-breadcrumb-separator\">\u2013<\/span><span class=\"aioseo-breadcrumb\">\n\t<a href=\"https:\/\/www.eldigitaldeasturias.com\/noticias\/conoces-los-cambios-que-hay-para-los-autonomos-este-2019\/\" title=\"\u00bfConoces los cambios que hay para los aut\u00f3nomos este 2019?\">\u00bfConoces los cambios que hay para los aut\u00f3nomos este 2019?<\/a>\n<\/span><\/div>","aioseo_breadcrumb_json":[{"label":"Home","link":"https:\/\/www.eldigitaldeasturias.com\/noticias"},{"label":"Econom\u00eda","link":"https:\/\/www.eldigitaldeasturias.com\/noticias\/category\/economia\/"},{"label":"\u00bfConoces los cambios que hay para los aut\u00f3nomos este 2019?","link":"https:\/\/www.eldigitaldeasturias.com\/noticias\/conoces-los-cambios-que-hay-para-los-autonomos-este-2019\/"}],"_links":{"self":[{"href":"https:\/\/www.eldigitaldeasturias.com\/noticias\/wp-json\/wp\/v2\/posts\/1015527","targetHints":{"allow":["GET"]}}],"collection":[{"href":"https:\/\/www.eldigitaldeasturias.com\/noticias\/wp-json\/wp\/v2\/posts"}],"about":[{"href":"https:\/\/www.eldigitaldeasturias.com\/noticias\/wp-json\/wp\/v2\/types\/post"}],"author":[{"embeddable":true,"href":"https:\/\/www.eldigitaldeasturias.com\/noticias\/wp-json\/wp\/v2\/users\/1"}],"replies":[{"embeddable":true,"href":"https:\/\/www.eldigitaldeasturias.com\/noticias\/wp-json\/wp\/v2\/comments?post=1015527"}],"version-history":[{"count":0,"href":"https:\/\/www.eldigitaldeasturias.com\/noticias\/wp-json\/wp\/v2\/posts\/1015527\/revisions"}],"wp:featuredmedia":[{"embeddable":true,"href":"https:\/\/www.eldigitaldeasturias.com\/noticias\/wp-json\/wp\/v2\/media\/1015528"}],"wp:attachment":[{"href":"https:\/\/www.eldigitaldeasturias.com\/noticias\/wp-json\/wp\/v2\/media?parent=1015527"}],"wp:term":[{"taxonomy":"category","embeddable":true,"href":"https:\/\/www.eldigitaldeasturias.com\/noticias\/wp-json\/wp\/v2\/categories?post=1015527"},{"taxonomy":"post_tag","embeddable":true,"href":"https:\/\/www.eldigitaldeasturias.com\/noticias\/wp-json\/wp\/v2\/tags?post=1015527"}],"curies":[{"name":"wp","href":"https:\/\/api.w.org\/{rel}","templated":true}]}}