{"id":1015306,"date":"2019-01-29T14:36:23","date_gmt":"2019-01-29T14:36:23","guid":{"rendered":"https:\/\/www.eldigitaldeasturias.com\/noticias\/?p=1015306"},"modified":"2019-01-29T14:36:23","modified_gmt":"2019-01-29T14:36:23","slug":"la-epa-corrobora-la-caida-del-paro-en-asturias","status":"publish","type":"post","link":"https:\/\/www.eldigitaldeasturias.com\/noticias\/la-epa-corrobora-la-caida-del-paro-en-asturias\/","title":{"rendered":"La EPA corrobora la ca\u00edda del paro en Asturias"},"content":{"rendered":"<p><img loading=\"lazy\" decoding=\"async\" class=\"alignleft size-medium wp-image-981996\" src=\"https:\/\/www.eldigitaldeasturias.com\/noticias\/wp-content\/uploads\/2018\/05\/020817Datosparo-360x239.jpg\" alt=\"\" width=\"360\" height=\"239\" srcset=\"https:\/\/www.eldigitaldeasturias.com\/noticias\/wp-content\/uploads\/2018\/05\/020817Datosparo-360x239.jpg 360w, https:\/\/www.eldigitaldeasturias.com\/noticias\/wp-content\/uploads\/2018\/05\/020817Datosparo.jpg 496w\" sizes=\"auto, (max-width: 360px) 100vw, 360px\" \/>El desempleo disminuy\u00f3 en Asturias un 13,47% a lo largo del \u00faltimo a\u00f1o, seg\u00fan los datos de la Encuesta de Poblaci\u00f3n Activa (EPA). El n\u00famero de personas sin trabajo se redujo a 57.600, 9.000 menos que el ejercicio anterior, y la tasa de paro descendi\u00f3 hasta un 12,86%, inferior a la media nacional (14,45%).<\/p>\n<p>La EPA realiza cuatro entregas al a\u00f1o. La conocida hoy corresponde al cuarto trimestre de 2018 (octubre, noviembre y diciembre). Si los c\u00e1lculos se hacen respecto a la anterior entrega, el descenso del paro en Asturias alcanza el 6,04%, muy por encima de la media estatal (0,65%) y s\u00f3lo superada por Catalu\u00f1a y Andaluc\u00eda. Estos datos corroboran la buena evoluci\u00f3n del desempleo en el Principado, puesta de manifiesto tanto en entregas anteriores de la EPA como en las estad\u00edsticas mensuales de paro registrado.<\/p>\n<p>En cuanto al n\u00famero de ocupados, los datos son menos positivos. Durante 2018, el aumento en Asturias se limit\u00f3 a un 0,57% (2.200 trabajadores), el menor de todas las comunidades. Por su parte, la poblaci\u00f3n activa se redujo en un 1,48%. Actualmente, seg\u00fan la EPA, el Principado cuenta con 448.300 activos y 390.600 ocupados.<\/p>\n<p>Las estimaciones de la EPA en comunidades uniprovinciales como Asturias suelen sufrir fuertes oscilaciones achacables al peque\u00f1o tama\u00f1o de las muestras. Para compensarlas, se realizan c\u00e1lculos medios anuales. Haci\u00e9ndolo de este modo (la media de desempleados de 2018 respecto a la media de desempleados de 2017), la disminuci\u00f3n del paro se queda en un 1,75% (1.100 personas, en t\u00e9rminos absolutos). A su vez, este porcentaje es menor al que refleja el paro registrado, que llega al 6,77% (5.338 desempleado menos que en 2017).<\/p>\n<p>Luisa P\u00e9rez, directora del Servicio P\u00fablico de Empleo, ha considerado que la discrepancia en las cifras pone de manifiesto que \u201cla Encuesta de Poblaci\u00f3n Activa en comunidades del tama\u00f1o del Principado a veces muestra un comportamiento de dif\u00edcil explicaci\u00f3n si se compara con los registros administrativos\u201d.<\/p>\n","protected":false},"excerpt":{"rendered":"<p>El desempleo disminuy\u00f3 en Asturias un 13,47% a lo largo del \u00faltimo a\u00f1o, seg\u00fan los datos de la Encuesta de Poblaci\u00f3n Activa (EPA). El n\u00famero de personas sin trabajo se redujo a 57.600, 9.000 menos que el ejercicio anterior, y la tasa de paro descendi\u00f3 hasta un 12,86%, inferior a la media nacional (14,45%). La [&hellip;]<\/p>\n","protected":false},"author":1,"featured_media":981996,"comment_status":"closed","ping_status":"closed","sticky":false,"template":"","format":"standard","meta":{"footnotes":""},"categories":[187],"tags":[],"class_list":["post-1015306","post","type-post","status-publish","format-standard","has-post-thumbnail","hentry","category-economia"],"aioseo_notices":[],"aioseo_head":"\n\t\t<!-- All in One SEO Pro 4.9.6.2 - aioseo.com -->\n\t<meta name=\"description\" content=\"El desempleo disminuy\u00f3 en Asturias un 13,47% a lo largo del \u00faltimo a\u00f1o, seg\u00fan los datos de la Encuesta de Poblaci\u00f3n Activa (EPA). El n\u00famero de personas sin trabajo se redujo a 57.600, 9.000 menos que el ejercicio anterior, y la tasa de paro descendi\u00f3 hasta un 12,86%, inferior a la media nacional (14,45%). La\" \/>\n\t<meta name=\"robots\" content=\"max-image-preview:large\" \/>\n\t<meta name=\"author\" content=\"El Digital de Asturias\"\/>\n\t<meta name=\"google-site-verification\" content=\"UA-38556648-1\" \/>\n\t<meta name=\"msvalidate.01\" content=\"7dfe9f3f1b24437ab69f4f2559babe99\" \/>\n\t<meta name=\"keywords\" content=\"econom\u00eda\" \/>\n\t<link rel=\"canonical\" href=\"https:\/\/www.eldigitaldeasturias.com\/noticias\/la-epa-corrobora-la-caida-del-paro-en-asturias\/\" \/>\n\t<meta name=\"generator\" content=\"All in One SEO Pro (AIOSEO) 4.9.6.2\" \/>\n\t\t<meta property=\"og:locale\" content=\"es_ES\" \/>\n\t\t<meta property=\"og:site_name\" content=\"El Digital de Asturias\" \/>\n\t\t<meta property=\"og:type\" content=\"article\" \/>\n\t\t<meta property=\"og:title\" content=\"La EPA corrobora la ca\u00edda del paro en Asturias - El Digital de Asturias\" \/>\n\t\t<meta property=\"og:description\" content=\"El desempleo disminuy\u00f3 en Asturias un 13,47% a lo largo del \u00faltimo a\u00f1o, seg\u00fan los datos de la Encuesta de Poblaci\u00f3n Activa (EPA). El n\u00famero de personas sin trabajo se redujo a 57.600, 9.000 menos que el ejercicio anterior, y la tasa de paro descendi\u00f3 hasta un 12,86%, inferior a la media nacional (14,45%). La\" \/>\n\t\t<meta property=\"og:url\" content=\"https:\/\/www.eldigitaldeasturias.com\/noticias\/la-epa-corrobora-la-caida-del-paro-en-asturias\/\" \/>\n\t\t<meta property=\"og:image\" content=\"https:\/\/www.eldigitaldeasturias.com\/noticias\/wp-content\/uploads\/2018\/05\/020817Datosparo.jpg\" \/>\n\t\t<meta property=\"og:image:secure_url\" content=\"https:\/\/www.eldigitaldeasturias.com\/noticias\/wp-content\/uploads\/2018\/05\/020817Datosparo.jpg\" \/>\n\t\t<meta property=\"og:image:width\" content=\"496\" \/>\n\t\t<meta property=\"og:image:height\" content=\"329\" \/>\n\t\t<meta property=\"article:tag\" content=\"econom\u00eda\" \/>\n\t\t<meta property=\"article:published_time\" content=\"2019-01-29T14:36:23+00:00\" \/>\n\t\t<meta property=\"article:modified_time\" content=\"2019-01-29T14:36:23+00:00\" \/>\n\t\t<meta property=\"article:publisher\" content=\"https:\/\/facebook.com\/eldigitaldeasturias\" \/>\n\t\t<meta name=\"twitter:card\" content=\"summary_large_image\" \/>\n\t\t<meta name=\"twitter:title\" content=\"La EPA corrobora la ca\u00edda del paro en Asturias - El Digital de Asturias\" \/>\n\t\t<meta name=\"twitter:description\" content=\"El desempleo disminuy\u00f3 en Asturias un 13,47% a lo largo del \u00faltimo a\u00f1o, seg\u00fan los datos de la Encuesta de Poblaci\u00f3n Activa (EPA). El n\u00famero de personas sin trabajo se redujo a 57.600, 9.000 menos que el ejercicio anterior, y la tasa de paro descendi\u00f3 hasta un 12,86%, inferior a la media nacional (14,45%). La\" \/>\n\t\t<meta name=\"twitter:image\" content=\"https:\/\/www.eldigitaldeasturias.com\/noticias\/wp-content\/uploads\/2018\/05\/020817Datosparo.jpg\" \/>\n\t\t<meta name=\"twitter:label1\" content=\"Escrito por\" \/>\n\t\t<meta name=\"twitter:data1\" content=\"El Digital de Asturias\" \/>\n\t\t<meta name=\"twitter:label2\" content=\"Tiempo de lectura estimado\" \/>\n\t\t<meta name=\"twitter:data2\" content=\"2 minutos\" \/>\n\t\t<script type=\"application\/ld+json\" class=\"aioseo-schema\">\n\t\t\t{\"@context\":\"https:\\\/\\\/schema.org\",\"@graph\":[{\"@type\":\"BlogPosting\",\"@id\":\"https:\\\/\\\/www.eldigitaldeasturias.com\\\/noticias\\\/la-epa-corrobora-la-caida-del-paro-en-asturias\\\/#blogposting\",\"name\":\"La EPA corrobora la ca\\u00edda del paro en Asturias - El Digital de Asturias\",\"headline\":\"La EPA corrobora la ca\\u00edda del paro en Asturias\",\"author\":{\"@id\":\"https:\\\/\\\/www.eldigitaldeasturias.com\\\/noticias\\\/author\\\/admin\\\/#author\"},\"publisher\":{\"@id\":\"https:\\\/\\\/www.eldigitaldeasturias.com\\\/noticias\\\/#organization\"},\"image\":{\"@type\":\"ImageObject\",\"url\":\"https:\\\/\\\/www.eldigitaldeasturias.com\\\/noticias\\\/wp-content\\\/uploads\\\/2018\\\/05\\\/020817Datosparo.jpg\",\"width\":496,\"height\":329},\"datePublished\":\"2019-01-29T14:36:23+01:00\",\"dateModified\":\"2019-01-29T14:36:23+01:00\",\"inLanguage\":\"es-ES\",\"mainEntityOfPage\":{\"@id\":\"https:\\\/\\\/www.eldigitaldeasturias.com\\\/noticias\\\/la-epa-corrobora-la-caida-del-paro-en-asturias\\\/#webpage\"},\"isPartOf\":{\"@id\":\"https:\\\/\\\/www.eldigitaldeasturias.com\\\/noticias\\\/la-epa-corrobora-la-caida-del-paro-en-asturias\\\/#webpage\"},\"articleSection\":\"Econom\\u00eda\"},{\"@type\":\"BreadcrumbList\",\"@id\":\"https:\\\/\\\/www.eldigitaldeasturias.com\\\/noticias\\\/la-epa-corrobora-la-caida-del-paro-en-asturias\\\/#breadcrumblist\",\"itemListElement\":[{\"@type\":\"ListItem\",\"@id\":\"https:\\\/\\\/www.eldigitaldeasturias.com\\\/noticias#listItem\",\"position\":1,\"name\":\"Home\",\"item\":\"https:\\\/\\\/www.eldigitaldeasturias.com\\\/noticias\",\"nextItem\":{\"@type\":\"ListItem\",\"@id\":\"https:\\\/\\\/www.eldigitaldeasturias.com\\\/noticias\\\/category\\\/economia\\\/#listItem\",\"name\":\"Econom\\u00eda\"}},{\"@type\":\"ListItem\",\"@id\":\"https:\\\/\\\/www.eldigitaldeasturias.com\\\/noticias\\\/category\\\/economia\\\/#listItem\",\"position\":2,\"name\":\"Econom\\u00eda\",\"item\":\"https:\\\/\\\/www.eldigitaldeasturias.com\\\/noticias\\\/category\\\/economia\\\/\",\"nextItem\":{\"@type\":\"ListItem\",\"@id\":\"https:\\\/\\\/www.eldigitaldeasturias.com\\\/noticias\\\/la-epa-corrobora-la-caida-del-paro-en-asturias\\\/#listItem\",\"name\":\"La EPA corrobora la ca\\u00edda del paro en Asturias\"},\"previousItem\":{\"@type\":\"ListItem\",\"@id\":\"https:\\\/\\\/www.eldigitaldeasturias.com\\\/noticias#listItem\",\"name\":\"Home\"}},{\"@type\":\"ListItem\",\"@id\":\"https:\\\/\\\/www.eldigitaldeasturias.com\\\/noticias\\\/la-epa-corrobora-la-caida-del-paro-en-asturias\\\/#listItem\",\"position\":3,\"name\":\"La EPA corrobora la ca\\u00edda del paro en Asturias\",\"previousItem\":{\"@type\":\"ListItem\",\"@id\":\"https:\\\/\\\/www.eldigitaldeasturias.com\\\/noticias\\\/category\\\/economia\\\/#listItem\",\"name\":\"Econom\\u00eda\"}}]},{\"@type\":\"Organization\",\"@id\":\"https:\\\/\\\/www.eldigitaldeasturias.com\\\/noticias\\\/#organization\",\"name\":\"El Digital de Asturias\",\"description\":\"Hemeroteca\",\"url\":\"https:\\\/\\\/www.eldigitaldeasturias.com\\\/noticias\\\/\",\"email\":\"info@eldigitaldeasturias.com\",\"telephone\":\"+34652131393\",\"logo\":{\"@type\":\"ImageObject\",\"url\":\"https:\\\/\\\/www.eldigitaldeasturias.com\\\/noticias\\\/wp-content\\\/uploads\\\/2020\\\/12\\\/EDA.jpg\",\"@id\":\"https:\\\/\\\/www.eldigitaldeasturias.com\\\/noticias\\\/la-epa-corrobora-la-caida-del-paro-en-asturias\\\/#organizationLogo\",\"width\":649,\"height\":297},\"image\":{\"@id\":\"https:\\\/\\\/www.eldigitaldeasturias.com\\\/noticias\\\/la-epa-corrobora-la-caida-del-paro-en-asturias\\\/#organizationLogo\"},\"sameAs\":[\"https:\\\/\\\/facebook.com\\\/eldigitaldeasturias\",\"https:\\\/\\\/www.youtube.com\\\/channel\\\/UCZP-2wLEB9Rv6erhFmqVnvg\"],\"address\":{\"@id\":\"https:\\\/\\\/www.eldigitaldeasturias.com\\\/noticias\\\/#postaladdress\",\"@type\":\"PostalAddress\",\"streetAddress\":\"san antonio 4,\",\"postalCode\":\"33430\",\"addressLocality\":\"Cand\\u00e1s\",\"addressRegion\":\"Asturias\",\"addressCountry\":\"ES\"}},{\"@type\":\"Person\",\"@id\":\"https:\\\/\\\/www.eldigitaldeasturias.com\\\/noticias\\\/author\\\/admin\\\/#author\",\"url\":\"https:\\\/\\\/www.eldigitaldeasturias.com\\\/noticias\\\/author\\\/admin\\\/\",\"name\":\"El Digital de Asturias\",\"image\":{\"@type\":\"ImageObject\",\"@id\":\"https:\\\/\\\/www.eldigitaldeasturias.com\\\/noticias\\\/la-epa-corrobora-la-caida-del-paro-en-asturias\\\/#authorImage\",\"url\":\"https:\\\/\\\/www.eldigitaldeasturias.com\\\/noticias\\\/wp-content\\\/litespeed\\\/avatar\\\/18677e78aa0546b92d9dbf31ec7d7668.jpg?ver=1777290358\",\"width\":96,\"height\":96,\"caption\":\"El Digital de Asturias\"}},{\"@type\":\"WebPage\",\"@id\":\"https:\\\/\\\/www.eldigitaldeasturias.com\\\/noticias\\\/la-epa-corrobora-la-caida-del-paro-en-asturias\\\/#webpage\",\"url\":\"https:\\\/\\\/www.eldigitaldeasturias.com\\\/noticias\\\/la-epa-corrobora-la-caida-del-paro-en-asturias\\\/\",\"name\":\"La EPA corrobora la ca\\u00edda del paro en Asturias - El Digital de Asturias\",\"description\":\"El desempleo disminuy\\u00f3 en Asturias un 13,47% a lo largo del \\u00faltimo a\\u00f1o, seg\\u00fan los datos de la Encuesta de Poblaci\\u00f3n Activa (EPA). El n\\u00famero de personas sin trabajo se redujo a 57.600, 9.000 menos que el ejercicio anterior, y la tasa de paro descendi\\u00f3 hasta un 12,86%, inferior a la media nacional (14,45%). La\",\"inLanguage\":\"es-ES\",\"isPartOf\":{\"@id\":\"https:\\\/\\\/www.eldigitaldeasturias.com\\\/noticias\\\/#website\"},\"breadcrumb\":{\"@id\":\"https:\\\/\\\/www.eldigitaldeasturias.com\\\/noticias\\\/la-epa-corrobora-la-caida-del-paro-en-asturias\\\/#breadcrumblist\"},\"author\":{\"@id\":\"https:\\\/\\\/www.eldigitaldeasturias.com\\\/noticias\\\/author\\\/admin\\\/#author\"},\"creator\":{\"@id\":\"https:\\\/\\\/www.eldigitaldeasturias.com\\\/noticias\\\/author\\\/admin\\\/#author\"},\"image\":{\"@type\":\"ImageObject\",\"url\":\"https:\\\/\\\/www.eldigitaldeasturias.com\\\/noticias\\\/wp-content\\\/uploads\\\/2018\\\/05\\\/020817Datosparo.jpg\",\"@id\":\"https:\\\/\\\/www.eldigitaldeasturias.com\\\/noticias\\\/la-epa-corrobora-la-caida-del-paro-en-asturias\\\/#mainImage\",\"width\":496,\"height\":329},\"primaryImageOfPage\":{\"@id\":\"https:\\\/\\\/www.eldigitaldeasturias.com\\\/noticias\\\/la-epa-corrobora-la-caida-del-paro-en-asturias\\\/#mainImage\"},\"datePublished\":\"2019-01-29T14:36:23+01:00\",\"dateModified\":\"2019-01-29T14:36:23+01:00\"},{\"@type\":\"WebSite\",\"@id\":\"https:\\\/\\\/www.eldigitaldeasturias.com\\\/noticias\\\/#website\",\"url\":\"https:\\\/\\\/www.eldigitaldeasturias.com\\\/noticias\\\/\",\"name\":\"El Digital de Asturias - Diario de actualidad y noticias\",\"alternateName\":\"El Digital de Asturias - Diario de actualidad y noticias\",\"description\":\"Hemeroteca\",\"inLanguage\":\"es-ES\",\"publisher\":{\"@id\":\"https:\\\/\\\/www.eldigitaldeasturias.com\\\/noticias\\\/#organization\"}}]}\n\t\t<\/script>\n\t\t<!-- All in One SEO Pro -->\r\n\t\t<title>La EPA corrobora la ca\u00edda del paro en Asturias - El Digital de Asturias<\/title>\n\n","aioseo_head_json":{"title":"La EPA corrobora la ca\u00edda del paro en Asturias - El Digital de Asturias","description":"El desempleo disminuy\u00f3 en Asturias un 13,47% a lo largo del \u00faltimo a\u00f1o, seg\u00fan los datos de la Encuesta de Poblaci\u00f3n Activa (EPA). El n\u00famero de personas sin trabajo se redujo a 57.600, 9.000 menos que el ejercicio anterior, y la tasa de paro descendi\u00f3 hasta un 12,86%, inferior a la media nacional (14,45%). La","canonical_url":"https:\/\/www.eldigitaldeasturias.com\/noticias\/la-epa-corrobora-la-caida-del-paro-en-asturias\/","robots":"max-image-preview:large","keywords":"econom\u00eda","webmasterTools":{"google-site-verification":"UA-38556648-1","msvalidate.01":"7dfe9f3f1b24437ab69f4f2559babe99","miscellaneous":""},"schema":{"@context":"https:\/\/schema.org","@graph":[{"@type":"BlogPosting","@id":"https:\/\/www.eldigitaldeasturias.com\/noticias\/la-epa-corrobora-la-caida-del-paro-en-asturias\/#blogposting","name":"La EPA corrobora la ca\u00edda del paro en Asturias - El Digital de Asturias","headline":"La EPA corrobora la ca\u00edda del paro en Asturias","author":{"@id":"https:\/\/www.eldigitaldeasturias.com\/noticias\/author\/admin\/#author"},"publisher":{"@id":"https:\/\/www.eldigitaldeasturias.com\/noticias\/#organization"},"image":{"@type":"ImageObject","url":"https:\/\/www.eldigitaldeasturias.com\/noticias\/wp-content\/uploads\/2018\/05\/020817Datosparo.jpg","width":496,"height":329},"datePublished":"2019-01-29T14:36:23+01:00","dateModified":"2019-01-29T14:36:23+01:00","inLanguage":"es-ES","mainEntityOfPage":{"@id":"https:\/\/www.eldigitaldeasturias.com\/noticias\/la-epa-corrobora-la-caida-del-paro-en-asturias\/#webpage"},"isPartOf":{"@id":"https:\/\/www.eldigitaldeasturias.com\/noticias\/la-epa-corrobora-la-caida-del-paro-en-asturias\/#webpage"},"articleSection":"Econom\u00eda"},{"@type":"BreadcrumbList","@id":"https:\/\/www.eldigitaldeasturias.com\/noticias\/la-epa-corrobora-la-caida-del-paro-en-asturias\/#breadcrumblist","itemListElement":[{"@type":"ListItem","@id":"https:\/\/www.eldigitaldeasturias.com\/noticias#listItem","position":1,"name":"Home","item":"https:\/\/www.eldigitaldeasturias.com\/noticias","nextItem":{"@type":"ListItem","@id":"https:\/\/www.eldigitaldeasturias.com\/noticias\/category\/economia\/#listItem","name":"Econom\u00eda"}},{"@type":"ListItem","@id":"https:\/\/www.eldigitaldeasturias.com\/noticias\/category\/economia\/#listItem","position":2,"name":"Econom\u00eda","item":"https:\/\/www.eldigitaldeasturias.com\/noticias\/category\/economia\/","nextItem":{"@type":"ListItem","@id":"https:\/\/www.eldigitaldeasturias.com\/noticias\/la-epa-corrobora-la-caida-del-paro-en-asturias\/#listItem","name":"La EPA corrobora la ca\u00edda del paro en Asturias"},"previousItem":{"@type":"ListItem","@id":"https:\/\/www.eldigitaldeasturias.com\/noticias#listItem","name":"Home"}},{"@type":"ListItem","@id":"https:\/\/www.eldigitaldeasturias.com\/noticias\/la-epa-corrobora-la-caida-del-paro-en-asturias\/#listItem","position":3,"name":"La EPA corrobora la ca\u00edda del paro en Asturias","previousItem":{"@type":"ListItem","@id":"https:\/\/www.eldigitaldeasturias.com\/noticias\/category\/economia\/#listItem","name":"Econom\u00eda"}}]},{"@type":"Organization","@id":"https:\/\/www.eldigitaldeasturias.com\/noticias\/#organization","name":"El Digital de Asturias","description":"Hemeroteca","url":"https:\/\/www.eldigitaldeasturias.com\/noticias\/","email":"info@eldigitaldeasturias.com","telephone":"+34652131393","logo":{"@type":"ImageObject","url":"https:\/\/www.eldigitaldeasturias.com\/noticias\/wp-content\/uploads\/2020\/12\/EDA.jpg","@id":"https:\/\/www.eldigitaldeasturias.com\/noticias\/la-epa-corrobora-la-caida-del-paro-en-asturias\/#organizationLogo","width":649,"height":297},"image":{"@id":"https:\/\/www.eldigitaldeasturias.com\/noticias\/la-epa-corrobora-la-caida-del-paro-en-asturias\/#organizationLogo"},"sameAs":["https:\/\/facebook.com\/eldigitaldeasturias","https:\/\/www.youtube.com\/channel\/UCZP-2wLEB9Rv6erhFmqVnvg"],"address":{"@id":"https:\/\/www.eldigitaldeasturias.com\/noticias\/#postaladdress","@type":"PostalAddress","streetAddress":"san antonio 4,","postalCode":"33430","addressLocality":"Cand\u00e1s","addressRegion":"Asturias","addressCountry":"ES"}},{"@type":"Person","@id":"https:\/\/www.eldigitaldeasturias.com\/noticias\/author\/admin\/#author","url":"https:\/\/www.eldigitaldeasturias.com\/noticias\/author\/admin\/","name":"El Digital de Asturias","image":{"@type":"ImageObject","@id":"https:\/\/www.eldigitaldeasturias.com\/noticias\/la-epa-corrobora-la-caida-del-paro-en-asturias\/#authorImage","url":"https:\/\/www.eldigitaldeasturias.com\/noticias\/wp-content\/litespeed\/avatar\/18677e78aa0546b92d9dbf31ec7d7668.jpg?ver=1777290358","width":96,"height":96,"caption":"El Digital de Asturias"}},{"@type":"WebPage","@id":"https:\/\/www.eldigitaldeasturias.com\/noticias\/la-epa-corrobora-la-caida-del-paro-en-asturias\/#webpage","url":"https:\/\/www.eldigitaldeasturias.com\/noticias\/la-epa-corrobora-la-caida-del-paro-en-asturias\/","name":"La EPA corrobora la ca\u00edda del paro en Asturias - El Digital de Asturias","description":"El desempleo disminuy\u00f3 en Asturias un 13,47% a lo largo del \u00faltimo a\u00f1o, seg\u00fan los datos de la Encuesta de Poblaci\u00f3n Activa (EPA). El n\u00famero de personas sin trabajo se redujo a 57.600, 9.000 menos que el ejercicio anterior, y la tasa de paro descendi\u00f3 hasta un 12,86%, inferior a la media nacional (14,45%). La","inLanguage":"es-ES","isPartOf":{"@id":"https:\/\/www.eldigitaldeasturias.com\/noticias\/#website"},"breadcrumb":{"@id":"https:\/\/www.eldigitaldeasturias.com\/noticias\/la-epa-corrobora-la-caida-del-paro-en-asturias\/#breadcrumblist"},"author":{"@id":"https:\/\/www.eldigitaldeasturias.com\/noticias\/author\/admin\/#author"},"creator":{"@id":"https:\/\/www.eldigitaldeasturias.com\/noticias\/author\/admin\/#author"},"image":{"@type":"ImageObject","url":"https:\/\/www.eldigitaldeasturias.com\/noticias\/wp-content\/uploads\/2018\/05\/020817Datosparo.jpg","@id":"https:\/\/www.eldigitaldeasturias.com\/noticias\/la-epa-corrobora-la-caida-del-paro-en-asturias\/#mainImage","width":496,"height":329},"primaryImageOfPage":{"@id":"https:\/\/www.eldigitaldeasturias.com\/noticias\/la-epa-corrobora-la-caida-del-paro-en-asturias\/#mainImage"},"datePublished":"2019-01-29T14:36:23+01:00","dateModified":"2019-01-29T14:36:23+01:00"},{"@type":"WebSite","@id":"https:\/\/www.eldigitaldeasturias.com\/noticias\/#website","url":"https:\/\/www.eldigitaldeasturias.com\/noticias\/","name":"El Digital de Asturias - Diario de actualidad y noticias","alternateName":"El Digital de Asturias - Diario de actualidad y noticias","description":"Hemeroteca","inLanguage":"es-ES","publisher":{"@id":"https:\/\/www.eldigitaldeasturias.com\/noticias\/#organization"}}]},"og:locale":"es_ES","og:site_name":"El Digital de Asturias","og:type":"article","og:title":"La EPA corrobora la ca\u00edda del paro en Asturias - El Digital de Asturias","og:description":"El desempleo disminuy\u00f3 en Asturias un 13,47% a lo largo del \u00faltimo a\u00f1o, seg\u00fan los datos de la Encuesta de Poblaci\u00f3n Activa (EPA). El n\u00famero de personas sin trabajo se redujo a 57.600, 9.000 menos que el ejercicio anterior, y la tasa de paro descendi\u00f3 hasta un 12,86%, inferior a la media nacional (14,45%). La","og:url":"https:\/\/www.eldigitaldeasturias.com\/noticias\/la-epa-corrobora-la-caida-del-paro-en-asturias\/","og:image":"https:\/\/www.eldigitaldeasturias.com\/noticias\/wp-content\/uploads\/2018\/05\/020817Datosparo.jpg","og:image:secure_url":"https:\/\/www.eldigitaldeasturias.com\/noticias\/wp-content\/uploads\/2018\/05\/020817Datosparo.jpg","og:image:width":496,"og:image:height":329,"article:tag":["econom\u00eda"],"article:published_time":"2019-01-29T14:36:23+00:00","article:modified_time":"2019-01-29T14:36:23+00:00","article:publisher":"https:\/\/facebook.com\/eldigitaldeasturias","twitter:card":"summary_large_image","twitter:title":"La EPA corrobora la ca\u00edda del paro en Asturias - El Digital de Asturias","twitter:description":"El desempleo disminuy\u00f3 en Asturias un 13,47% a lo largo del \u00faltimo a\u00f1o, seg\u00fan los datos de la Encuesta de Poblaci\u00f3n Activa (EPA). El n\u00famero de personas sin trabajo se redujo a 57.600, 9.000 menos que el ejercicio anterior, y la tasa de paro descendi\u00f3 hasta un 12,86%, inferior a la media nacional (14,45%). La","twitter:image":"https:\/\/www.eldigitaldeasturias.com\/noticias\/wp-content\/uploads\/2018\/05\/020817Datosparo.jpg","twitter:label1":"Escrito por","twitter:data1":"El Digital de Asturias","twitter:label2":"Tiempo de lectura estimado","twitter:data2":"2 minutos"},"aioseo_meta_data":{"post_id":"1015306","title":null,"description":null,"keywords":null,"keyphrases":null,"primary_term":null,"canonical_url":null,"og_title":null,"og_description":null,"og_object_type":"default","og_image_type":"default","og_image_url":null,"og_image_width":null,"og_image_height":null,"og_image_custom_url":null,"og_image_custom_fields":null,"og_video":null,"og_custom_url":null,"og_article_section":null,"og_article_tags":null,"twitter_use_og":false,"twitter_card":"default","twitter_image_type":"default","twitter_image_url":null,"twitter_image_custom_url":null,"twitter_image_custom_fields":null,"twitter_title":null,"twitter_description":null,"schema":{"blockGraphs":[],"customGraphs":[],"default":{"data":{"Article":[],"Course":[],"Dataset":[],"FAQPage":[],"Movie":[],"Person":[],"Product":[],"ProductReview":[],"Car":[],"Recipe":[],"Service":[],"SoftwareApplication":[],"WebPage":[]},"graphName":"","isEnabled":true},"graphs":[],"defaultGraph":"","defaultPostTypeGraph":""},"schema_type":null,"schema_type_options":null,"pillar_content":false,"robots_default":true,"robots_noindex":false,"robots_noarchive":false,"robots_nosnippet":false,"robots_nofollow":false,"robots_noimageindex":false,"robots_noodp":false,"robots_notranslate":false,"robots_max_snippet":null,"robots_max_videopreview":null,"robots_max_imagepreview":"large","priority":null,"frequency":null,"local_seo":null,"seo_analyzer_scan_date":"2025-10-15 20:45:09","breadcrumb_settings":null,"limit_modified_date":false,"open_ai":null,"ai":null,"created":"2020-12-21 11:21:36","updated":"2025-10-15 20:45:09"},"aioseo_breadcrumb":"<div class=\"aioseo-breadcrumbs\"><span class=\"aioseo-breadcrumb\">\n\t<a href=\"https:\/\/www.eldigitaldeasturias.com\/noticias\" title=\"Home\">Home<\/a>\n<\/span><span class=\"aioseo-breadcrumb-separator\">\u2013<\/span><span class=\"aioseo-breadcrumb\">\n\t<a href=\"https:\/\/www.eldigitaldeasturias.com\/noticias\/category\/economia\/\" title=\"Econom\u00eda\">Econom\u00eda<\/a>\n<\/span><span class=\"aioseo-breadcrumb-separator\">\u2013<\/span><span class=\"aioseo-breadcrumb\">\n\t<a href=\"https:\/\/www.eldigitaldeasturias.com\/noticias\/la-epa-corrobora-la-caida-del-paro-en-asturias\/\" title=\"La EPA corrobora la ca\u00edda del paro en Asturias\">La EPA corrobora la ca\u00edda del paro en Asturias<\/a>\n<\/span><\/div>","aioseo_breadcrumb_json":[{"label":"Home","link":"https:\/\/www.eldigitaldeasturias.com\/noticias"},{"label":"Econom\u00eda","link":"https:\/\/www.eldigitaldeasturias.com\/noticias\/category\/economia\/"},{"label":"La EPA corrobora la ca\u00edda del paro en Asturias","link":"https:\/\/www.eldigitaldeasturias.com\/noticias\/la-epa-corrobora-la-caida-del-paro-en-asturias\/"}],"_links":{"self":[{"href":"https:\/\/www.eldigitaldeasturias.com\/noticias\/wp-json\/wp\/v2\/posts\/1015306","targetHints":{"allow":["GET"]}}],"collection":[{"href":"https:\/\/www.eldigitaldeasturias.com\/noticias\/wp-json\/wp\/v2\/posts"}],"about":[{"href":"https:\/\/www.eldigitaldeasturias.com\/noticias\/wp-json\/wp\/v2\/types\/post"}],"author":[{"embeddable":true,"href":"https:\/\/www.eldigitaldeasturias.com\/noticias\/wp-json\/wp\/v2\/users\/1"}],"replies":[{"embeddable":true,"href":"https:\/\/www.eldigitaldeasturias.com\/noticias\/wp-json\/wp\/v2\/comments?post=1015306"}],"version-history":[{"count":0,"href":"https:\/\/www.eldigitaldeasturias.com\/noticias\/wp-json\/wp\/v2\/posts\/1015306\/revisions"}],"wp:featuredmedia":[{"embeddable":true,"href":"https:\/\/www.eldigitaldeasturias.com\/noticias\/wp-json\/wp\/v2\/media\/981996"}],"wp:attachment":[{"href":"https:\/\/www.eldigitaldeasturias.com\/noticias\/wp-json\/wp\/v2\/media?parent=1015306"}],"wp:term":[{"taxonomy":"category","embeddable":true,"href":"https:\/\/www.eldigitaldeasturias.com\/noticias\/wp-json\/wp\/v2\/categories?post=1015306"},{"taxonomy":"post_tag","embeddable":true,"href":"https:\/\/www.eldigitaldeasturias.com\/noticias\/wp-json\/wp\/v2\/tags?post=1015306"}],"curies":[{"name":"wp","href":"https:\/\/api.w.org\/{rel}","templated":true}]}}