{"id":1015253,"date":"2019-01-28T22:14:38","date_gmt":"2019-01-28T22:14:38","guid":{"rendered":"https:\/\/www.eldigitaldeasturias.com\/noticias\/?p=1015253"},"modified":"2019-01-28T22:14:38","modified_gmt":"2019-01-28T22:14:38","slug":"el-consejo-de-ministros-de-agricultura-de-la-union-se-reune-en-bruselas","status":"publish","type":"post","link":"https:\/\/www.eldigitaldeasturias.com\/noticias\/el-consejo-de-ministros-de-agricultura-de-la-union-se-reune-en-bruselas\/","title":{"rendered":"El Consejo de Ministros de Agricultura de la Uni\u00f3n se re\u00fane en Bruselas"},"content":{"rendered":"<p><img loading=\"lazy\" decoding=\"async\" class=\"alignleft size-medium wp-image-1015254\" src=\"https:\/\/www.eldigitaldeasturias.com\/noticias\/wp-content\/uploads\/2019\/01\/280119-bruselas1-360x239.jpg\" alt=\"\" width=\"360\" height=\"239\" srcset=\"https:\/\/www.eldigitaldeasturias.com\/noticias\/wp-content\/uploads\/2019\/01\/280119-bruselas1-360x239.jpg 360w, https:\/\/www.eldigitaldeasturias.com\/noticias\/wp-content\/uploads\/2019\/01\/280119-bruselas1.jpg 512w\" sizes=\"auto, (max-width: 360px) 100vw, 360px\" \/>El ministro de Agricultura, Pesca y Alimentaci\u00f3n, Luis Planas, ha participado en Bruselas en el Consejo de Ministros de Agricultura de la Uni\u00f3n Europea, en el que la Presidencia rumana ha presentado su programa de trabajo en el que incluye sus prioridades para el pr\u00f3ximo semestre, entre las que destaca el deseo de avanzar en las negociaciones del paquete legislativo de la reforma de la PAC, en el contexto del futuro Marco Financiero Plurianual.<\/p>\n<p>En particular, la Presidencia rumana ha propuesto en el Consejo de hoy un debate sobre el nuevo modelo de aplicaci\u00f3n en el Reglamento de planes estrat\u00e9gicos y sobre el Reglamento de la organizaci\u00f3n com\u00fan de mercados.<\/p>\n<p>Luis Planas ha se\u00f1alado que este plan de avance de la Presidencia rumana es muy importante, ya que se debe trabajar para alcanzar un gran acuerdo evitando excesivas demoras. En este contexto, Espa\u00f1a defiende que las instituciones comunitarias sigan avanzando en los debates hacia una primera toma de posici\u00f3n, tan pronto como el calendario lo permita.<\/p>\n<p>Asimismo, el ministro entiende que el hecho de que a\u00fan no tengamos aprobado el Marco Financiero Plurianual dificulta la tarea de planificaci\u00f3n estrat\u00e9gica. En este sentido, Espa\u00f1a reivindica, junto a otros 19 Estados miembros, que la futura PAC cuente con la misma dotaci\u00f3n presupuestaria que en el periodo anterior.<\/p>\n<p>Por otra parte, Planas se ha referido a la reuni\u00f3n que mantuvo el pasado lunes con las Comunidades Aut\u00f3nomas en relaci\u00f3n con la elaboraci\u00f3n de los Planes Estrat\u00e9gicos Nacionales, de cara a configurar la posici\u00f3n espa\u00f1ola. Seg\u00fan ha detallado, se trata de una tarea participativa y abierta entre la administraci\u00f3n del Estado y las auton\u00f3micas, que a\u00fan nos llevar\u00e1 algunos meses.<\/p>\n<p>Sobre la discusi\u00f3n del reglamento de la OCM, en relaci\u00f3n con las intervenciones de mercado, Planas se ha mostrado convencido de que las organizaciones de productores y sus asociaciones juegan un papel importante.<\/p>\n<p>Durante la reuni\u00f3n del Consejo tambi\u00e9n se ha debatido la iniciativa de 18 Estados miembros, entre los que se encuentra Espa\u00f1a, para que se mantenga el nivel actual de financiaci\u00f3n de las ayudas del segundo pilar de la PAC para el desarrollo rural, incluyendo los actuales niveles de cofinanciaci\u00f3n.<\/p>\n<p>En relaci\u00f3n con la peste porcina africana, Planas ha calificado de \u00abmuy positivas\u00bb las medidas extraordinarias adoptadas por Francia en la frontera con B\u00e9lgica. Seg\u00fan ha recalcado el ministro, \u00abno debemos bajar la guardia\u00bb para evitar problemas en el futuro, y ha pedido prudencia, vigilancia y respuesta.<\/p>\n","protected":false},"excerpt":{"rendered":"<p>El ministro de Agricultura, Pesca y Alimentaci\u00f3n, Luis Planas, ha participado en Bruselas en el Consejo de Ministros de Agricultura de la Uni\u00f3n Europea, en el que la Presidencia rumana ha presentado su programa de trabajo en el que incluye sus prioridades para el pr\u00f3ximo semestre, entre las que destaca el deseo de avanzar en [&hellip;]<\/p>\n","protected":false},"author":1,"featured_media":1015254,"comment_status":"closed","ping_status":"closed","sticky":false,"template":"","format":"standard","meta":{"footnotes":""},"categories":[187],"tags":[],"class_list":["post-1015253","post","type-post","status-publish","format-standard","has-post-thumbnail","hentry","category-economia"],"aioseo_notices":[],"aioseo_head":"\n\t\t<!-- All in One SEO Pro 4.9.6.2 - aioseo.com -->\n\t<meta name=\"description\" content=\"El ministro de Agricultura, Pesca y Alimentaci\u00f3n, Luis Planas, ha participado en Bruselas en el Consejo de Ministros de Agricultura de la Uni\u00f3n Europea, en el que la Presidencia rumana ha presentado su programa de trabajo en el que incluye sus prioridades para el pr\u00f3ximo semestre, entre las que destaca el deseo de avanzar en\" \/>\n\t<meta name=\"robots\" content=\"max-image-preview:large\" \/>\n\t<meta name=\"author\" content=\"El Digital de Asturias\"\/>\n\t<meta name=\"google-site-verification\" content=\"UA-38556648-1\" \/>\n\t<meta name=\"msvalidate.01\" content=\"7dfe9f3f1b24437ab69f4f2559babe99\" \/>\n\t<meta name=\"keywords\" content=\"econom\u00eda\" \/>\n\t<link rel=\"canonical\" href=\"https:\/\/www.eldigitaldeasturias.com\/noticias\/el-consejo-de-ministros-de-agricultura-de-la-union-se-reune-en-bruselas\/\" \/>\n\t<meta name=\"generator\" content=\"All in One SEO Pro (AIOSEO) 4.9.6.2\" \/>\n\t\t<meta property=\"og:locale\" content=\"es_ES\" \/>\n\t\t<meta property=\"og:site_name\" content=\"El Digital de Asturias\" \/>\n\t\t<meta property=\"og:type\" content=\"article\" \/>\n\t\t<meta property=\"og:title\" content=\"El Consejo de Ministros de Agricultura de la Uni\u00f3n se re\u00fane en Bruselas - El Digital de Asturias\" \/>\n\t\t<meta property=\"og:description\" content=\"El ministro de Agricultura, Pesca y Alimentaci\u00f3n, Luis Planas, ha participado en Bruselas en el Consejo de Ministros de Agricultura de la Uni\u00f3n Europea, en el que la Presidencia rumana ha presentado su programa de trabajo en el que incluye sus prioridades para el pr\u00f3ximo semestre, entre las que destaca el deseo de avanzar en\" \/>\n\t\t<meta property=\"og:url\" content=\"https:\/\/www.eldigitaldeasturias.com\/noticias\/el-consejo-de-ministros-de-agricultura-de-la-union-se-reune-en-bruselas\/\" \/>\n\t\t<meta property=\"og:image\" content=\"https:\/\/www.eldigitaldeasturias.com\/noticias\/wp-content\/uploads\/2019\/01\/280119-bruselas1.jpg\" \/>\n\t\t<meta property=\"og:image:secure_url\" content=\"https:\/\/www.eldigitaldeasturias.com\/noticias\/wp-content\/uploads\/2019\/01\/280119-bruselas1.jpg\" \/>\n\t\t<meta property=\"og:image:width\" content=\"512\" \/>\n\t\t<meta property=\"og:image:height\" content=\"340\" \/>\n\t\t<meta property=\"article:tag\" content=\"econom\u00eda\" \/>\n\t\t<meta property=\"article:published_time\" content=\"2019-01-28T22:14:38+00:00\" \/>\n\t\t<meta property=\"article:modified_time\" content=\"2019-01-28T22:14:38+00:00\" \/>\n\t\t<meta property=\"article:publisher\" content=\"https:\/\/facebook.com\/eldigitaldeasturias\" \/>\n\t\t<meta name=\"twitter:card\" content=\"summary_large_image\" \/>\n\t\t<meta name=\"twitter:title\" content=\"El Consejo de Ministros de Agricultura de la Uni\u00f3n se re\u00fane en Bruselas - El Digital de Asturias\" \/>\n\t\t<meta name=\"twitter:description\" content=\"El ministro de Agricultura, Pesca y Alimentaci\u00f3n, Luis Planas, ha participado en Bruselas en el Consejo de Ministros de Agricultura de la Uni\u00f3n Europea, en el que la Presidencia rumana ha presentado su programa de trabajo en el que incluye sus prioridades para el pr\u00f3ximo semestre, entre las que destaca el deseo de avanzar en\" \/>\n\t\t<meta name=\"twitter:image\" content=\"https:\/\/www.eldigitaldeasturias.com\/noticias\/wp-content\/uploads\/2019\/01\/280119-bruselas1.jpg\" \/>\n\t\t<meta name=\"twitter:label1\" content=\"Escrito por\" \/>\n\t\t<meta name=\"twitter:data1\" content=\"El Digital de Asturias\" \/>\n\t\t<meta name=\"twitter:label2\" content=\"Tiempo de lectura estimado\" \/>\n\t\t<meta name=\"twitter:data2\" content=\"2 minutos\" \/>\n\t\t<script type=\"application\/ld+json\" class=\"aioseo-schema\">\n\t\t\t{\"@context\":\"https:\\\/\\\/schema.org\",\"@graph\":[{\"@type\":\"BlogPosting\",\"@id\":\"https:\\\/\\\/www.eldigitaldeasturias.com\\\/noticias\\\/el-consejo-de-ministros-de-agricultura-de-la-union-se-reune-en-bruselas\\\/#blogposting\",\"name\":\"El Consejo de Ministros de Agricultura de la Uni\\u00f3n se re\\u00fane en Bruselas - El Digital de Asturias\",\"headline\":\"El Consejo de Ministros de Agricultura de la Uni\\u00f3n se re\\u00fane en Bruselas\",\"author\":{\"@id\":\"https:\\\/\\\/www.eldigitaldeasturias.com\\\/noticias\\\/author\\\/admin\\\/#author\"},\"publisher\":{\"@id\":\"https:\\\/\\\/www.eldigitaldeasturias.com\\\/noticias\\\/#organization\"},\"image\":{\"@type\":\"ImageObject\",\"url\":\"https:\\\/\\\/www.eldigitaldeasturias.com\\\/noticias\\\/wp-content\\\/uploads\\\/2019\\\/01\\\/280119-bruselas1.jpg\",\"width\":512,\"height\":340},\"datePublished\":\"2019-01-28T22:14:38+01:00\",\"dateModified\":\"2019-01-28T22:14:38+01:00\",\"inLanguage\":\"es-ES\",\"mainEntityOfPage\":{\"@id\":\"https:\\\/\\\/www.eldigitaldeasturias.com\\\/noticias\\\/el-consejo-de-ministros-de-agricultura-de-la-union-se-reune-en-bruselas\\\/#webpage\"},\"isPartOf\":{\"@id\":\"https:\\\/\\\/www.eldigitaldeasturias.com\\\/noticias\\\/el-consejo-de-ministros-de-agricultura-de-la-union-se-reune-en-bruselas\\\/#webpage\"},\"articleSection\":\"Econom\\u00eda\"},{\"@type\":\"BreadcrumbList\",\"@id\":\"https:\\\/\\\/www.eldigitaldeasturias.com\\\/noticias\\\/el-consejo-de-ministros-de-agricultura-de-la-union-se-reune-en-bruselas\\\/#breadcrumblist\",\"itemListElement\":[{\"@type\":\"ListItem\",\"@id\":\"https:\\\/\\\/www.eldigitaldeasturias.com\\\/noticias#listItem\",\"position\":1,\"name\":\"Home\",\"item\":\"https:\\\/\\\/www.eldigitaldeasturias.com\\\/noticias\",\"nextItem\":{\"@type\":\"ListItem\",\"@id\":\"https:\\\/\\\/www.eldigitaldeasturias.com\\\/noticias\\\/category\\\/economia\\\/#listItem\",\"name\":\"Econom\\u00eda\"}},{\"@type\":\"ListItem\",\"@id\":\"https:\\\/\\\/www.eldigitaldeasturias.com\\\/noticias\\\/category\\\/economia\\\/#listItem\",\"position\":2,\"name\":\"Econom\\u00eda\",\"item\":\"https:\\\/\\\/www.eldigitaldeasturias.com\\\/noticias\\\/category\\\/economia\\\/\",\"nextItem\":{\"@type\":\"ListItem\",\"@id\":\"https:\\\/\\\/www.eldigitaldeasturias.com\\\/noticias\\\/el-consejo-de-ministros-de-agricultura-de-la-union-se-reune-en-bruselas\\\/#listItem\",\"name\":\"El Consejo de Ministros de Agricultura de la Uni\\u00f3n se re\\u00fane en Bruselas\"},\"previousItem\":{\"@type\":\"ListItem\",\"@id\":\"https:\\\/\\\/www.eldigitaldeasturias.com\\\/noticias#listItem\",\"name\":\"Home\"}},{\"@type\":\"ListItem\",\"@id\":\"https:\\\/\\\/www.eldigitaldeasturias.com\\\/noticias\\\/el-consejo-de-ministros-de-agricultura-de-la-union-se-reune-en-bruselas\\\/#listItem\",\"position\":3,\"name\":\"El Consejo de Ministros de Agricultura de la Uni\\u00f3n se re\\u00fane en Bruselas\",\"previousItem\":{\"@type\":\"ListItem\",\"@id\":\"https:\\\/\\\/www.eldigitaldeasturias.com\\\/noticias\\\/category\\\/economia\\\/#listItem\",\"name\":\"Econom\\u00eda\"}}]},{\"@type\":\"Organization\",\"@id\":\"https:\\\/\\\/www.eldigitaldeasturias.com\\\/noticias\\\/#organization\",\"name\":\"El Digital de Asturias\",\"description\":\"Hemeroteca\",\"url\":\"https:\\\/\\\/www.eldigitaldeasturias.com\\\/noticias\\\/\",\"email\":\"info@eldigitaldeasturias.com\",\"telephone\":\"+34652131393\",\"logo\":{\"@type\":\"ImageObject\",\"url\":\"https:\\\/\\\/www.eldigitaldeasturias.com\\\/noticias\\\/wp-content\\\/uploads\\\/2020\\\/12\\\/EDA.jpg\",\"@id\":\"https:\\\/\\\/www.eldigitaldeasturias.com\\\/noticias\\\/el-consejo-de-ministros-de-agricultura-de-la-union-se-reune-en-bruselas\\\/#organizationLogo\",\"width\":649,\"height\":297},\"image\":{\"@id\":\"https:\\\/\\\/www.eldigitaldeasturias.com\\\/noticias\\\/el-consejo-de-ministros-de-agricultura-de-la-union-se-reune-en-bruselas\\\/#organizationLogo\"},\"sameAs\":[\"https:\\\/\\\/facebook.com\\\/eldigitaldeasturias\",\"https:\\\/\\\/www.youtube.com\\\/channel\\\/UCZP-2wLEB9Rv6erhFmqVnvg\"],\"address\":{\"@id\":\"https:\\\/\\\/www.eldigitaldeasturias.com\\\/noticias\\\/#postaladdress\",\"@type\":\"PostalAddress\",\"streetAddress\":\"san antonio 4,\",\"postalCode\":\"33430\",\"addressLocality\":\"Cand\\u00e1s\",\"addressRegion\":\"Asturias\",\"addressCountry\":\"ES\"}},{\"@type\":\"Person\",\"@id\":\"https:\\\/\\\/www.eldigitaldeasturias.com\\\/noticias\\\/author\\\/admin\\\/#author\",\"url\":\"https:\\\/\\\/www.eldigitaldeasturias.com\\\/noticias\\\/author\\\/admin\\\/\",\"name\":\"El Digital de Asturias\",\"image\":{\"@type\":\"ImageObject\",\"@id\":\"https:\\\/\\\/www.eldigitaldeasturias.com\\\/noticias\\\/el-consejo-de-ministros-de-agricultura-de-la-union-se-reune-en-bruselas\\\/#authorImage\",\"url\":\"https:\\\/\\\/www.eldigitaldeasturias.com\\\/noticias\\\/wp-content\\\/litespeed\\\/avatar\\\/18677e78aa0546b92d9dbf31ec7d7668.jpg?ver=1777290358\",\"width\":96,\"height\":96,\"caption\":\"El Digital de Asturias\"}},{\"@type\":\"WebPage\",\"@id\":\"https:\\\/\\\/www.eldigitaldeasturias.com\\\/noticias\\\/el-consejo-de-ministros-de-agricultura-de-la-union-se-reune-en-bruselas\\\/#webpage\",\"url\":\"https:\\\/\\\/www.eldigitaldeasturias.com\\\/noticias\\\/el-consejo-de-ministros-de-agricultura-de-la-union-se-reune-en-bruselas\\\/\",\"name\":\"El Consejo de Ministros de Agricultura de la Uni\\u00f3n se re\\u00fane en Bruselas - El Digital de Asturias\",\"description\":\"El ministro de Agricultura, Pesca y Alimentaci\\u00f3n, Luis Planas, ha participado en Bruselas en el Consejo de Ministros de Agricultura de la Uni\\u00f3n Europea, en el que la Presidencia rumana ha presentado su programa de trabajo en el que incluye sus prioridades para el pr\\u00f3ximo semestre, entre las que destaca el deseo de avanzar en\",\"inLanguage\":\"es-ES\",\"isPartOf\":{\"@id\":\"https:\\\/\\\/www.eldigitaldeasturias.com\\\/noticias\\\/#website\"},\"breadcrumb\":{\"@id\":\"https:\\\/\\\/www.eldigitaldeasturias.com\\\/noticias\\\/el-consejo-de-ministros-de-agricultura-de-la-union-se-reune-en-bruselas\\\/#breadcrumblist\"},\"author\":{\"@id\":\"https:\\\/\\\/www.eldigitaldeasturias.com\\\/noticias\\\/author\\\/admin\\\/#author\"},\"creator\":{\"@id\":\"https:\\\/\\\/www.eldigitaldeasturias.com\\\/noticias\\\/author\\\/admin\\\/#author\"},\"image\":{\"@type\":\"ImageObject\",\"url\":\"https:\\\/\\\/www.eldigitaldeasturias.com\\\/noticias\\\/wp-content\\\/uploads\\\/2019\\\/01\\\/280119-bruselas1.jpg\",\"@id\":\"https:\\\/\\\/www.eldigitaldeasturias.com\\\/noticias\\\/el-consejo-de-ministros-de-agricultura-de-la-union-se-reune-en-bruselas\\\/#mainImage\",\"width\":512,\"height\":340},\"primaryImageOfPage\":{\"@id\":\"https:\\\/\\\/www.eldigitaldeasturias.com\\\/noticias\\\/el-consejo-de-ministros-de-agricultura-de-la-union-se-reune-en-bruselas\\\/#mainImage\"},\"datePublished\":\"2019-01-28T22:14:38+01:00\",\"dateModified\":\"2019-01-28T22:14:38+01:00\"},{\"@type\":\"WebSite\",\"@id\":\"https:\\\/\\\/www.eldigitaldeasturias.com\\\/noticias\\\/#website\",\"url\":\"https:\\\/\\\/www.eldigitaldeasturias.com\\\/noticias\\\/\",\"name\":\"El Digital de Asturias - Diario de actualidad y noticias\",\"alternateName\":\"El Digital de Asturias - Diario de actualidad y noticias\",\"description\":\"Hemeroteca\",\"inLanguage\":\"es-ES\",\"publisher\":{\"@id\":\"https:\\\/\\\/www.eldigitaldeasturias.com\\\/noticias\\\/#organization\"}}]}\n\t\t<\/script>\n\t\t<!-- All in One SEO Pro -->\r\n\t\t<title>El Consejo de Ministros de Agricultura de la Uni\u00f3n se re\u00fane en Bruselas - El Digital de Asturias<\/title>\n\n","aioseo_head_json":{"title":"El Consejo de Ministros de Agricultura de la Uni\u00f3n se re\u00fane en Bruselas - El Digital de Asturias","description":"El ministro de Agricultura, Pesca y Alimentaci\u00f3n, Luis Planas, ha participado en Bruselas en el Consejo de Ministros de Agricultura de la Uni\u00f3n Europea, en el que la Presidencia rumana ha presentado su programa de trabajo en el que incluye sus prioridades para el pr\u00f3ximo semestre, entre las que destaca el deseo de avanzar en","canonical_url":"https:\/\/www.eldigitaldeasturias.com\/noticias\/el-consejo-de-ministros-de-agricultura-de-la-union-se-reune-en-bruselas\/","robots":"max-image-preview:large","keywords":"econom\u00eda","webmasterTools":{"google-site-verification":"UA-38556648-1","msvalidate.01":"7dfe9f3f1b24437ab69f4f2559babe99","miscellaneous":""},"schema":{"@context":"https:\/\/schema.org","@graph":[{"@type":"BlogPosting","@id":"https:\/\/www.eldigitaldeasturias.com\/noticias\/el-consejo-de-ministros-de-agricultura-de-la-union-se-reune-en-bruselas\/#blogposting","name":"El Consejo de Ministros de Agricultura de la Uni\u00f3n se re\u00fane en Bruselas - El Digital de Asturias","headline":"El Consejo de Ministros de Agricultura de la Uni\u00f3n se re\u00fane en Bruselas","author":{"@id":"https:\/\/www.eldigitaldeasturias.com\/noticias\/author\/admin\/#author"},"publisher":{"@id":"https:\/\/www.eldigitaldeasturias.com\/noticias\/#organization"},"image":{"@type":"ImageObject","url":"https:\/\/www.eldigitaldeasturias.com\/noticias\/wp-content\/uploads\/2019\/01\/280119-bruselas1.jpg","width":512,"height":340},"datePublished":"2019-01-28T22:14:38+01:00","dateModified":"2019-01-28T22:14:38+01:00","inLanguage":"es-ES","mainEntityOfPage":{"@id":"https:\/\/www.eldigitaldeasturias.com\/noticias\/el-consejo-de-ministros-de-agricultura-de-la-union-se-reune-en-bruselas\/#webpage"},"isPartOf":{"@id":"https:\/\/www.eldigitaldeasturias.com\/noticias\/el-consejo-de-ministros-de-agricultura-de-la-union-se-reune-en-bruselas\/#webpage"},"articleSection":"Econom\u00eda"},{"@type":"BreadcrumbList","@id":"https:\/\/www.eldigitaldeasturias.com\/noticias\/el-consejo-de-ministros-de-agricultura-de-la-union-se-reune-en-bruselas\/#breadcrumblist","itemListElement":[{"@type":"ListItem","@id":"https:\/\/www.eldigitaldeasturias.com\/noticias#listItem","position":1,"name":"Home","item":"https:\/\/www.eldigitaldeasturias.com\/noticias","nextItem":{"@type":"ListItem","@id":"https:\/\/www.eldigitaldeasturias.com\/noticias\/category\/economia\/#listItem","name":"Econom\u00eda"}},{"@type":"ListItem","@id":"https:\/\/www.eldigitaldeasturias.com\/noticias\/category\/economia\/#listItem","position":2,"name":"Econom\u00eda","item":"https:\/\/www.eldigitaldeasturias.com\/noticias\/category\/economia\/","nextItem":{"@type":"ListItem","@id":"https:\/\/www.eldigitaldeasturias.com\/noticias\/el-consejo-de-ministros-de-agricultura-de-la-union-se-reune-en-bruselas\/#listItem","name":"El Consejo de Ministros de Agricultura de la Uni\u00f3n se re\u00fane en Bruselas"},"previousItem":{"@type":"ListItem","@id":"https:\/\/www.eldigitaldeasturias.com\/noticias#listItem","name":"Home"}},{"@type":"ListItem","@id":"https:\/\/www.eldigitaldeasturias.com\/noticias\/el-consejo-de-ministros-de-agricultura-de-la-union-se-reune-en-bruselas\/#listItem","position":3,"name":"El Consejo de Ministros de Agricultura de la Uni\u00f3n se re\u00fane en Bruselas","previousItem":{"@type":"ListItem","@id":"https:\/\/www.eldigitaldeasturias.com\/noticias\/category\/economia\/#listItem","name":"Econom\u00eda"}}]},{"@type":"Organization","@id":"https:\/\/www.eldigitaldeasturias.com\/noticias\/#organization","name":"El Digital de Asturias","description":"Hemeroteca","url":"https:\/\/www.eldigitaldeasturias.com\/noticias\/","email":"info@eldigitaldeasturias.com","telephone":"+34652131393","logo":{"@type":"ImageObject","url":"https:\/\/www.eldigitaldeasturias.com\/noticias\/wp-content\/uploads\/2020\/12\/EDA.jpg","@id":"https:\/\/www.eldigitaldeasturias.com\/noticias\/el-consejo-de-ministros-de-agricultura-de-la-union-se-reune-en-bruselas\/#organizationLogo","width":649,"height":297},"image":{"@id":"https:\/\/www.eldigitaldeasturias.com\/noticias\/el-consejo-de-ministros-de-agricultura-de-la-union-se-reune-en-bruselas\/#organizationLogo"},"sameAs":["https:\/\/facebook.com\/eldigitaldeasturias","https:\/\/www.youtube.com\/channel\/UCZP-2wLEB9Rv6erhFmqVnvg"],"address":{"@id":"https:\/\/www.eldigitaldeasturias.com\/noticias\/#postaladdress","@type":"PostalAddress","streetAddress":"san antonio 4,","postalCode":"33430","addressLocality":"Cand\u00e1s","addressRegion":"Asturias","addressCountry":"ES"}},{"@type":"Person","@id":"https:\/\/www.eldigitaldeasturias.com\/noticias\/author\/admin\/#author","url":"https:\/\/www.eldigitaldeasturias.com\/noticias\/author\/admin\/","name":"El Digital de Asturias","image":{"@type":"ImageObject","@id":"https:\/\/www.eldigitaldeasturias.com\/noticias\/el-consejo-de-ministros-de-agricultura-de-la-union-se-reune-en-bruselas\/#authorImage","url":"https:\/\/www.eldigitaldeasturias.com\/noticias\/wp-content\/litespeed\/avatar\/18677e78aa0546b92d9dbf31ec7d7668.jpg?ver=1777290358","width":96,"height":96,"caption":"El Digital de Asturias"}},{"@type":"WebPage","@id":"https:\/\/www.eldigitaldeasturias.com\/noticias\/el-consejo-de-ministros-de-agricultura-de-la-union-se-reune-en-bruselas\/#webpage","url":"https:\/\/www.eldigitaldeasturias.com\/noticias\/el-consejo-de-ministros-de-agricultura-de-la-union-se-reune-en-bruselas\/","name":"El Consejo de Ministros de Agricultura de la Uni\u00f3n se re\u00fane en Bruselas - El Digital de Asturias","description":"El ministro de Agricultura, Pesca y Alimentaci\u00f3n, Luis Planas, ha participado en Bruselas en el Consejo de Ministros de Agricultura de la Uni\u00f3n Europea, en el que la Presidencia rumana ha presentado su programa de trabajo en el que incluye sus prioridades para el pr\u00f3ximo semestre, entre las que destaca el deseo de avanzar en","inLanguage":"es-ES","isPartOf":{"@id":"https:\/\/www.eldigitaldeasturias.com\/noticias\/#website"},"breadcrumb":{"@id":"https:\/\/www.eldigitaldeasturias.com\/noticias\/el-consejo-de-ministros-de-agricultura-de-la-union-se-reune-en-bruselas\/#breadcrumblist"},"author":{"@id":"https:\/\/www.eldigitaldeasturias.com\/noticias\/author\/admin\/#author"},"creator":{"@id":"https:\/\/www.eldigitaldeasturias.com\/noticias\/author\/admin\/#author"},"image":{"@type":"ImageObject","url":"https:\/\/www.eldigitaldeasturias.com\/noticias\/wp-content\/uploads\/2019\/01\/280119-bruselas1.jpg","@id":"https:\/\/www.eldigitaldeasturias.com\/noticias\/el-consejo-de-ministros-de-agricultura-de-la-union-se-reune-en-bruselas\/#mainImage","width":512,"height":340},"primaryImageOfPage":{"@id":"https:\/\/www.eldigitaldeasturias.com\/noticias\/el-consejo-de-ministros-de-agricultura-de-la-union-se-reune-en-bruselas\/#mainImage"},"datePublished":"2019-01-28T22:14:38+01:00","dateModified":"2019-01-28T22:14:38+01:00"},{"@type":"WebSite","@id":"https:\/\/www.eldigitaldeasturias.com\/noticias\/#website","url":"https:\/\/www.eldigitaldeasturias.com\/noticias\/","name":"El Digital de Asturias - Diario de actualidad y noticias","alternateName":"El Digital de Asturias - Diario de actualidad y noticias","description":"Hemeroteca","inLanguage":"es-ES","publisher":{"@id":"https:\/\/www.eldigitaldeasturias.com\/noticias\/#organization"}}]},"og:locale":"es_ES","og:site_name":"El Digital de Asturias","og:type":"article","og:title":"El Consejo de Ministros de Agricultura de la Uni\u00f3n se re\u00fane en Bruselas - El Digital de Asturias","og:description":"El ministro de Agricultura, Pesca y Alimentaci\u00f3n, Luis Planas, ha participado en Bruselas en el Consejo de Ministros de Agricultura de la Uni\u00f3n Europea, en el que la Presidencia rumana ha presentado su programa de trabajo en el que incluye sus prioridades para el pr\u00f3ximo semestre, entre las que destaca el deseo de avanzar en","og:url":"https:\/\/www.eldigitaldeasturias.com\/noticias\/el-consejo-de-ministros-de-agricultura-de-la-union-se-reune-en-bruselas\/","og:image":"https:\/\/www.eldigitaldeasturias.com\/noticias\/wp-content\/uploads\/2019\/01\/280119-bruselas1.jpg","og:image:secure_url":"https:\/\/www.eldigitaldeasturias.com\/noticias\/wp-content\/uploads\/2019\/01\/280119-bruselas1.jpg","og:image:width":512,"og:image:height":340,"article:tag":["econom\u00eda"],"article:published_time":"2019-01-28T22:14:38+00:00","article:modified_time":"2019-01-28T22:14:38+00:00","article:publisher":"https:\/\/facebook.com\/eldigitaldeasturias","twitter:card":"summary_large_image","twitter:title":"El Consejo de Ministros de Agricultura de la Uni\u00f3n se re\u00fane en Bruselas - El Digital de Asturias","twitter:description":"El ministro de Agricultura, Pesca y Alimentaci\u00f3n, Luis Planas, ha participado en Bruselas en el Consejo de Ministros de Agricultura de la Uni\u00f3n Europea, en el que la Presidencia rumana ha presentado su programa de trabajo en el que incluye sus prioridades para el pr\u00f3ximo semestre, entre las que destaca el deseo de avanzar en","twitter:image":"https:\/\/www.eldigitaldeasturias.com\/noticias\/wp-content\/uploads\/2019\/01\/280119-bruselas1.jpg","twitter:label1":"Escrito por","twitter:data1":"El Digital de Asturias","twitter:label2":"Tiempo de lectura estimado","twitter:data2":"2 minutos"},"aioseo_meta_data":{"post_id":"1015253","title":null,"description":null,"keywords":null,"keyphrases":null,"primary_term":null,"canonical_url":null,"og_title":null,"og_description":null,"og_object_type":"default","og_image_type":"default","og_image_url":null,"og_image_width":null,"og_image_height":null,"og_image_custom_url":null,"og_image_custom_fields":null,"og_video":null,"og_custom_url":null,"og_article_section":null,"og_article_tags":null,"twitter_use_og":false,"twitter_card":"default","twitter_image_type":"default","twitter_image_url":null,"twitter_image_custom_url":null,"twitter_image_custom_fields":null,"twitter_title":null,"twitter_description":null,"schema":{"blockGraphs":[],"customGraphs":[],"default":{"data":{"Article":[],"Course":[],"Dataset":[],"FAQPage":[],"Movie":[],"Person":[],"Product":[],"ProductReview":[],"Car":[],"Recipe":[],"Service":[],"SoftwareApplication":[],"WebPage":[]},"graphName":"","isEnabled":true},"graphs":[],"defaultGraph":"","defaultPostTypeGraph":""},"schema_type":null,"schema_type_options":null,"pillar_content":false,"robots_default":true,"robots_noindex":false,"robots_noarchive":false,"robots_nosnippet":false,"robots_nofollow":false,"robots_noimageindex":false,"robots_noodp":false,"robots_notranslate":false,"robots_max_snippet":null,"robots_max_videopreview":null,"robots_max_imagepreview":"large","priority":null,"frequency":null,"local_seo":null,"seo_analyzer_scan_date":"2025-10-15 20:30:15","breadcrumb_settings":null,"limit_modified_date":false,"open_ai":null,"ai":null,"created":"2020-12-21 11:21:36","updated":"2025-10-15 20:30:15"},"aioseo_breadcrumb":"<div class=\"aioseo-breadcrumbs\"><span class=\"aioseo-breadcrumb\">\n\t<a href=\"https:\/\/www.eldigitaldeasturias.com\/noticias\" title=\"Home\">Home<\/a>\n<\/span><span class=\"aioseo-breadcrumb-separator\">\u2013<\/span><span class=\"aioseo-breadcrumb\">\n\t<a href=\"https:\/\/www.eldigitaldeasturias.com\/noticias\/category\/economia\/\" title=\"Econom\u00eda\">Econom\u00eda<\/a>\n<\/span><span class=\"aioseo-breadcrumb-separator\">\u2013<\/span><span class=\"aioseo-breadcrumb\">\n\t<a href=\"https:\/\/www.eldigitaldeasturias.com\/noticias\/el-consejo-de-ministros-de-agricultura-de-la-union-se-reune-en-bruselas\/\" title=\"El Consejo de Ministros de Agricultura de la Uni\u00f3n se re\u00fane en Bruselas\">El Consejo de Ministros de Agricultura de la Uni\u00f3n se re\u00fane en Bruselas<\/a>\n<\/span><\/div>","aioseo_breadcrumb_json":[{"label":"Home","link":"https:\/\/www.eldigitaldeasturias.com\/noticias"},{"label":"Econom\u00eda","link":"https:\/\/www.eldigitaldeasturias.com\/noticias\/category\/economia\/"},{"label":"El Consejo de Ministros de Agricultura de la Uni\u00f3n se re\u00fane en Bruselas","link":"https:\/\/www.eldigitaldeasturias.com\/noticias\/el-consejo-de-ministros-de-agricultura-de-la-union-se-reune-en-bruselas\/"}],"_links":{"self":[{"href":"https:\/\/www.eldigitaldeasturias.com\/noticias\/wp-json\/wp\/v2\/posts\/1015253","targetHints":{"allow":["GET"]}}],"collection":[{"href":"https:\/\/www.eldigitaldeasturias.com\/noticias\/wp-json\/wp\/v2\/posts"}],"about":[{"href":"https:\/\/www.eldigitaldeasturias.com\/noticias\/wp-json\/wp\/v2\/types\/post"}],"author":[{"embeddable":true,"href":"https:\/\/www.eldigitaldeasturias.com\/noticias\/wp-json\/wp\/v2\/users\/1"}],"replies":[{"embeddable":true,"href":"https:\/\/www.eldigitaldeasturias.com\/noticias\/wp-json\/wp\/v2\/comments?post=1015253"}],"version-history":[{"count":0,"href":"https:\/\/www.eldigitaldeasturias.com\/noticias\/wp-json\/wp\/v2\/posts\/1015253\/revisions"}],"wp:featuredmedia":[{"embeddable":true,"href":"https:\/\/www.eldigitaldeasturias.com\/noticias\/wp-json\/wp\/v2\/media\/1015254"}],"wp:attachment":[{"href":"https:\/\/www.eldigitaldeasturias.com\/noticias\/wp-json\/wp\/v2\/media?parent=1015253"}],"wp:term":[{"taxonomy":"category","embeddable":true,"href":"https:\/\/www.eldigitaldeasturias.com\/noticias\/wp-json\/wp\/v2\/categories?post=1015253"},{"taxonomy":"post_tag","embeddable":true,"href":"https:\/\/www.eldigitaldeasturias.com\/noticias\/wp-json\/wp\/v2\/tags?post=1015253"}],"curies":[{"name":"wp","href":"https:\/\/api.w.org\/{rel}","templated":true}]}}