{"id":1015247,"date":"2019-01-28T22:08:14","date_gmt":"2019-01-28T22:08:14","guid":{"rendered":"https:\/\/www.eldigitaldeasturias.com\/noticias\/?p=1015247"},"modified":"2019-01-28T22:08:14","modified_gmt":"2019-01-28T22:08:14","slug":"la-mesa-de-igualdad-laboral-se-constituira-formalmente-la-proxima-semana","status":"publish","type":"post","link":"https:\/\/www.eldigitaldeasturias.com\/noticias\/la-mesa-de-igualdad-laboral-se-constituira-formalmente-la-proxima-semana\/","title":{"rendered":"La mesa de igualdad laboral se constituir\u00e1 formalmente la pr\u00f3xima semana"},"content":{"rendered":"<p><img loading=\"lazy\" decoding=\"async\" class=\"alignleft size-medium wp-image-1015248\" src=\"https:\/\/www.eldigitaldeasturias.com\/noticias\/wp-content\/uploads\/2019\/01\/280119-mpr-360x240.jpg\" alt=\"\" width=\"360\" height=\"240\" srcset=\"https:\/\/www.eldigitaldeasturias.com\/noticias\/wp-content\/uploads\/2019\/01\/280119-mpr-360x240.jpg 360w, https:\/\/www.eldigitaldeasturias.com\/noticias\/wp-content\/uploads\/2019\/01\/280119-mpr.jpg 510w\" sizes=\"auto, (max-width: 360px) 100vw, 360px\" \/>La mesa de igualdad laboral se constituir\u00e1 formalmente la pr\u00f3xima semana con el objetivo de alcanzar un acuerdo que pueda materializarse en una norma jur\u00eddica.<\/p>\n<p>\u200bLa vicepresidenta del Gobierno, ministra de la Presidencia, Relaciones con las Cortes e Igualdad, Carmen Calvo, ha se\u00f1alado hoy que para avanzar en materia de igualdad laboral resulta fundamental que forme parte del di\u00e1logo social, de manera que cuenten con el respaldo de los agentes sociales.<\/p>\n<p>Este es el objetivo de la reuni\u00f3n mantenida esta ma\u00f1ana en La Moncloa para la puesta en marcha de la mesa de di\u00e1logo sobre igualdad laboral, en la que han estado presentes la ministra de Trabajo, Migraciones y Seguridad Social, Magdalena Valerio, los m\u00e1ximos responsables de UGT y de CCOO, Jos\u00e9 Mar\u00eda \u00c1lvarez y Unai Sordo, y de las organizaciones empresariales CEOE y Cepyme, Antonio Garamendi y Gerardo Cuerva, respectivamente.<\/p>\n<p>En la reuni\u00f3n, se han tratado medidas efectivas para hacer factible la igualdad laboral entre hombres y mujeres en el mercado de trabajo. La lucha contra la brecha salarial que discrimina a las mujeres, la defensa de la igualdad de oportunidades entre mujeres y hombres en la negociaci\u00f3n colectiva, as\u00ed como el refuerzo del derecho a la conciliaci\u00f3n familiar en sus distintos aspectos, son algunas de las cuestiones tratadas en el marco del di\u00e1logo social.<\/p>\n<p>La mesa de igualdad laboral se constituir\u00e1 formalmente la pr\u00f3xima semana con el objetivo de alcanzar un acuerdo que pueda materializarse en una norma jur\u00eddica.<\/p>\n<p>En este sentido, ya se est\u00e1 tramitando en la Comisi\u00f3n de Igualdad del Congreso de los Diputados una proposici\u00f3n de ley de igualdad en materia de empleo y ocupaci\u00f3n, con el objetivo de mejorar las condiciones laborales de las mujeres y su acceso al mercado de trabajo. El Gobierno hablar\u00e1 con todos los grupos parlamentarios para trasladarles los avances que se den en el marco de la mesa de igualdad laboral.<\/p>\n<p>&nbsp;<\/p>\n","protected":false},"excerpt":{"rendered":"<p>La mesa de igualdad laboral se constituir\u00e1 formalmente la pr\u00f3xima semana con el objetivo de alcanzar un acuerdo que pueda materializarse en una norma jur\u00eddica. \u200bLa vicepresidenta del Gobierno, ministra de la Presidencia, Relaciones con las Cortes e Igualdad, Carmen Calvo, ha se\u00f1alado hoy que para avanzar en materia de igualdad laboral resulta fundamental que [&hellip;]<\/p>\n","protected":false},"author":1,"featured_media":1015248,"comment_status":"closed","ping_status":"closed","sticky":false,"template":"","format":"standard","meta":{"footnotes":""},"categories":[187],"tags":[],"class_list":["post-1015247","post","type-post","status-publish","format-standard","has-post-thumbnail","hentry","category-economia"],"aioseo_notices":[],"aioseo_head":"\n\t\t<!-- All in One SEO Pro 4.9.6.2 - aioseo.com -->\n\t<meta name=\"description\" content=\"La mesa de igualdad laboral se constituir\u00e1 formalmente la pr\u00f3xima semana con el objetivo de alcanzar un acuerdo que pueda materializarse en una norma jur\u00eddica. \u200bLa vicepresidenta del Gobierno, ministra de la Presidencia, Relaciones con las Cortes e Igualdad, Carmen Calvo, ha se\u00f1alado hoy que para avanzar en materia de igualdad laboral resulta fundamental que\" \/>\n\t<meta name=\"robots\" content=\"max-image-preview:large\" \/>\n\t<meta name=\"author\" content=\"El Digital de Asturias\"\/>\n\t<meta name=\"google-site-verification\" content=\"UA-38556648-1\" \/>\n\t<meta name=\"msvalidate.01\" content=\"7dfe9f3f1b24437ab69f4f2559babe99\" \/>\n\t<meta name=\"keywords\" content=\"econom\u00eda\" \/>\n\t<link rel=\"canonical\" href=\"https:\/\/www.eldigitaldeasturias.com\/noticias\/la-mesa-de-igualdad-laboral-se-constituira-formalmente-la-proxima-semana\/\" \/>\n\t<meta name=\"generator\" content=\"All in One SEO Pro (AIOSEO) 4.9.6.2\" \/>\n\t\t<meta property=\"og:locale\" content=\"es_ES\" \/>\n\t\t<meta property=\"og:site_name\" content=\"El Digital de Asturias\" \/>\n\t\t<meta property=\"og:type\" content=\"article\" \/>\n\t\t<meta property=\"og:title\" content=\"La mesa de igualdad laboral se constituir\u00e1 formalmente la pr\u00f3xima semana - El Digital de Asturias\" \/>\n\t\t<meta property=\"og:description\" content=\"La mesa de igualdad laboral se constituir\u00e1 formalmente la pr\u00f3xima semana con el objetivo de alcanzar un acuerdo que pueda materializarse en una norma jur\u00eddica. \u200bLa vicepresidenta del Gobierno, ministra de la Presidencia, Relaciones con las Cortes e Igualdad, Carmen Calvo, ha se\u00f1alado hoy que para avanzar en materia de igualdad laboral resulta fundamental que\" \/>\n\t\t<meta property=\"og:url\" content=\"https:\/\/www.eldigitaldeasturias.com\/noticias\/la-mesa-de-igualdad-laboral-se-constituira-formalmente-la-proxima-semana\/\" \/>\n\t\t<meta property=\"og:image\" content=\"https:\/\/www.eldigitaldeasturias.com\/noticias\/wp-content\/uploads\/2019\/01\/280119-mpr.jpg\" \/>\n\t\t<meta property=\"og:image:secure_url\" content=\"https:\/\/www.eldigitaldeasturias.com\/noticias\/wp-content\/uploads\/2019\/01\/280119-mpr.jpg\" \/>\n\t\t<meta property=\"og:image:width\" content=\"510\" \/>\n\t\t<meta property=\"og:image:height\" content=\"340\" \/>\n\t\t<meta property=\"article:tag\" content=\"econom\u00eda\" \/>\n\t\t<meta property=\"article:published_time\" content=\"2019-01-28T22:08:14+00:00\" \/>\n\t\t<meta property=\"article:modified_time\" content=\"2019-01-28T22:08:14+00:00\" \/>\n\t\t<meta property=\"article:publisher\" content=\"https:\/\/facebook.com\/eldigitaldeasturias\" \/>\n\t\t<meta name=\"twitter:card\" content=\"summary_large_image\" \/>\n\t\t<meta name=\"twitter:title\" content=\"La mesa de igualdad laboral se constituir\u00e1 formalmente la pr\u00f3xima semana - El Digital de Asturias\" \/>\n\t\t<meta name=\"twitter:description\" content=\"La mesa de igualdad laboral se constituir\u00e1 formalmente la pr\u00f3xima semana con el objetivo de alcanzar un acuerdo que pueda materializarse en una norma jur\u00eddica. \u200bLa vicepresidenta del Gobierno, ministra de la Presidencia, Relaciones con las Cortes e Igualdad, Carmen Calvo, ha se\u00f1alado hoy que para avanzar en materia de igualdad laboral resulta fundamental que\" \/>\n\t\t<meta name=\"twitter:image\" content=\"https:\/\/www.eldigitaldeasturias.com\/noticias\/wp-content\/uploads\/2019\/01\/280119-mpr.jpg\" \/>\n\t\t<meta name=\"twitter:label1\" content=\"Escrito por\" \/>\n\t\t<meta name=\"twitter:data1\" content=\"El Digital de Asturias\" \/>\n\t\t<meta name=\"twitter:label2\" content=\"Tiempo de lectura estimado\" \/>\n\t\t<meta name=\"twitter:data2\" content=\"2 minutos\" \/>\n\t\t<script type=\"application\/ld+json\" class=\"aioseo-schema\">\n\t\t\t{\"@context\":\"https:\\\/\\\/schema.org\",\"@graph\":[{\"@type\":\"BlogPosting\",\"@id\":\"https:\\\/\\\/www.eldigitaldeasturias.com\\\/noticias\\\/la-mesa-de-igualdad-laboral-se-constituira-formalmente-la-proxima-semana\\\/#blogposting\",\"name\":\"La mesa de igualdad laboral se constituir\\u00e1 formalmente la pr\\u00f3xima semana - El Digital de Asturias\",\"headline\":\"La mesa de igualdad laboral se constituir\\u00e1 formalmente la pr\\u00f3xima semana\",\"author\":{\"@id\":\"https:\\\/\\\/www.eldigitaldeasturias.com\\\/noticias\\\/author\\\/admin\\\/#author\"},\"publisher\":{\"@id\":\"https:\\\/\\\/www.eldigitaldeasturias.com\\\/noticias\\\/#organization\"},\"image\":{\"@type\":\"ImageObject\",\"url\":\"https:\\\/\\\/www.eldigitaldeasturias.com\\\/noticias\\\/wp-content\\\/uploads\\\/2019\\\/01\\\/280119-mpr.jpg\",\"width\":510,\"height\":340},\"datePublished\":\"2019-01-28T22:08:14+01:00\",\"dateModified\":\"2019-01-28T22:08:14+01:00\",\"inLanguage\":\"es-ES\",\"mainEntityOfPage\":{\"@id\":\"https:\\\/\\\/www.eldigitaldeasturias.com\\\/noticias\\\/la-mesa-de-igualdad-laboral-se-constituira-formalmente-la-proxima-semana\\\/#webpage\"},\"isPartOf\":{\"@id\":\"https:\\\/\\\/www.eldigitaldeasturias.com\\\/noticias\\\/la-mesa-de-igualdad-laboral-se-constituira-formalmente-la-proxima-semana\\\/#webpage\"},\"articleSection\":\"Econom\\u00eda\"},{\"@type\":\"BreadcrumbList\",\"@id\":\"https:\\\/\\\/www.eldigitaldeasturias.com\\\/noticias\\\/la-mesa-de-igualdad-laboral-se-constituira-formalmente-la-proxima-semana\\\/#breadcrumblist\",\"itemListElement\":[{\"@type\":\"ListItem\",\"@id\":\"https:\\\/\\\/www.eldigitaldeasturias.com\\\/noticias#listItem\",\"position\":1,\"name\":\"Home\",\"item\":\"https:\\\/\\\/www.eldigitaldeasturias.com\\\/noticias\",\"nextItem\":{\"@type\":\"ListItem\",\"@id\":\"https:\\\/\\\/www.eldigitaldeasturias.com\\\/noticias\\\/category\\\/economia\\\/#listItem\",\"name\":\"Econom\\u00eda\"}},{\"@type\":\"ListItem\",\"@id\":\"https:\\\/\\\/www.eldigitaldeasturias.com\\\/noticias\\\/category\\\/economia\\\/#listItem\",\"position\":2,\"name\":\"Econom\\u00eda\",\"item\":\"https:\\\/\\\/www.eldigitaldeasturias.com\\\/noticias\\\/category\\\/economia\\\/\",\"nextItem\":{\"@type\":\"ListItem\",\"@id\":\"https:\\\/\\\/www.eldigitaldeasturias.com\\\/noticias\\\/la-mesa-de-igualdad-laboral-se-constituira-formalmente-la-proxima-semana\\\/#listItem\",\"name\":\"La mesa de igualdad laboral se constituir\\u00e1 formalmente la pr\\u00f3xima semana\"},\"previousItem\":{\"@type\":\"ListItem\",\"@id\":\"https:\\\/\\\/www.eldigitaldeasturias.com\\\/noticias#listItem\",\"name\":\"Home\"}},{\"@type\":\"ListItem\",\"@id\":\"https:\\\/\\\/www.eldigitaldeasturias.com\\\/noticias\\\/la-mesa-de-igualdad-laboral-se-constituira-formalmente-la-proxima-semana\\\/#listItem\",\"position\":3,\"name\":\"La mesa de igualdad laboral se constituir\\u00e1 formalmente la pr\\u00f3xima semana\",\"previousItem\":{\"@type\":\"ListItem\",\"@id\":\"https:\\\/\\\/www.eldigitaldeasturias.com\\\/noticias\\\/category\\\/economia\\\/#listItem\",\"name\":\"Econom\\u00eda\"}}]},{\"@type\":\"Organization\",\"@id\":\"https:\\\/\\\/www.eldigitaldeasturias.com\\\/noticias\\\/#organization\",\"name\":\"El Digital de Asturias\",\"description\":\"Hemeroteca\",\"url\":\"https:\\\/\\\/www.eldigitaldeasturias.com\\\/noticias\\\/\",\"email\":\"info@eldigitaldeasturias.com\",\"telephone\":\"+34652131393\",\"logo\":{\"@type\":\"ImageObject\",\"url\":\"https:\\\/\\\/www.eldigitaldeasturias.com\\\/noticias\\\/wp-content\\\/uploads\\\/2020\\\/12\\\/EDA.jpg\",\"@id\":\"https:\\\/\\\/www.eldigitaldeasturias.com\\\/noticias\\\/la-mesa-de-igualdad-laboral-se-constituira-formalmente-la-proxima-semana\\\/#organizationLogo\",\"width\":649,\"height\":297},\"image\":{\"@id\":\"https:\\\/\\\/www.eldigitaldeasturias.com\\\/noticias\\\/la-mesa-de-igualdad-laboral-se-constituira-formalmente-la-proxima-semana\\\/#organizationLogo\"},\"sameAs\":[\"https:\\\/\\\/facebook.com\\\/eldigitaldeasturias\",\"https:\\\/\\\/www.youtube.com\\\/channel\\\/UCZP-2wLEB9Rv6erhFmqVnvg\"],\"address\":{\"@id\":\"https:\\\/\\\/www.eldigitaldeasturias.com\\\/noticias\\\/#postaladdress\",\"@type\":\"PostalAddress\",\"streetAddress\":\"san antonio 4,\",\"postalCode\":\"33430\",\"addressLocality\":\"Cand\\u00e1s\",\"addressRegion\":\"Asturias\",\"addressCountry\":\"ES\"}},{\"@type\":\"Person\",\"@id\":\"https:\\\/\\\/www.eldigitaldeasturias.com\\\/noticias\\\/author\\\/admin\\\/#author\",\"url\":\"https:\\\/\\\/www.eldigitaldeasturias.com\\\/noticias\\\/author\\\/admin\\\/\",\"name\":\"El Digital de Asturias\",\"image\":{\"@type\":\"ImageObject\",\"@id\":\"https:\\\/\\\/www.eldigitaldeasturias.com\\\/noticias\\\/la-mesa-de-igualdad-laboral-se-constituira-formalmente-la-proxima-semana\\\/#authorImage\",\"url\":\"https:\\\/\\\/www.eldigitaldeasturias.com\\\/noticias\\\/wp-content\\\/litespeed\\\/avatar\\\/18677e78aa0546b92d9dbf31ec7d7668.jpg?ver=1777290358\",\"width\":96,\"height\":96,\"caption\":\"El Digital de Asturias\"}},{\"@type\":\"WebPage\",\"@id\":\"https:\\\/\\\/www.eldigitaldeasturias.com\\\/noticias\\\/la-mesa-de-igualdad-laboral-se-constituira-formalmente-la-proxima-semana\\\/#webpage\",\"url\":\"https:\\\/\\\/www.eldigitaldeasturias.com\\\/noticias\\\/la-mesa-de-igualdad-laboral-se-constituira-formalmente-la-proxima-semana\\\/\",\"name\":\"La mesa de igualdad laboral se constituir\\u00e1 formalmente la pr\\u00f3xima semana - El Digital de Asturias\",\"description\":\"La mesa de igualdad laboral se constituir\\u00e1 formalmente la pr\\u00f3xima semana con el objetivo de alcanzar un acuerdo que pueda materializarse en una norma jur\\u00eddica. \\u200bLa vicepresidenta del Gobierno, ministra de la Presidencia, Relaciones con las Cortes e Igualdad, Carmen Calvo, ha se\\u00f1alado hoy que para avanzar en materia de igualdad laboral resulta fundamental que\",\"inLanguage\":\"es-ES\",\"isPartOf\":{\"@id\":\"https:\\\/\\\/www.eldigitaldeasturias.com\\\/noticias\\\/#website\"},\"breadcrumb\":{\"@id\":\"https:\\\/\\\/www.eldigitaldeasturias.com\\\/noticias\\\/la-mesa-de-igualdad-laboral-se-constituira-formalmente-la-proxima-semana\\\/#breadcrumblist\"},\"author\":{\"@id\":\"https:\\\/\\\/www.eldigitaldeasturias.com\\\/noticias\\\/author\\\/admin\\\/#author\"},\"creator\":{\"@id\":\"https:\\\/\\\/www.eldigitaldeasturias.com\\\/noticias\\\/author\\\/admin\\\/#author\"},\"image\":{\"@type\":\"ImageObject\",\"url\":\"https:\\\/\\\/www.eldigitaldeasturias.com\\\/noticias\\\/wp-content\\\/uploads\\\/2019\\\/01\\\/280119-mpr.jpg\",\"@id\":\"https:\\\/\\\/www.eldigitaldeasturias.com\\\/noticias\\\/la-mesa-de-igualdad-laboral-se-constituira-formalmente-la-proxima-semana\\\/#mainImage\",\"width\":510,\"height\":340},\"primaryImageOfPage\":{\"@id\":\"https:\\\/\\\/www.eldigitaldeasturias.com\\\/noticias\\\/la-mesa-de-igualdad-laboral-se-constituira-formalmente-la-proxima-semana\\\/#mainImage\"},\"datePublished\":\"2019-01-28T22:08:14+01:00\",\"dateModified\":\"2019-01-28T22:08:14+01:00\"},{\"@type\":\"WebSite\",\"@id\":\"https:\\\/\\\/www.eldigitaldeasturias.com\\\/noticias\\\/#website\",\"url\":\"https:\\\/\\\/www.eldigitaldeasturias.com\\\/noticias\\\/\",\"name\":\"El Digital de Asturias - Diario de actualidad y noticias\",\"alternateName\":\"El Digital de Asturias - Diario de actualidad y noticias\",\"description\":\"Hemeroteca\",\"inLanguage\":\"es-ES\",\"publisher\":{\"@id\":\"https:\\\/\\\/www.eldigitaldeasturias.com\\\/noticias\\\/#organization\"}}]}\n\t\t<\/script>\n\t\t<!-- All in One SEO Pro -->\r\n\t\t<title>La mesa de igualdad laboral se constituir\u00e1 formalmente la pr\u00f3xima semana - El Digital de Asturias<\/title>\n\n","aioseo_head_json":{"title":"La mesa de igualdad laboral se constituir\u00e1 formalmente la pr\u00f3xima semana - El Digital de Asturias","description":"La mesa de igualdad laboral se constituir\u00e1 formalmente la pr\u00f3xima semana con el objetivo de alcanzar un acuerdo que pueda materializarse en una norma jur\u00eddica. \u200bLa vicepresidenta del Gobierno, ministra de la Presidencia, Relaciones con las Cortes e Igualdad, Carmen Calvo, ha se\u00f1alado hoy que para avanzar en materia de igualdad laboral resulta fundamental que","canonical_url":"https:\/\/www.eldigitaldeasturias.com\/noticias\/la-mesa-de-igualdad-laboral-se-constituira-formalmente-la-proxima-semana\/","robots":"max-image-preview:large","keywords":"econom\u00eda","webmasterTools":{"google-site-verification":"UA-38556648-1","msvalidate.01":"7dfe9f3f1b24437ab69f4f2559babe99","miscellaneous":""},"schema":{"@context":"https:\/\/schema.org","@graph":[{"@type":"BlogPosting","@id":"https:\/\/www.eldigitaldeasturias.com\/noticias\/la-mesa-de-igualdad-laboral-se-constituira-formalmente-la-proxima-semana\/#blogposting","name":"La mesa de igualdad laboral se constituir\u00e1 formalmente la pr\u00f3xima semana - El Digital de Asturias","headline":"La mesa de igualdad laboral se constituir\u00e1 formalmente la pr\u00f3xima semana","author":{"@id":"https:\/\/www.eldigitaldeasturias.com\/noticias\/author\/admin\/#author"},"publisher":{"@id":"https:\/\/www.eldigitaldeasturias.com\/noticias\/#organization"},"image":{"@type":"ImageObject","url":"https:\/\/www.eldigitaldeasturias.com\/noticias\/wp-content\/uploads\/2019\/01\/280119-mpr.jpg","width":510,"height":340},"datePublished":"2019-01-28T22:08:14+01:00","dateModified":"2019-01-28T22:08:14+01:00","inLanguage":"es-ES","mainEntityOfPage":{"@id":"https:\/\/www.eldigitaldeasturias.com\/noticias\/la-mesa-de-igualdad-laboral-se-constituira-formalmente-la-proxima-semana\/#webpage"},"isPartOf":{"@id":"https:\/\/www.eldigitaldeasturias.com\/noticias\/la-mesa-de-igualdad-laboral-se-constituira-formalmente-la-proxima-semana\/#webpage"},"articleSection":"Econom\u00eda"},{"@type":"BreadcrumbList","@id":"https:\/\/www.eldigitaldeasturias.com\/noticias\/la-mesa-de-igualdad-laboral-se-constituira-formalmente-la-proxima-semana\/#breadcrumblist","itemListElement":[{"@type":"ListItem","@id":"https:\/\/www.eldigitaldeasturias.com\/noticias#listItem","position":1,"name":"Home","item":"https:\/\/www.eldigitaldeasturias.com\/noticias","nextItem":{"@type":"ListItem","@id":"https:\/\/www.eldigitaldeasturias.com\/noticias\/category\/economia\/#listItem","name":"Econom\u00eda"}},{"@type":"ListItem","@id":"https:\/\/www.eldigitaldeasturias.com\/noticias\/category\/economia\/#listItem","position":2,"name":"Econom\u00eda","item":"https:\/\/www.eldigitaldeasturias.com\/noticias\/category\/economia\/","nextItem":{"@type":"ListItem","@id":"https:\/\/www.eldigitaldeasturias.com\/noticias\/la-mesa-de-igualdad-laboral-se-constituira-formalmente-la-proxima-semana\/#listItem","name":"La mesa de igualdad laboral se constituir\u00e1 formalmente la pr\u00f3xima semana"},"previousItem":{"@type":"ListItem","@id":"https:\/\/www.eldigitaldeasturias.com\/noticias#listItem","name":"Home"}},{"@type":"ListItem","@id":"https:\/\/www.eldigitaldeasturias.com\/noticias\/la-mesa-de-igualdad-laboral-se-constituira-formalmente-la-proxima-semana\/#listItem","position":3,"name":"La mesa de igualdad laboral se constituir\u00e1 formalmente la pr\u00f3xima semana","previousItem":{"@type":"ListItem","@id":"https:\/\/www.eldigitaldeasturias.com\/noticias\/category\/economia\/#listItem","name":"Econom\u00eda"}}]},{"@type":"Organization","@id":"https:\/\/www.eldigitaldeasturias.com\/noticias\/#organization","name":"El Digital de Asturias","description":"Hemeroteca","url":"https:\/\/www.eldigitaldeasturias.com\/noticias\/","email":"info@eldigitaldeasturias.com","telephone":"+34652131393","logo":{"@type":"ImageObject","url":"https:\/\/www.eldigitaldeasturias.com\/noticias\/wp-content\/uploads\/2020\/12\/EDA.jpg","@id":"https:\/\/www.eldigitaldeasturias.com\/noticias\/la-mesa-de-igualdad-laboral-se-constituira-formalmente-la-proxima-semana\/#organizationLogo","width":649,"height":297},"image":{"@id":"https:\/\/www.eldigitaldeasturias.com\/noticias\/la-mesa-de-igualdad-laboral-se-constituira-formalmente-la-proxima-semana\/#organizationLogo"},"sameAs":["https:\/\/facebook.com\/eldigitaldeasturias","https:\/\/www.youtube.com\/channel\/UCZP-2wLEB9Rv6erhFmqVnvg"],"address":{"@id":"https:\/\/www.eldigitaldeasturias.com\/noticias\/#postaladdress","@type":"PostalAddress","streetAddress":"san antonio 4,","postalCode":"33430","addressLocality":"Cand\u00e1s","addressRegion":"Asturias","addressCountry":"ES"}},{"@type":"Person","@id":"https:\/\/www.eldigitaldeasturias.com\/noticias\/author\/admin\/#author","url":"https:\/\/www.eldigitaldeasturias.com\/noticias\/author\/admin\/","name":"El Digital de Asturias","image":{"@type":"ImageObject","@id":"https:\/\/www.eldigitaldeasturias.com\/noticias\/la-mesa-de-igualdad-laboral-se-constituira-formalmente-la-proxima-semana\/#authorImage","url":"https:\/\/www.eldigitaldeasturias.com\/noticias\/wp-content\/litespeed\/avatar\/18677e78aa0546b92d9dbf31ec7d7668.jpg?ver=1777290358","width":96,"height":96,"caption":"El Digital de Asturias"}},{"@type":"WebPage","@id":"https:\/\/www.eldigitaldeasturias.com\/noticias\/la-mesa-de-igualdad-laboral-se-constituira-formalmente-la-proxima-semana\/#webpage","url":"https:\/\/www.eldigitaldeasturias.com\/noticias\/la-mesa-de-igualdad-laboral-se-constituira-formalmente-la-proxima-semana\/","name":"La mesa de igualdad laboral se constituir\u00e1 formalmente la pr\u00f3xima semana - El Digital de Asturias","description":"La mesa de igualdad laboral se constituir\u00e1 formalmente la pr\u00f3xima semana con el objetivo de alcanzar un acuerdo que pueda materializarse en una norma jur\u00eddica. \u200bLa vicepresidenta del Gobierno, ministra de la Presidencia, Relaciones con las Cortes e Igualdad, Carmen Calvo, ha se\u00f1alado hoy que para avanzar en materia de igualdad laboral resulta fundamental que","inLanguage":"es-ES","isPartOf":{"@id":"https:\/\/www.eldigitaldeasturias.com\/noticias\/#website"},"breadcrumb":{"@id":"https:\/\/www.eldigitaldeasturias.com\/noticias\/la-mesa-de-igualdad-laboral-se-constituira-formalmente-la-proxima-semana\/#breadcrumblist"},"author":{"@id":"https:\/\/www.eldigitaldeasturias.com\/noticias\/author\/admin\/#author"},"creator":{"@id":"https:\/\/www.eldigitaldeasturias.com\/noticias\/author\/admin\/#author"},"image":{"@type":"ImageObject","url":"https:\/\/www.eldigitaldeasturias.com\/noticias\/wp-content\/uploads\/2019\/01\/280119-mpr.jpg","@id":"https:\/\/www.eldigitaldeasturias.com\/noticias\/la-mesa-de-igualdad-laboral-se-constituira-formalmente-la-proxima-semana\/#mainImage","width":510,"height":340},"primaryImageOfPage":{"@id":"https:\/\/www.eldigitaldeasturias.com\/noticias\/la-mesa-de-igualdad-laboral-se-constituira-formalmente-la-proxima-semana\/#mainImage"},"datePublished":"2019-01-28T22:08:14+01:00","dateModified":"2019-01-28T22:08:14+01:00"},{"@type":"WebSite","@id":"https:\/\/www.eldigitaldeasturias.com\/noticias\/#website","url":"https:\/\/www.eldigitaldeasturias.com\/noticias\/","name":"El Digital de Asturias - Diario de actualidad y noticias","alternateName":"El Digital de Asturias - Diario de actualidad y noticias","description":"Hemeroteca","inLanguage":"es-ES","publisher":{"@id":"https:\/\/www.eldigitaldeasturias.com\/noticias\/#organization"}}]},"og:locale":"es_ES","og:site_name":"El Digital de Asturias","og:type":"article","og:title":"La mesa de igualdad laboral se constituir\u00e1 formalmente la pr\u00f3xima semana - El Digital de Asturias","og:description":"La mesa de igualdad laboral se constituir\u00e1 formalmente la pr\u00f3xima semana con el objetivo de alcanzar un acuerdo que pueda materializarse en una norma jur\u00eddica. \u200bLa vicepresidenta del Gobierno, ministra de la Presidencia, Relaciones con las Cortes e Igualdad, Carmen Calvo, ha se\u00f1alado hoy que para avanzar en materia de igualdad laboral resulta fundamental que","og:url":"https:\/\/www.eldigitaldeasturias.com\/noticias\/la-mesa-de-igualdad-laboral-se-constituira-formalmente-la-proxima-semana\/","og:image":"https:\/\/www.eldigitaldeasturias.com\/noticias\/wp-content\/uploads\/2019\/01\/280119-mpr.jpg","og:image:secure_url":"https:\/\/www.eldigitaldeasturias.com\/noticias\/wp-content\/uploads\/2019\/01\/280119-mpr.jpg","og:image:width":510,"og:image:height":340,"article:tag":["econom\u00eda"],"article:published_time":"2019-01-28T22:08:14+00:00","article:modified_time":"2019-01-28T22:08:14+00:00","article:publisher":"https:\/\/facebook.com\/eldigitaldeasturias","twitter:card":"summary_large_image","twitter:title":"La mesa de igualdad laboral se constituir\u00e1 formalmente la pr\u00f3xima semana - El Digital de Asturias","twitter:description":"La mesa de igualdad laboral se constituir\u00e1 formalmente la pr\u00f3xima semana con el objetivo de alcanzar un acuerdo que pueda materializarse en una norma jur\u00eddica. \u200bLa vicepresidenta del Gobierno, ministra de la Presidencia, Relaciones con las Cortes e Igualdad, Carmen Calvo, ha se\u00f1alado hoy que para avanzar en materia de igualdad laboral resulta fundamental que","twitter:image":"https:\/\/www.eldigitaldeasturias.com\/noticias\/wp-content\/uploads\/2019\/01\/280119-mpr.jpg","twitter:label1":"Escrito por","twitter:data1":"El Digital de Asturias","twitter:label2":"Tiempo de lectura estimado","twitter:data2":"2 minutos"},"aioseo_meta_data":{"post_id":"1015247","title":null,"description":null,"keywords":null,"keyphrases":null,"primary_term":null,"canonical_url":null,"og_title":null,"og_description":null,"og_object_type":"default","og_image_type":"default","og_image_url":null,"og_image_width":null,"og_image_height":null,"og_image_custom_url":null,"og_image_custom_fields":null,"og_video":null,"og_custom_url":null,"og_article_section":null,"og_article_tags":null,"twitter_use_og":false,"twitter_card":"default","twitter_image_type":"default","twitter_image_url":null,"twitter_image_custom_url":null,"twitter_image_custom_fields":null,"twitter_title":null,"twitter_description":null,"schema":{"blockGraphs":[],"customGraphs":[],"default":{"data":{"Article":[],"Course":[],"Dataset":[],"FAQPage":[],"Movie":[],"Person":[],"Product":[],"ProductReview":[],"Car":[],"Recipe":[],"Service":[],"SoftwareApplication":[],"WebPage":[]},"graphName":"","isEnabled":true},"graphs":[],"defaultGraph":"","defaultPostTypeGraph":""},"schema_type":null,"schema_type_options":null,"pillar_content":false,"robots_default":true,"robots_noindex":false,"robots_noarchive":false,"robots_nosnippet":false,"robots_nofollow":false,"robots_noimageindex":false,"robots_noodp":false,"robots_notranslate":false,"robots_max_snippet":null,"robots_max_videopreview":null,"robots_max_imagepreview":"large","priority":null,"frequency":null,"local_seo":null,"seo_analyzer_scan_date":"2025-10-15 20:27:20","breadcrumb_settings":null,"limit_modified_date":false,"open_ai":null,"ai":null,"created":"2020-12-21 11:21:36","updated":"2025-10-15 20:27:20"},"aioseo_breadcrumb":"<div class=\"aioseo-breadcrumbs\"><span class=\"aioseo-breadcrumb\">\n\t<a href=\"https:\/\/www.eldigitaldeasturias.com\/noticias\" title=\"Home\">Home<\/a>\n<\/span><span class=\"aioseo-breadcrumb-separator\">\u2013<\/span><span class=\"aioseo-breadcrumb\">\n\t<a href=\"https:\/\/www.eldigitaldeasturias.com\/noticias\/category\/economia\/\" title=\"Econom\u00eda\">Econom\u00eda<\/a>\n<\/span><span class=\"aioseo-breadcrumb-separator\">\u2013<\/span><span class=\"aioseo-breadcrumb\">\n\t<a href=\"https:\/\/www.eldigitaldeasturias.com\/noticias\/la-mesa-de-igualdad-laboral-se-constituira-formalmente-la-proxima-semana\/\" title=\"La mesa de igualdad laboral se constituir\u00e1 formalmente la pr\u00f3xima semana\">La mesa de igualdad laboral se constituir\u00e1 formalmente la pr\u00f3xima semana<\/a>\n<\/span><\/div>","aioseo_breadcrumb_json":[{"label":"Home","link":"https:\/\/www.eldigitaldeasturias.com\/noticias"},{"label":"Econom\u00eda","link":"https:\/\/www.eldigitaldeasturias.com\/noticias\/category\/economia\/"},{"label":"La mesa de igualdad laboral se constituir\u00e1 formalmente la pr\u00f3xima semana","link":"https:\/\/www.eldigitaldeasturias.com\/noticias\/la-mesa-de-igualdad-laboral-se-constituira-formalmente-la-proxima-semana\/"}],"_links":{"self":[{"href":"https:\/\/www.eldigitaldeasturias.com\/noticias\/wp-json\/wp\/v2\/posts\/1015247","targetHints":{"allow":["GET"]}}],"collection":[{"href":"https:\/\/www.eldigitaldeasturias.com\/noticias\/wp-json\/wp\/v2\/posts"}],"about":[{"href":"https:\/\/www.eldigitaldeasturias.com\/noticias\/wp-json\/wp\/v2\/types\/post"}],"author":[{"embeddable":true,"href":"https:\/\/www.eldigitaldeasturias.com\/noticias\/wp-json\/wp\/v2\/users\/1"}],"replies":[{"embeddable":true,"href":"https:\/\/www.eldigitaldeasturias.com\/noticias\/wp-json\/wp\/v2\/comments?post=1015247"}],"version-history":[{"count":0,"href":"https:\/\/www.eldigitaldeasturias.com\/noticias\/wp-json\/wp\/v2\/posts\/1015247\/revisions"}],"wp:featuredmedia":[{"embeddable":true,"href":"https:\/\/www.eldigitaldeasturias.com\/noticias\/wp-json\/wp\/v2\/media\/1015248"}],"wp:attachment":[{"href":"https:\/\/www.eldigitaldeasturias.com\/noticias\/wp-json\/wp\/v2\/media?parent=1015247"}],"wp:term":[{"taxonomy":"category","embeddable":true,"href":"https:\/\/www.eldigitaldeasturias.com\/noticias\/wp-json\/wp\/v2\/categories?post=1015247"},{"taxonomy":"post_tag","embeddable":true,"href":"https:\/\/www.eldigitaldeasturias.com\/noticias\/wp-json\/wp\/v2\/tags?post=1015247"}],"curies":[{"name":"wp","href":"https:\/\/api.w.org\/{rel}","templated":true}]}}