{"id":1015171,"date":"2019-01-28T13:06:19","date_gmt":"2019-01-28T13:06:19","guid":{"rendered":"https:\/\/www.eldigitaldeasturias.com\/noticias\/?p=1015171"},"modified":"2019-01-28T13:06:19","modified_gmt":"2019-01-28T13:06:19","slug":"los-becarios-cotizaran-a-la-seguridad-social-pero-a-partir-del-siguiente-curso","status":"publish","type":"post","link":"https:\/\/www.eldigitaldeasturias.com\/noticias\/los-becarios-cotizaran-a-la-seguridad-social-pero-a-partir-del-siguiente-curso\/","title":{"rendered":"Los becarios cotizar\u00e1n a la Seguridad Social, pero a partir del siguiente curso"},"content":{"rendered":"<p><img loading=\"lazy\" decoding=\"async\" class=\"alignleft size-medium wp-image-1015172\" src=\"https:\/\/www.eldigitaldeasturias.com\/noticias\/wp-content\/uploads\/2019\/01\/becarios-360x237.jpg\" alt=\"\" width=\"360\" height=\"237\" srcset=\"https:\/\/www.eldigitaldeasturias.com\/noticias\/wp-content\/uploads\/2019\/01\/becarios-360x237.jpg 360w, https:\/\/www.eldigitaldeasturias.com\/noticias\/wp-content\/uploads\/2019\/01\/becarios-650x427.jpg 650w, https:\/\/www.eldigitaldeasturias.com\/noticias\/wp-content\/uploads\/2019\/01\/becarios.jpg 703w\" sizes=\"auto, (max-width: 360px) 100vw, 360px\" \/>El Gobierno aprob\u00f3 la cotizaci\u00f3n obligatoria a la Seguridad Social para los estudiantes en pr\u00e1cticas, pero esta medida no entrar\u00e9 en vigor hasta el curso 2019-2020. Esto da algo m\u00e1s de margen a los responsables de dichas pr\u00e1cticas y a las empresas, seg\u00fan comentaba la Conferencia de Rectores despu\u00e9s de su reuni\u00f3n con el Ejecutivo.<\/p>\n<p>Por otro lado, los ministerios de Trabajo y Universidades han adquirido el compromiso de que <strong>esta medida no suponga un coste adicional para las universidades,<\/strong> lo cual ven\u00eda preocupando a estos centros ya que la <span style=\"color: #ff6600;\"><strong><a style=\"color: #ff6600;\" href=\"https:\/\/www.euroinnova.edu.es\/Curso-Practico-Gestion-Nominas-Cotizaciones-Seguridad-Social\" target=\"_blank\" rel=\"noopener\">cotizaci\u00f3n Seguridad Social<\/a><\/strong><\/span> est\u00e1 en torno a los 50 euros mensuales por becario.<\/p>\n<p><iframe loading=\"lazy\" src=\"https:\/\/www.youtube.com\/embed\/A_Obrl3SYD4\" width=\"650\" height=\"360\" frameborder=\"0\" allowfullscreen=\"allowfullscreen\"><span data-mce-type=\"bookmark\" style=\"display: inline-block; width: 0px; overflow: hidden; line-height: 0;\" class=\"mce_SELRES_start\">\ufeff<\/span><\/iframe><\/p>\n<p><strong>Una medida que ha levantado algunas suspicacias<\/strong><\/p>\n<p>Los rectores y algunos responsables de centros de formaci\u00f3n profesional han mostrado su acuerdo con esta medida, pero sin embargo no les gust\u00f3 tanto que el Gobierno aprobase la iniciativa de forma unilateral. De hecho, a estos colectivos les preocupaba la <strong>posibilidad de que entrase en vigor en apenas dos meses,<\/strong> que es cuando comienza el periodo de pr\u00e1cticas, especialmente en formaci\u00f3n profesional. Esto hubiera tenido un impacto sobre las empresas en el momento de ofrecer plazas de pr\u00e1cticas, y por el escaso margen de maniobra con el que contar\u00edan en este caso.<\/p>\n<p>A finales del pasado a\u00f1o, el Gobierno aprobaba una disposici\u00f3n que har\u00e1 obligatorio, una vez se apruebe su desarrollo normativo, que todos los estudiantes en pr\u00e1cticas externas en grados o m\u00e1steres universitarios, y cursos de formaci\u00f3n profesional (grado medio y superior), coticen a la Seguridad Social. Y ello con independencia de que sean pr\u00e1cticas remuneradas o no, o curriculares o no.<\/p>\n<p><strong>\u00bfQu\u00e9 es lo que tenemos ahora?<\/strong><\/p>\n<p>El panorama actual es <strong>que algunas modalidades de pr\u00e1cticas incluyen cotizaci\u00f3n a la Seguridad Social, pero no todas. <\/strong>Pero una vez que la medida entre en vigor, afectar\u00e1 a aproximadamente 725.000 estudiantes de formaci\u00f3n profesional y a un n\u00famero sin determinar de estudiantes universitarios.<\/p>\n<p>Los agentes educativos se mostraban especialmente preocupados por qui\u00e9n iba a hacerse cargo de la cotizaci\u00f3n de las pr\u00e1cticas a la Seguridad Social. La disposici\u00f3n aprobada por el Ejecutivo contiene algunas l\u00edneas b\u00e1sicas acerca de esta cuesti\u00f3n, pero los rectores y los responsables de formaci\u00f3n profesional no lo ten\u00edan del todo claro.<\/p>\n<p>Pero ahora cuentan ya con el compromiso de dos ministerios de que estos costes no ir\u00e1n a su cargo. Ahora queda por saber si son las empresas las que asumir\u00e1n el coste o si las cotizaciones est\u00e1n bonificadas al 100%, como ocurre ahora en ciertos casos.<\/p>\n<p>Teniendo en cuenta tan solo a los becarios de formaci\u00f3n profesional, la Seguridad Social podr\u00eda recaudar hasta alrededor de 109 millones de euros anuales por las cuotas de estos estudiantes. En el caso de las universidades, los rectores han advertido que estas no pueden asumir estos pagos. Y si las empresas tuviesen que hacerse cargo del coste, afirmaron que la medida podr\u00eda suponer la ca\u00edda de la oferta de pr\u00e1cticas, las cuales en muchos casos son obligatorias para conseguir el t\u00edtulo.<\/p>\n","protected":false},"excerpt":{"rendered":"<p>El Gobierno aprob\u00f3 la cotizaci\u00f3n obligatoria a la Seguridad Social para los estudiantes en pr\u00e1cticas, pero esta medida no entrar\u00e9 en vigor hasta el curso 2019-2020. Esto da algo m\u00e1s de margen a los responsables de dichas pr\u00e1cticas y a las empresas, seg\u00fan comentaba la Conferencia de Rectores despu\u00e9s de su reuni\u00f3n con el Ejecutivo. [&hellip;]<\/p>\n","protected":false},"author":1,"featured_media":1015172,"comment_status":"closed","ping_status":"closed","sticky":false,"template":"","format":"standard","meta":{"footnotes":""},"categories":[187],"tags":[],"class_list":["post-1015171","post","type-post","status-publish","format-standard","has-post-thumbnail","hentry","category-economia"],"aioseo_notices":[],"aioseo_head":"\n\t\t<!-- All in One SEO Pro 4.9.6.2 - aioseo.com -->\n\t<meta name=\"description\" content=\"El Gobierno aprob\u00f3 la cotizaci\u00f3n obligatoria a la Seguridad Social para los estudiantes en pr\u00e1cticas, pero esta medida no entrar\u00e9 en vigor hasta el curso 2019-2020. Esto da algo m\u00e1s de margen a los responsables de dichas pr\u00e1cticas y a las empresas, seg\u00fan comentaba la Conferencia de Rectores despu\u00e9s de su reuni\u00f3n con el Ejecutivo.\" \/>\n\t<meta name=\"robots\" content=\"max-image-preview:large\" \/>\n\t<meta name=\"author\" content=\"El Digital de Asturias\"\/>\n\t<meta name=\"google-site-verification\" content=\"UA-38556648-1\" \/>\n\t<meta name=\"msvalidate.01\" content=\"7dfe9f3f1b24437ab69f4f2559babe99\" \/>\n\t<meta name=\"keywords\" content=\"econom\u00eda\" \/>\n\t<link rel=\"canonical\" href=\"https:\/\/www.eldigitaldeasturias.com\/noticias\/los-becarios-cotizaran-a-la-seguridad-social-pero-a-partir-del-siguiente-curso\/\" \/>\n\t<meta name=\"generator\" content=\"All in One SEO Pro (AIOSEO) 4.9.6.2\" \/>\n\t\t<meta property=\"og:locale\" content=\"es_ES\" \/>\n\t\t<meta property=\"og:site_name\" content=\"El Digital de Asturias\" \/>\n\t\t<meta property=\"og:type\" content=\"article\" \/>\n\t\t<meta property=\"og:title\" content=\"Los becarios cotizar\u00e1n a la Seguridad Social, pero a partir del siguiente curso - El Digital de Asturias\" \/>\n\t\t<meta property=\"og:description\" content=\"El Gobierno aprob\u00f3 la cotizaci\u00f3n obligatoria a la Seguridad Social para los estudiantes en pr\u00e1cticas, pero esta medida no entrar\u00e9 en vigor hasta el curso 2019-2020. Esto da algo m\u00e1s de margen a los responsables de dichas pr\u00e1cticas y a las empresas, seg\u00fan comentaba la Conferencia de Rectores despu\u00e9s de su reuni\u00f3n con el Ejecutivo.\" \/>\n\t\t<meta property=\"og:url\" content=\"https:\/\/www.eldigitaldeasturias.com\/noticias\/los-becarios-cotizaran-a-la-seguridad-social-pero-a-partir-del-siguiente-curso\/\" \/>\n\t\t<meta property=\"og:image\" content=\"https:\/\/www.eldigitaldeasturias.com\/noticias\/wp-content\/uploads\/2019\/01\/becarios.jpg\" \/>\n\t\t<meta property=\"og:image:secure_url\" content=\"https:\/\/www.eldigitaldeasturias.com\/noticias\/wp-content\/uploads\/2019\/01\/becarios.jpg\" \/>\n\t\t<meta property=\"og:image:width\" content=\"703\" \/>\n\t\t<meta property=\"og:image:height\" content=\"462\" \/>\n\t\t<meta property=\"article:tag\" content=\"econom\u00eda\" \/>\n\t\t<meta property=\"article:published_time\" content=\"2019-01-28T13:06:19+00:00\" \/>\n\t\t<meta property=\"article:modified_time\" content=\"2019-01-28T13:06:19+00:00\" \/>\n\t\t<meta property=\"article:publisher\" content=\"https:\/\/facebook.com\/eldigitaldeasturias\" \/>\n\t\t<meta name=\"twitter:card\" content=\"summary_large_image\" \/>\n\t\t<meta name=\"twitter:title\" content=\"Los becarios cotizar\u00e1n a la Seguridad Social, pero a partir del siguiente curso - El Digital de Asturias\" \/>\n\t\t<meta name=\"twitter:description\" content=\"El Gobierno aprob\u00f3 la cotizaci\u00f3n obligatoria a la Seguridad Social para los estudiantes en pr\u00e1cticas, pero esta medida no entrar\u00e9 en vigor hasta el curso 2019-2020. Esto da algo m\u00e1s de margen a los responsables de dichas pr\u00e1cticas y a las empresas, seg\u00fan comentaba la Conferencia de Rectores despu\u00e9s de su reuni\u00f3n con el Ejecutivo.\" \/>\n\t\t<meta name=\"twitter:image\" content=\"https:\/\/www.eldigitaldeasturias.com\/noticias\/wp-content\/uploads\/2019\/01\/becarios.jpg\" \/>\n\t\t<meta name=\"twitter:label1\" content=\"Escrito por\" \/>\n\t\t<meta name=\"twitter:data1\" content=\"El Digital de Asturias\" \/>\n\t\t<meta name=\"twitter:label2\" content=\"Tiempo de lectura estimado\" \/>\n\t\t<meta name=\"twitter:data2\" content=\"3 minutos\" \/>\n\t\t<script type=\"application\/ld+json\" class=\"aioseo-schema\">\n\t\t\t{\"@context\":\"https:\\\/\\\/schema.org\",\"@graph\":[{\"@type\":\"BlogPosting\",\"@id\":\"https:\\\/\\\/www.eldigitaldeasturias.com\\\/noticias\\\/los-becarios-cotizaran-a-la-seguridad-social-pero-a-partir-del-siguiente-curso\\\/#blogposting\",\"name\":\"Los becarios cotizar\\u00e1n a la Seguridad Social, pero a partir del siguiente curso - El Digital de Asturias\",\"headline\":\"Los becarios cotizar\\u00e1n a la Seguridad Social, pero a partir del siguiente curso\",\"author\":{\"@id\":\"https:\\\/\\\/www.eldigitaldeasturias.com\\\/noticias\\\/author\\\/admin\\\/#author\"},\"publisher\":{\"@id\":\"https:\\\/\\\/www.eldigitaldeasturias.com\\\/noticias\\\/#organization\"},\"image\":{\"@type\":\"ImageObject\",\"url\":\"https:\\\/\\\/www.eldigitaldeasturias.com\\\/noticias\\\/wp-content\\\/uploads\\\/2019\\\/01\\\/becarios.jpg\",\"width\":703,\"height\":462},\"datePublished\":\"2019-01-28T13:06:19+01:00\",\"dateModified\":\"2019-01-28T13:06:19+01:00\",\"inLanguage\":\"es-ES\",\"mainEntityOfPage\":{\"@id\":\"https:\\\/\\\/www.eldigitaldeasturias.com\\\/noticias\\\/los-becarios-cotizaran-a-la-seguridad-social-pero-a-partir-del-siguiente-curso\\\/#webpage\"},\"isPartOf\":{\"@id\":\"https:\\\/\\\/www.eldigitaldeasturias.com\\\/noticias\\\/los-becarios-cotizaran-a-la-seguridad-social-pero-a-partir-del-siguiente-curso\\\/#webpage\"},\"articleSection\":\"Econom\\u00eda\"},{\"@type\":\"BreadcrumbList\",\"@id\":\"https:\\\/\\\/www.eldigitaldeasturias.com\\\/noticias\\\/los-becarios-cotizaran-a-la-seguridad-social-pero-a-partir-del-siguiente-curso\\\/#breadcrumblist\",\"itemListElement\":[{\"@type\":\"ListItem\",\"@id\":\"https:\\\/\\\/www.eldigitaldeasturias.com\\\/noticias#listItem\",\"position\":1,\"name\":\"Home\",\"item\":\"https:\\\/\\\/www.eldigitaldeasturias.com\\\/noticias\",\"nextItem\":{\"@type\":\"ListItem\",\"@id\":\"https:\\\/\\\/www.eldigitaldeasturias.com\\\/noticias\\\/category\\\/economia\\\/#listItem\",\"name\":\"Econom\\u00eda\"}},{\"@type\":\"ListItem\",\"@id\":\"https:\\\/\\\/www.eldigitaldeasturias.com\\\/noticias\\\/category\\\/economia\\\/#listItem\",\"position\":2,\"name\":\"Econom\\u00eda\",\"item\":\"https:\\\/\\\/www.eldigitaldeasturias.com\\\/noticias\\\/category\\\/economia\\\/\",\"nextItem\":{\"@type\":\"ListItem\",\"@id\":\"https:\\\/\\\/www.eldigitaldeasturias.com\\\/noticias\\\/los-becarios-cotizaran-a-la-seguridad-social-pero-a-partir-del-siguiente-curso\\\/#listItem\",\"name\":\"Los becarios cotizar\\u00e1n a la Seguridad Social, pero a partir del siguiente curso\"},\"previousItem\":{\"@type\":\"ListItem\",\"@id\":\"https:\\\/\\\/www.eldigitaldeasturias.com\\\/noticias#listItem\",\"name\":\"Home\"}},{\"@type\":\"ListItem\",\"@id\":\"https:\\\/\\\/www.eldigitaldeasturias.com\\\/noticias\\\/los-becarios-cotizaran-a-la-seguridad-social-pero-a-partir-del-siguiente-curso\\\/#listItem\",\"position\":3,\"name\":\"Los becarios cotizar\\u00e1n a la Seguridad Social, pero a partir del siguiente curso\",\"previousItem\":{\"@type\":\"ListItem\",\"@id\":\"https:\\\/\\\/www.eldigitaldeasturias.com\\\/noticias\\\/category\\\/economia\\\/#listItem\",\"name\":\"Econom\\u00eda\"}}]},{\"@type\":\"Organization\",\"@id\":\"https:\\\/\\\/www.eldigitaldeasturias.com\\\/noticias\\\/#organization\",\"name\":\"El Digital de Asturias\",\"description\":\"Hemeroteca\",\"url\":\"https:\\\/\\\/www.eldigitaldeasturias.com\\\/noticias\\\/\",\"email\":\"info@eldigitaldeasturias.com\",\"telephone\":\"+34652131393\",\"logo\":{\"@type\":\"ImageObject\",\"url\":\"https:\\\/\\\/www.eldigitaldeasturias.com\\\/noticias\\\/wp-content\\\/uploads\\\/2020\\\/12\\\/EDA.jpg\",\"@id\":\"https:\\\/\\\/www.eldigitaldeasturias.com\\\/noticias\\\/los-becarios-cotizaran-a-la-seguridad-social-pero-a-partir-del-siguiente-curso\\\/#organizationLogo\",\"width\":649,\"height\":297},\"image\":{\"@id\":\"https:\\\/\\\/www.eldigitaldeasturias.com\\\/noticias\\\/los-becarios-cotizaran-a-la-seguridad-social-pero-a-partir-del-siguiente-curso\\\/#organizationLogo\"},\"sameAs\":[\"https:\\\/\\\/facebook.com\\\/eldigitaldeasturias\",\"https:\\\/\\\/www.youtube.com\\\/channel\\\/UCZP-2wLEB9Rv6erhFmqVnvg\"],\"address\":{\"@id\":\"https:\\\/\\\/www.eldigitaldeasturias.com\\\/noticias\\\/#postaladdress\",\"@type\":\"PostalAddress\",\"streetAddress\":\"san antonio 4,\",\"postalCode\":\"33430\",\"addressLocality\":\"Cand\\u00e1s\",\"addressRegion\":\"Asturias\",\"addressCountry\":\"ES\"}},{\"@type\":\"Person\",\"@id\":\"https:\\\/\\\/www.eldigitaldeasturias.com\\\/noticias\\\/author\\\/admin\\\/#author\",\"url\":\"https:\\\/\\\/www.eldigitaldeasturias.com\\\/noticias\\\/author\\\/admin\\\/\",\"name\":\"El Digital de Asturias\",\"image\":{\"@type\":\"ImageObject\",\"@id\":\"https:\\\/\\\/www.eldigitaldeasturias.com\\\/noticias\\\/los-becarios-cotizaran-a-la-seguridad-social-pero-a-partir-del-siguiente-curso\\\/#authorImage\",\"url\":\"https:\\\/\\\/www.eldigitaldeasturias.com\\\/noticias\\\/wp-content\\\/litespeed\\\/avatar\\\/18677e78aa0546b92d9dbf31ec7d7668.jpg?ver=1777290358\",\"width\":96,\"height\":96,\"caption\":\"El Digital de Asturias\"}},{\"@type\":\"WebPage\",\"@id\":\"https:\\\/\\\/www.eldigitaldeasturias.com\\\/noticias\\\/los-becarios-cotizaran-a-la-seguridad-social-pero-a-partir-del-siguiente-curso\\\/#webpage\",\"url\":\"https:\\\/\\\/www.eldigitaldeasturias.com\\\/noticias\\\/los-becarios-cotizaran-a-la-seguridad-social-pero-a-partir-del-siguiente-curso\\\/\",\"name\":\"Los becarios cotizar\\u00e1n a la Seguridad Social, pero a partir del siguiente curso - El Digital de Asturias\",\"description\":\"El Gobierno aprob\\u00f3 la cotizaci\\u00f3n obligatoria a la Seguridad Social para los estudiantes en pr\\u00e1cticas, pero esta medida no entrar\\u00e9 en vigor hasta el curso 2019-2020. Esto da algo m\\u00e1s de margen a los responsables de dichas pr\\u00e1cticas y a las empresas, seg\\u00fan comentaba la Conferencia de Rectores despu\\u00e9s de su reuni\\u00f3n con el Ejecutivo.\",\"inLanguage\":\"es-ES\",\"isPartOf\":{\"@id\":\"https:\\\/\\\/www.eldigitaldeasturias.com\\\/noticias\\\/#website\"},\"breadcrumb\":{\"@id\":\"https:\\\/\\\/www.eldigitaldeasturias.com\\\/noticias\\\/los-becarios-cotizaran-a-la-seguridad-social-pero-a-partir-del-siguiente-curso\\\/#breadcrumblist\"},\"author\":{\"@id\":\"https:\\\/\\\/www.eldigitaldeasturias.com\\\/noticias\\\/author\\\/admin\\\/#author\"},\"creator\":{\"@id\":\"https:\\\/\\\/www.eldigitaldeasturias.com\\\/noticias\\\/author\\\/admin\\\/#author\"},\"image\":{\"@type\":\"ImageObject\",\"url\":\"https:\\\/\\\/www.eldigitaldeasturias.com\\\/noticias\\\/wp-content\\\/uploads\\\/2019\\\/01\\\/becarios.jpg\",\"@id\":\"https:\\\/\\\/www.eldigitaldeasturias.com\\\/noticias\\\/los-becarios-cotizaran-a-la-seguridad-social-pero-a-partir-del-siguiente-curso\\\/#mainImage\",\"width\":703,\"height\":462},\"primaryImageOfPage\":{\"@id\":\"https:\\\/\\\/www.eldigitaldeasturias.com\\\/noticias\\\/los-becarios-cotizaran-a-la-seguridad-social-pero-a-partir-del-siguiente-curso\\\/#mainImage\"},\"datePublished\":\"2019-01-28T13:06:19+01:00\",\"dateModified\":\"2019-01-28T13:06:19+01:00\"},{\"@type\":\"WebSite\",\"@id\":\"https:\\\/\\\/www.eldigitaldeasturias.com\\\/noticias\\\/#website\",\"url\":\"https:\\\/\\\/www.eldigitaldeasturias.com\\\/noticias\\\/\",\"name\":\"El Digital de Asturias - Diario de actualidad y noticias\",\"alternateName\":\"El Digital de Asturias - Diario de actualidad y noticias\",\"description\":\"Hemeroteca\",\"inLanguage\":\"es-ES\",\"publisher\":{\"@id\":\"https:\\\/\\\/www.eldigitaldeasturias.com\\\/noticias\\\/#organization\"}}]}\n\t\t<\/script>\n\t\t<!-- All in One SEO Pro -->\r\n\t\t<title>Los becarios cotizar\u00e1n a la Seguridad Social, pero a partir del siguiente curso - El Digital de Asturias<\/title>\n\n","aioseo_head_json":{"title":"Los becarios cotizar\u00e1n a la Seguridad Social, pero a partir del siguiente curso - El Digital de Asturias","description":"El Gobierno aprob\u00f3 la cotizaci\u00f3n obligatoria a la Seguridad Social para los estudiantes en pr\u00e1cticas, pero esta medida no entrar\u00e9 en vigor hasta el curso 2019-2020. Esto da algo m\u00e1s de margen a los responsables de dichas pr\u00e1cticas y a las empresas, seg\u00fan comentaba la Conferencia de Rectores despu\u00e9s de su reuni\u00f3n con el Ejecutivo.","canonical_url":"https:\/\/www.eldigitaldeasturias.com\/noticias\/los-becarios-cotizaran-a-la-seguridad-social-pero-a-partir-del-siguiente-curso\/","robots":"max-image-preview:large","keywords":"econom\u00eda","webmasterTools":{"google-site-verification":"UA-38556648-1","msvalidate.01":"7dfe9f3f1b24437ab69f4f2559babe99","miscellaneous":""},"schema":{"@context":"https:\/\/schema.org","@graph":[{"@type":"BlogPosting","@id":"https:\/\/www.eldigitaldeasturias.com\/noticias\/los-becarios-cotizaran-a-la-seguridad-social-pero-a-partir-del-siguiente-curso\/#blogposting","name":"Los becarios cotizar\u00e1n a la Seguridad Social, pero a partir del siguiente curso - El Digital de Asturias","headline":"Los becarios cotizar\u00e1n a la Seguridad Social, pero a partir del siguiente curso","author":{"@id":"https:\/\/www.eldigitaldeasturias.com\/noticias\/author\/admin\/#author"},"publisher":{"@id":"https:\/\/www.eldigitaldeasturias.com\/noticias\/#organization"},"image":{"@type":"ImageObject","url":"https:\/\/www.eldigitaldeasturias.com\/noticias\/wp-content\/uploads\/2019\/01\/becarios.jpg","width":703,"height":462},"datePublished":"2019-01-28T13:06:19+01:00","dateModified":"2019-01-28T13:06:19+01:00","inLanguage":"es-ES","mainEntityOfPage":{"@id":"https:\/\/www.eldigitaldeasturias.com\/noticias\/los-becarios-cotizaran-a-la-seguridad-social-pero-a-partir-del-siguiente-curso\/#webpage"},"isPartOf":{"@id":"https:\/\/www.eldigitaldeasturias.com\/noticias\/los-becarios-cotizaran-a-la-seguridad-social-pero-a-partir-del-siguiente-curso\/#webpage"},"articleSection":"Econom\u00eda"},{"@type":"BreadcrumbList","@id":"https:\/\/www.eldigitaldeasturias.com\/noticias\/los-becarios-cotizaran-a-la-seguridad-social-pero-a-partir-del-siguiente-curso\/#breadcrumblist","itemListElement":[{"@type":"ListItem","@id":"https:\/\/www.eldigitaldeasturias.com\/noticias#listItem","position":1,"name":"Home","item":"https:\/\/www.eldigitaldeasturias.com\/noticias","nextItem":{"@type":"ListItem","@id":"https:\/\/www.eldigitaldeasturias.com\/noticias\/category\/economia\/#listItem","name":"Econom\u00eda"}},{"@type":"ListItem","@id":"https:\/\/www.eldigitaldeasturias.com\/noticias\/category\/economia\/#listItem","position":2,"name":"Econom\u00eda","item":"https:\/\/www.eldigitaldeasturias.com\/noticias\/category\/economia\/","nextItem":{"@type":"ListItem","@id":"https:\/\/www.eldigitaldeasturias.com\/noticias\/los-becarios-cotizaran-a-la-seguridad-social-pero-a-partir-del-siguiente-curso\/#listItem","name":"Los becarios cotizar\u00e1n a la Seguridad Social, pero a partir del siguiente curso"},"previousItem":{"@type":"ListItem","@id":"https:\/\/www.eldigitaldeasturias.com\/noticias#listItem","name":"Home"}},{"@type":"ListItem","@id":"https:\/\/www.eldigitaldeasturias.com\/noticias\/los-becarios-cotizaran-a-la-seguridad-social-pero-a-partir-del-siguiente-curso\/#listItem","position":3,"name":"Los becarios cotizar\u00e1n a la Seguridad Social, pero a partir del siguiente curso","previousItem":{"@type":"ListItem","@id":"https:\/\/www.eldigitaldeasturias.com\/noticias\/category\/economia\/#listItem","name":"Econom\u00eda"}}]},{"@type":"Organization","@id":"https:\/\/www.eldigitaldeasturias.com\/noticias\/#organization","name":"El Digital de Asturias","description":"Hemeroteca","url":"https:\/\/www.eldigitaldeasturias.com\/noticias\/","email":"info@eldigitaldeasturias.com","telephone":"+34652131393","logo":{"@type":"ImageObject","url":"https:\/\/www.eldigitaldeasturias.com\/noticias\/wp-content\/uploads\/2020\/12\/EDA.jpg","@id":"https:\/\/www.eldigitaldeasturias.com\/noticias\/los-becarios-cotizaran-a-la-seguridad-social-pero-a-partir-del-siguiente-curso\/#organizationLogo","width":649,"height":297},"image":{"@id":"https:\/\/www.eldigitaldeasturias.com\/noticias\/los-becarios-cotizaran-a-la-seguridad-social-pero-a-partir-del-siguiente-curso\/#organizationLogo"},"sameAs":["https:\/\/facebook.com\/eldigitaldeasturias","https:\/\/www.youtube.com\/channel\/UCZP-2wLEB9Rv6erhFmqVnvg"],"address":{"@id":"https:\/\/www.eldigitaldeasturias.com\/noticias\/#postaladdress","@type":"PostalAddress","streetAddress":"san antonio 4,","postalCode":"33430","addressLocality":"Cand\u00e1s","addressRegion":"Asturias","addressCountry":"ES"}},{"@type":"Person","@id":"https:\/\/www.eldigitaldeasturias.com\/noticias\/author\/admin\/#author","url":"https:\/\/www.eldigitaldeasturias.com\/noticias\/author\/admin\/","name":"El Digital de Asturias","image":{"@type":"ImageObject","@id":"https:\/\/www.eldigitaldeasturias.com\/noticias\/los-becarios-cotizaran-a-la-seguridad-social-pero-a-partir-del-siguiente-curso\/#authorImage","url":"https:\/\/www.eldigitaldeasturias.com\/noticias\/wp-content\/litespeed\/avatar\/18677e78aa0546b92d9dbf31ec7d7668.jpg?ver=1777290358","width":96,"height":96,"caption":"El Digital de Asturias"}},{"@type":"WebPage","@id":"https:\/\/www.eldigitaldeasturias.com\/noticias\/los-becarios-cotizaran-a-la-seguridad-social-pero-a-partir-del-siguiente-curso\/#webpage","url":"https:\/\/www.eldigitaldeasturias.com\/noticias\/los-becarios-cotizaran-a-la-seguridad-social-pero-a-partir-del-siguiente-curso\/","name":"Los becarios cotizar\u00e1n a la Seguridad Social, pero a partir del siguiente curso - El Digital de Asturias","description":"El Gobierno aprob\u00f3 la cotizaci\u00f3n obligatoria a la Seguridad Social para los estudiantes en pr\u00e1cticas, pero esta medida no entrar\u00e9 en vigor hasta el curso 2019-2020. Esto da algo m\u00e1s de margen a los responsables de dichas pr\u00e1cticas y a las empresas, seg\u00fan comentaba la Conferencia de Rectores despu\u00e9s de su reuni\u00f3n con el Ejecutivo.","inLanguage":"es-ES","isPartOf":{"@id":"https:\/\/www.eldigitaldeasturias.com\/noticias\/#website"},"breadcrumb":{"@id":"https:\/\/www.eldigitaldeasturias.com\/noticias\/los-becarios-cotizaran-a-la-seguridad-social-pero-a-partir-del-siguiente-curso\/#breadcrumblist"},"author":{"@id":"https:\/\/www.eldigitaldeasturias.com\/noticias\/author\/admin\/#author"},"creator":{"@id":"https:\/\/www.eldigitaldeasturias.com\/noticias\/author\/admin\/#author"},"image":{"@type":"ImageObject","url":"https:\/\/www.eldigitaldeasturias.com\/noticias\/wp-content\/uploads\/2019\/01\/becarios.jpg","@id":"https:\/\/www.eldigitaldeasturias.com\/noticias\/los-becarios-cotizaran-a-la-seguridad-social-pero-a-partir-del-siguiente-curso\/#mainImage","width":703,"height":462},"primaryImageOfPage":{"@id":"https:\/\/www.eldigitaldeasturias.com\/noticias\/los-becarios-cotizaran-a-la-seguridad-social-pero-a-partir-del-siguiente-curso\/#mainImage"},"datePublished":"2019-01-28T13:06:19+01:00","dateModified":"2019-01-28T13:06:19+01:00"},{"@type":"WebSite","@id":"https:\/\/www.eldigitaldeasturias.com\/noticias\/#website","url":"https:\/\/www.eldigitaldeasturias.com\/noticias\/","name":"El Digital de Asturias - Diario de actualidad y noticias","alternateName":"El Digital de Asturias - Diario de actualidad y noticias","description":"Hemeroteca","inLanguage":"es-ES","publisher":{"@id":"https:\/\/www.eldigitaldeasturias.com\/noticias\/#organization"}}]},"og:locale":"es_ES","og:site_name":"El Digital de Asturias","og:type":"article","og:title":"Los becarios cotizar\u00e1n a la Seguridad Social, pero a partir del siguiente curso - El Digital de Asturias","og:description":"El Gobierno aprob\u00f3 la cotizaci\u00f3n obligatoria a la Seguridad Social para los estudiantes en pr\u00e1cticas, pero esta medida no entrar\u00e9 en vigor hasta el curso 2019-2020. Esto da algo m\u00e1s de margen a los responsables de dichas pr\u00e1cticas y a las empresas, seg\u00fan comentaba la Conferencia de Rectores despu\u00e9s de su reuni\u00f3n con el Ejecutivo.","og:url":"https:\/\/www.eldigitaldeasturias.com\/noticias\/los-becarios-cotizaran-a-la-seguridad-social-pero-a-partir-del-siguiente-curso\/","og:image":"https:\/\/www.eldigitaldeasturias.com\/noticias\/wp-content\/uploads\/2019\/01\/becarios.jpg","og:image:secure_url":"https:\/\/www.eldigitaldeasturias.com\/noticias\/wp-content\/uploads\/2019\/01\/becarios.jpg","og:image:width":703,"og:image:height":462,"article:tag":["econom\u00eda"],"article:published_time":"2019-01-28T13:06:19+00:00","article:modified_time":"2019-01-28T13:06:19+00:00","article:publisher":"https:\/\/facebook.com\/eldigitaldeasturias","twitter:card":"summary_large_image","twitter:title":"Los becarios cotizar\u00e1n a la Seguridad Social, pero a partir del siguiente curso - El Digital de Asturias","twitter:description":"El Gobierno aprob\u00f3 la cotizaci\u00f3n obligatoria a la Seguridad Social para los estudiantes en pr\u00e1cticas, pero esta medida no entrar\u00e9 en vigor hasta el curso 2019-2020. Esto da algo m\u00e1s de margen a los responsables de dichas pr\u00e1cticas y a las empresas, seg\u00fan comentaba la Conferencia de Rectores despu\u00e9s de su reuni\u00f3n con el Ejecutivo.","twitter:image":"https:\/\/www.eldigitaldeasturias.com\/noticias\/wp-content\/uploads\/2019\/01\/becarios.jpg","twitter:label1":"Escrito por","twitter:data1":"El Digital de Asturias","twitter:label2":"Tiempo de lectura estimado","twitter:data2":"3 minutos"},"aioseo_meta_data":{"post_id":"1015171","title":null,"description":null,"keywords":null,"keyphrases":null,"primary_term":null,"canonical_url":null,"og_title":null,"og_description":null,"og_object_type":"default","og_image_type":"default","og_image_url":null,"og_image_width":null,"og_image_height":null,"og_image_custom_url":null,"og_image_custom_fields":null,"og_video":null,"og_custom_url":null,"og_article_section":null,"og_article_tags":null,"twitter_use_og":false,"twitter_card":"default","twitter_image_type":"default","twitter_image_url":null,"twitter_image_custom_url":null,"twitter_image_custom_fields":null,"twitter_title":null,"twitter_description":null,"schema":{"blockGraphs":[],"customGraphs":[],"default":{"data":{"Article":[],"Course":[],"Dataset":[],"FAQPage":[],"Movie":[],"Person":[],"Product":[],"ProductReview":[],"Car":[],"Recipe":[],"Service":[],"SoftwareApplication":[],"WebPage":[]},"graphName":"","isEnabled":true},"graphs":[],"defaultGraph":"","defaultPostTypeGraph":""},"schema_type":null,"schema_type_options":null,"pillar_content":false,"robots_default":true,"robots_noindex":false,"robots_noarchive":false,"robots_nosnippet":false,"robots_nofollow":false,"robots_noimageindex":false,"robots_noodp":false,"robots_notranslate":false,"robots_max_snippet":null,"robots_max_videopreview":null,"robots_max_imagepreview":"large","priority":null,"frequency":null,"local_seo":null,"seo_analyzer_scan_date":"2025-10-15 19:59:44","breadcrumb_settings":null,"limit_modified_date":false,"open_ai":null,"ai":null,"created":"2020-12-21 11:21:36","updated":"2025-10-15 19:59:44"},"aioseo_breadcrumb":"<div class=\"aioseo-breadcrumbs\"><span class=\"aioseo-breadcrumb\">\n\t<a href=\"https:\/\/www.eldigitaldeasturias.com\/noticias\" title=\"Home\">Home<\/a>\n<\/span><span class=\"aioseo-breadcrumb-separator\">\u2013<\/span><span class=\"aioseo-breadcrumb\">\n\t<a href=\"https:\/\/www.eldigitaldeasturias.com\/noticias\/category\/economia\/\" title=\"Econom\u00eda\">Econom\u00eda<\/a>\n<\/span><span class=\"aioseo-breadcrumb-separator\">\u2013<\/span><span class=\"aioseo-breadcrumb\">\n\t<a href=\"https:\/\/www.eldigitaldeasturias.com\/noticias\/los-becarios-cotizaran-a-la-seguridad-social-pero-a-partir-del-siguiente-curso\/\" title=\"Los becarios cotizar\u00e1n a la Seguridad Social, pero a partir del siguiente curso\">Los becarios cotizar\u00e1n a la Seguridad Social, pero a partir del siguiente curso<\/a>\n<\/span><\/div>","aioseo_breadcrumb_json":[{"label":"Home","link":"https:\/\/www.eldigitaldeasturias.com\/noticias"},{"label":"Econom\u00eda","link":"https:\/\/www.eldigitaldeasturias.com\/noticias\/category\/economia\/"},{"label":"Los becarios cotizar\u00e1n a la Seguridad Social, pero a partir del siguiente curso","link":"https:\/\/www.eldigitaldeasturias.com\/noticias\/los-becarios-cotizaran-a-la-seguridad-social-pero-a-partir-del-siguiente-curso\/"}],"_links":{"self":[{"href":"https:\/\/www.eldigitaldeasturias.com\/noticias\/wp-json\/wp\/v2\/posts\/1015171","targetHints":{"allow":["GET"]}}],"collection":[{"href":"https:\/\/www.eldigitaldeasturias.com\/noticias\/wp-json\/wp\/v2\/posts"}],"about":[{"href":"https:\/\/www.eldigitaldeasturias.com\/noticias\/wp-json\/wp\/v2\/types\/post"}],"author":[{"embeddable":true,"href":"https:\/\/www.eldigitaldeasturias.com\/noticias\/wp-json\/wp\/v2\/users\/1"}],"replies":[{"embeddable":true,"href":"https:\/\/www.eldigitaldeasturias.com\/noticias\/wp-json\/wp\/v2\/comments?post=1015171"}],"version-history":[{"count":0,"href":"https:\/\/www.eldigitaldeasturias.com\/noticias\/wp-json\/wp\/v2\/posts\/1015171\/revisions"}],"wp:featuredmedia":[{"embeddable":true,"href":"https:\/\/www.eldigitaldeasturias.com\/noticias\/wp-json\/wp\/v2\/media\/1015172"}],"wp:attachment":[{"href":"https:\/\/www.eldigitaldeasturias.com\/noticias\/wp-json\/wp\/v2\/media?parent=1015171"}],"wp:term":[{"taxonomy":"category","embeddable":true,"href":"https:\/\/www.eldigitaldeasturias.com\/noticias\/wp-json\/wp\/v2\/categories?post=1015171"},{"taxonomy":"post_tag","embeddable":true,"href":"https:\/\/www.eldigitaldeasturias.com\/noticias\/wp-json\/wp\/v2\/tags?post=1015171"}],"curies":[{"name":"wp","href":"https:\/\/api.w.org\/{rel}","templated":true}]}}