{"id":1015144,"date":"2019-01-27T22:17:45","date_gmt":"2019-01-27T22:17:45","guid":{"rendered":"https:\/\/www.eldigitaldeasturias.com\/noticias\/?p=1015144"},"modified":"2019-01-27T22:17:45","modified_gmt":"2019-01-27T22:17:45","slug":"aumenta-el-desempleo-en-alemania-por-el-frio","status":"publish","type":"post","link":"https:\/\/www.eldigitaldeasturias.com\/noticias\/aumenta-el-desempleo-en-alemania-por-el-frio\/","title":{"rendered":"Aumenta el desempleo en Alemania por el fr\u00edo"},"content":{"rendered":"<p><img loading=\"lazy\" decoding=\"async\" class=\"alignleft size-medium wp-image-997733\" src=\"https:\/\/www.eldigitaldeasturias.com\/noticias\/wp-content\/uploads\/2018\/09\/adult-1867665_960_720-1-360x213.jpg\" alt=\"\" width=\"360\" height=\"213\" srcset=\"https:\/\/www.eldigitaldeasturias.com\/noticias\/wp-content\/uploads\/2018\/09\/adult-1867665_960_720-1-360x213.jpg 360w, https:\/\/www.eldigitaldeasturias.com\/noticias\/wp-content\/uploads\/2018\/09\/adult-1867665_960_720-1-480x284.jpg 480w, https:\/\/www.eldigitaldeasturias.com\/noticias\/wp-content\/uploads\/2018\/09\/adult-1867665_960_720-1-768x454.jpg 768w, https:\/\/www.eldigitaldeasturias.com\/noticias\/wp-content\/uploads\/2018\/09\/adult-1867665_960_720-1-690x408.jpg 690w, https:\/\/www.eldigitaldeasturias.com\/noticias\/wp-content\/uploads\/2018\/09\/adult-1867665_960_720-1-20x12.jpg 20w, https:\/\/www.eldigitaldeasturias.com\/noticias\/wp-content\/uploads\/2018\/09\/adult-1867665_960_720-1.jpg 960w\" sizes=\"auto, (max-width: 360px) 100vw, 360px\" \/>N\u00faremberg, 27 ene (dpa) &#8211; El n\u00famero de personas en paro en Alemania podr\u00eda aumentar considerablemente en enero debido a la estaci\u00f3n invernal (boreal), estimaron economistas de grandes bancos germanos en <strong>un sondeo de la agencia dpa<\/strong>.<\/p>\n<p>No obstante, los expertos consideran que el mercado laboral alem\u00e1n se encuentra b\u00e1sicamente en buen estado gracias a la robusta econom\u00eda del pa\u00eds.<\/p>\n<p>De acuerdo con los c\u00e1lculos de los economistas, unas 2,391 millones de personas estuvieron sin trabajo en enero, cerca de 181.000 m\u00e1s que en diciembre de 2018 pero alrededor de 179.000 menos que un a\u00f1o antes.<\/p>\n<p>Las labores de profesiones que se desarrollan al aire libre, como por ejemplo en la construcci\u00f3n, la jardiner\u00eda o la agricultura, se ven afectadas a menudo por las bajas temperaturas, se\u00f1alaron los expertos. Por eso, algunas empresas se desprenden de parte de su plantilla durante los meses de invierno.<\/p>\n<p>Las cifras oficiales de desempleo ser\u00e1n dadas a conocer el 31 de enero por la Agencia Federal de Trabajo.<\/p>\n<p>&nbsp;<\/p>\n","protected":false},"excerpt":{"rendered":"<p>N\u00faremberg, 27 ene (dpa) &#8211; El n\u00famero de personas en paro en Alemania podr\u00eda aumentar considerablemente en enero debido a la estaci\u00f3n invernal (boreal), estimaron economistas de grandes bancos germanos en un sondeo de la agencia dpa. No obstante, los expertos consideran que el mercado laboral alem\u00e1n se encuentra b\u00e1sicamente en buen estado gracias a [&hellip;]<\/p>\n","protected":false},"author":1,"featured_media":997733,"comment_status":"closed","ping_status":"closed","sticky":false,"template":"","format":"standard","meta":{"footnotes":""},"categories":[187],"tags":[],"class_list":["post-1015144","post","type-post","status-publish","format-standard","has-post-thumbnail","hentry","category-economia"],"aioseo_notices":[],"aioseo_head":"\n\t\t<!-- All in One SEO Pro 4.9.6.2 - aioseo.com -->\n\t<meta name=\"description\" content=\"N\u00faremberg, 27 ene (dpa) - El n\u00famero de personas en paro en Alemania podr\u00eda aumentar considerablemente en enero debido a la estaci\u00f3n invernal (boreal), estimaron economistas de grandes bancos germanos en un sondeo de la agencia dpa. No obstante, los expertos consideran que el mercado laboral alem\u00e1n se encuentra b\u00e1sicamente en buen estado gracias a\" \/>\n\t<meta name=\"robots\" content=\"max-image-preview:large\" \/>\n\t<meta name=\"author\" content=\"El Digital de Asturias\"\/>\n\t<meta name=\"google-site-verification\" content=\"UA-38556648-1\" \/>\n\t<meta name=\"msvalidate.01\" content=\"7dfe9f3f1b24437ab69f4f2559babe99\" \/>\n\t<meta name=\"keywords\" content=\"econom\u00eda\" \/>\n\t<link rel=\"canonical\" href=\"https:\/\/www.eldigitaldeasturias.com\/noticias\/aumenta-el-desempleo-en-alemania-por-el-frio\/\" \/>\n\t<meta name=\"generator\" content=\"All in One SEO Pro (AIOSEO) 4.9.6.2\" \/>\n\t\t<meta property=\"og:locale\" content=\"es_ES\" \/>\n\t\t<meta property=\"og:site_name\" content=\"El Digital de Asturias\" \/>\n\t\t<meta property=\"og:type\" content=\"article\" \/>\n\t\t<meta property=\"og:title\" content=\"Aumenta el desempleo en Alemania por el fr\u00edo - El Digital de Asturias\" \/>\n\t\t<meta property=\"og:description\" content=\"N\u00faremberg, 27 ene (dpa) - El n\u00famero de personas en paro en Alemania podr\u00eda aumentar considerablemente en enero debido a la estaci\u00f3n invernal (boreal), estimaron economistas de grandes bancos germanos en un sondeo de la agencia dpa. No obstante, los expertos consideran que el mercado laboral alem\u00e1n se encuentra b\u00e1sicamente en buen estado gracias a\" \/>\n\t\t<meta property=\"og:url\" content=\"https:\/\/www.eldigitaldeasturias.com\/noticias\/aumenta-el-desempleo-en-alemania-por-el-frio\/\" \/>\n\t\t<meta property=\"og:image\" content=\"https:\/\/www.eldigitaldeasturias.com\/noticias\/wp-content\/uploads\/2018\/09\/adult-1867665_960_720-1.jpg\" \/>\n\t\t<meta property=\"og:image:secure_url\" content=\"https:\/\/www.eldigitaldeasturias.com\/noticias\/wp-content\/uploads\/2018\/09\/adult-1867665_960_720-1.jpg\" \/>\n\t\t<meta property=\"og:image:width\" content=\"960\" \/>\n\t\t<meta property=\"og:image:height\" content=\"568\" \/>\n\t\t<meta property=\"article:tag\" content=\"econom\u00eda\" \/>\n\t\t<meta property=\"article:published_time\" content=\"2019-01-27T22:17:45+00:00\" \/>\n\t\t<meta property=\"article:modified_time\" content=\"2019-01-27T22:17:45+00:00\" \/>\n\t\t<meta property=\"article:publisher\" content=\"https:\/\/facebook.com\/eldigitaldeasturias\" \/>\n\t\t<meta name=\"twitter:card\" content=\"summary_large_image\" \/>\n\t\t<meta name=\"twitter:title\" content=\"Aumenta el desempleo en Alemania por el fr\u00edo - El Digital de Asturias\" \/>\n\t\t<meta name=\"twitter:description\" content=\"N\u00faremberg, 27 ene (dpa) - El n\u00famero de personas en paro en Alemania podr\u00eda aumentar considerablemente en enero debido a la estaci\u00f3n invernal (boreal), estimaron economistas de grandes bancos germanos en un sondeo de la agencia dpa. No obstante, los expertos consideran que el mercado laboral alem\u00e1n se encuentra b\u00e1sicamente en buen estado gracias a\" \/>\n\t\t<meta name=\"twitter:image\" content=\"https:\/\/www.eldigitaldeasturias.com\/noticias\/wp-content\/uploads\/2018\/09\/adult-1867665_960_720-1.jpg\" \/>\n\t\t<meta name=\"twitter:label1\" content=\"Escrito por\" \/>\n\t\t<meta name=\"twitter:data1\" content=\"El Digital de Asturias\" \/>\n\t\t<meta name=\"twitter:label2\" content=\"Tiempo de lectura estimado\" \/>\n\t\t<meta name=\"twitter:data2\" content=\"1 minuto\" \/>\n\t\t<script type=\"application\/ld+json\" class=\"aioseo-schema\">\n\t\t\t{\"@context\":\"https:\\\/\\\/schema.org\",\"@graph\":[{\"@type\":\"BlogPosting\",\"@id\":\"https:\\\/\\\/www.eldigitaldeasturias.com\\\/noticias\\\/aumenta-el-desempleo-en-alemania-por-el-frio\\\/#blogposting\",\"name\":\"Aumenta el desempleo en Alemania por el fr\\u00edo - El Digital de Asturias\",\"headline\":\"Aumenta el desempleo en Alemania por el fr\\u00edo\",\"author\":{\"@id\":\"https:\\\/\\\/www.eldigitaldeasturias.com\\\/noticias\\\/author\\\/admin\\\/#author\"},\"publisher\":{\"@id\":\"https:\\\/\\\/www.eldigitaldeasturias.com\\\/noticias\\\/#organization\"},\"image\":{\"@type\":\"ImageObject\",\"url\":\"https:\\\/\\\/www.eldigitaldeasturias.com\\\/noticias\\\/wp-content\\\/uploads\\\/2018\\\/09\\\/adult-1867665_960_720-1.jpg\",\"width\":960,\"height\":568},\"datePublished\":\"2019-01-27T22:17:45+01:00\",\"dateModified\":\"2019-01-27T22:17:45+01:00\",\"inLanguage\":\"es-ES\",\"mainEntityOfPage\":{\"@id\":\"https:\\\/\\\/www.eldigitaldeasturias.com\\\/noticias\\\/aumenta-el-desempleo-en-alemania-por-el-frio\\\/#webpage\"},\"isPartOf\":{\"@id\":\"https:\\\/\\\/www.eldigitaldeasturias.com\\\/noticias\\\/aumenta-el-desempleo-en-alemania-por-el-frio\\\/#webpage\"},\"articleSection\":\"Econom\\u00eda\"},{\"@type\":\"BreadcrumbList\",\"@id\":\"https:\\\/\\\/www.eldigitaldeasturias.com\\\/noticias\\\/aumenta-el-desempleo-en-alemania-por-el-frio\\\/#breadcrumblist\",\"itemListElement\":[{\"@type\":\"ListItem\",\"@id\":\"https:\\\/\\\/www.eldigitaldeasturias.com\\\/noticias#listItem\",\"position\":1,\"name\":\"Home\",\"item\":\"https:\\\/\\\/www.eldigitaldeasturias.com\\\/noticias\",\"nextItem\":{\"@type\":\"ListItem\",\"@id\":\"https:\\\/\\\/www.eldigitaldeasturias.com\\\/noticias\\\/category\\\/economia\\\/#listItem\",\"name\":\"Econom\\u00eda\"}},{\"@type\":\"ListItem\",\"@id\":\"https:\\\/\\\/www.eldigitaldeasturias.com\\\/noticias\\\/category\\\/economia\\\/#listItem\",\"position\":2,\"name\":\"Econom\\u00eda\",\"item\":\"https:\\\/\\\/www.eldigitaldeasturias.com\\\/noticias\\\/category\\\/economia\\\/\",\"nextItem\":{\"@type\":\"ListItem\",\"@id\":\"https:\\\/\\\/www.eldigitaldeasturias.com\\\/noticias\\\/aumenta-el-desempleo-en-alemania-por-el-frio\\\/#listItem\",\"name\":\"Aumenta el desempleo en Alemania por el fr\\u00edo\"},\"previousItem\":{\"@type\":\"ListItem\",\"@id\":\"https:\\\/\\\/www.eldigitaldeasturias.com\\\/noticias#listItem\",\"name\":\"Home\"}},{\"@type\":\"ListItem\",\"@id\":\"https:\\\/\\\/www.eldigitaldeasturias.com\\\/noticias\\\/aumenta-el-desempleo-en-alemania-por-el-frio\\\/#listItem\",\"position\":3,\"name\":\"Aumenta el desempleo en Alemania por el fr\\u00edo\",\"previousItem\":{\"@type\":\"ListItem\",\"@id\":\"https:\\\/\\\/www.eldigitaldeasturias.com\\\/noticias\\\/category\\\/economia\\\/#listItem\",\"name\":\"Econom\\u00eda\"}}]},{\"@type\":\"Organization\",\"@id\":\"https:\\\/\\\/www.eldigitaldeasturias.com\\\/noticias\\\/#organization\",\"name\":\"El Digital de Asturias\",\"description\":\"Hemeroteca\",\"url\":\"https:\\\/\\\/www.eldigitaldeasturias.com\\\/noticias\\\/\",\"email\":\"info@eldigitaldeasturias.com\",\"telephone\":\"+34652131393\",\"logo\":{\"@type\":\"ImageObject\",\"url\":\"https:\\\/\\\/www.eldigitaldeasturias.com\\\/noticias\\\/wp-content\\\/uploads\\\/2020\\\/12\\\/EDA.jpg\",\"@id\":\"https:\\\/\\\/www.eldigitaldeasturias.com\\\/noticias\\\/aumenta-el-desempleo-en-alemania-por-el-frio\\\/#organizationLogo\",\"width\":649,\"height\":297},\"image\":{\"@id\":\"https:\\\/\\\/www.eldigitaldeasturias.com\\\/noticias\\\/aumenta-el-desempleo-en-alemania-por-el-frio\\\/#organizationLogo\"},\"sameAs\":[\"https:\\\/\\\/facebook.com\\\/eldigitaldeasturias\",\"https:\\\/\\\/www.youtube.com\\\/channel\\\/UCZP-2wLEB9Rv6erhFmqVnvg\"],\"address\":{\"@id\":\"https:\\\/\\\/www.eldigitaldeasturias.com\\\/noticias\\\/#postaladdress\",\"@type\":\"PostalAddress\",\"streetAddress\":\"san antonio 4,\",\"postalCode\":\"33430\",\"addressLocality\":\"Cand\\u00e1s\",\"addressRegion\":\"Asturias\",\"addressCountry\":\"ES\"}},{\"@type\":\"Person\",\"@id\":\"https:\\\/\\\/www.eldigitaldeasturias.com\\\/noticias\\\/author\\\/admin\\\/#author\",\"url\":\"https:\\\/\\\/www.eldigitaldeasturias.com\\\/noticias\\\/author\\\/admin\\\/\",\"name\":\"El Digital de Asturias\",\"image\":{\"@type\":\"ImageObject\",\"@id\":\"https:\\\/\\\/www.eldigitaldeasturias.com\\\/noticias\\\/aumenta-el-desempleo-en-alemania-por-el-frio\\\/#authorImage\",\"url\":\"https:\\\/\\\/www.eldigitaldeasturias.com\\\/noticias\\\/wp-content\\\/litespeed\\\/avatar\\\/18677e78aa0546b92d9dbf31ec7d7668.jpg?ver=1777290358\",\"width\":96,\"height\":96,\"caption\":\"El Digital de Asturias\"}},{\"@type\":\"WebPage\",\"@id\":\"https:\\\/\\\/www.eldigitaldeasturias.com\\\/noticias\\\/aumenta-el-desempleo-en-alemania-por-el-frio\\\/#webpage\",\"url\":\"https:\\\/\\\/www.eldigitaldeasturias.com\\\/noticias\\\/aumenta-el-desempleo-en-alemania-por-el-frio\\\/\",\"name\":\"Aumenta el desempleo en Alemania por el fr\\u00edo - El Digital de Asturias\",\"description\":\"N\\u00faremberg, 27 ene (dpa) - El n\\u00famero de personas en paro en Alemania podr\\u00eda aumentar considerablemente en enero debido a la estaci\\u00f3n invernal (boreal), estimaron economistas de grandes bancos germanos en un sondeo de la agencia dpa. No obstante, los expertos consideran que el mercado laboral alem\\u00e1n se encuentra b\\u00e1sicamente en buen estado gracias a\",\"inLanguage\":\"es-ES\",\"isPartOf\":{\"@id\":\"https:\\\/\\\/www.eldigitaldeasturias.com\\\/noticias\\\/#website\"},\"breadcrumb\":{\"@id\":\"https:\\\/\\\/www.eldigitaldeasturias.com\\\/noticias\\\/aumenta-el-desempleo-en-alemania-por-el-frio\\\/#breadcrumblist\"},\"author\":{\"@id\":\"https:\\\/\\\/www.eldigitaldeasturias.com\\\/noticias\\\/author\\\/admin\\\/#author\"},\"creator\":{\"@id\":\"https:\\\/\\\/www.eldigitaldeasturias.com\\\/noticias\\\/author\\\/admin\\\/#author\"},\"image\":{\"@type\":\"ImageObject\",\"url\":\"https:\\\/\\\/www.eldigitaldeasturias.com\\\/noticias\\\/wp-content\\\/uploads\\\/2018\\\/09\\\/adult-1867665_960_720-1.jpg\",\"@id\":\"https:\\\/\\\/www.eldigitaldeasturias.com\\\/noticias\\\/aumenta-el-desempleo-en-alemania-por-el-frio\\\/#mainImage\",\"width\":960,\"height\":568},\"primaryImageOfPage\":{\"@id\":\"https:\\\/\\\/www.eldigitaldeasturias.com\\\/noticias\\\/aumenta-el-desempleo-en-alemania-por-el-frio\\\/#mainImage\"},\"datePublished\":\"2019-01-27T22:17:45+01:00\",\"dateModified\":\"2019-01-27T22:17:45+01:00\"},{\"@type\":\"WebSite\",\"@id\":\"https:\\\/\\\/www.eldigitaldeasturias.com\\\/noticias\\\/#website\",\"url\":\"https:\\\/\\\/www.eldigitaldeasturias.com\\\/noticias\\\/\",\"name\":\"El Digital de Asturias - Diario de actualidad y noticias\",\"alternateName\":\"El Digital de Asturias - Diario de actualidad y noticias\",\"description\":\"Hemeroteca\",\"inLanguage\":\"es-ES\",\"publisher\":{\"@id\":\"https:\\\/\\\/www.eldigitaldeasturias.com\\\/noticias\\\/#organization\"}}]}\n\t\t<\/script>\n\t\t<!-- All in One SEO Pro -->\r\n\t\t<title>Aumenta el desempleo en Alemania por el fr\u00edo - El Digital de Asturias<\/title>\n\n","aioseo_head_json":{"title":"Aumenta el desempleo en Alemania por el fr\u00edo - El Digital de Asturias","description":"N\u00faremberg, 27 ene (dpa) - El n\u00famero de personas en paro en Alemania podr\u00eda aumentar considerablemente en enero debido a la estaci\u00f3n invernal (boreal), estimaron economistas de grandes bancos germanos en un sondeo de la agencia dpa. No obstante, los expertos consideran que el mercado laboral alem\u00e1n se encuentra b\u00e1sicamente en buen estado gracias a","canonical_url":"https:\/\/www.eldigitaldeasturias.com\/noticias\/aumenta-el-desempleo-en-alemania-por-el-frio\/","robots":"max-image-preview:large","keywords":"econom\u00eda","webmasterTools":{"google-site-verification":"UA-38556648-1","msvalidate.01":"7dfe9f3f1b24437ab69f4f2559babe99","miscellaneous":""},"schema":{"@context":"https:\/\/schema.org","@graph":[{"@type":"BlogPosting","@id":"https:\/\/www.eldigitaldeasturias.com\/noticias\/aumenta-el-desempleo-en-alemania-por-el-frio\/#blogposting","name":"Aumenta el desempleo en Alemania por el fr\u00edo - El Digital de Asturias","headline":"Aumenta el desempleo en Alemania por el fr\u00edo","author":{"@id":"https:\/\/www.eldigitaldeasturias.com\/noticias\/author\/admin\/#author"},"publisher":{"@id":"https:\/\/www.eldigitaldeasturias.com\/noticias\/#organization"},"image":{"@type":"ImageObject","url":"https:\/\/www.eldigitaldeasturias.com\/noticias\/wp-content\/uploads\/2018\/09\/adult-1867665_960_720-1.jpg","width":960,"height":568},"datePublished":"2019-01-27T22:17:45+01:00","dateModified":"2019-01-27T22:17:45+01:00","inLanguage":"es-ES","mainEntityOfPage":{"@id":"https:\/\/www.eldigitaldeasturias.com\/noticias\/aumenta-el-desempleo-en-alemania-por-el-frio\/#webpage"},"isPartOf":{"@id":"https:\/\/www.eldigitaldeasturias.com\/noticias\/aumenta-el-desempleo-en-alemania-por-el-frio\/#webpage"},"articleSection":"Econom\u00eda"},{"@type":"BreadcrumbList","@id":"https:\/\/www.eldigitaldeasturias.com\/noticias\/aumenta-el-desempleo-en-alemania-por-el-frio\/#breadcrumblist","itemListElement":[{"@type":"ListItem","@id":"https:\/\/www.eldigitaldeasturias.com\/noticias#listItem","position":1,"name":"Home","item":"https:\/\/www.eldigitaldeasturias.com\/noticias","nextItem":{"@type":"ListItem","@id":"https:\/\/www.eldigitaldeasturias.com\/noticias\/category\/economia\/#listItem","name":"Econom\u00eda"}},{"@type":"ListItem","@id":"https:\/\/www.eldigitaldeasturias.com\/noticias\/category\/economia\/#listItem","position":2,"name":"Econom\u00eda","item":"https:\/\/www.eldigitaldeasturias.com\/noticias\/category\/economia\/","nextItem":{"@type":"ListItem","@id":"https:\/\/www.eldigitaldeasturias.com\/noticias\/aumenta-el-desempleo-en-alemania-por-el-frio\/#listItem","name":"Aumenta el desempleo en Alemania por el fr\u00edo"},"previousItem":{"@type":"ListItem","@id":"https:\/\/www.eldigitaldeasturias.com\/noticias#listItem","name":"Home"}},{"@type":"ListItem","@id":"https:\/\/www.eldigitaldeasturias.com\/noticias\/aumenta-el-desempleo-en-alemania-por-el-frio\/#listItem","position":3,"name":"Aumenta el desempleo en Alemania por el fr\u00edo","previousItem":{"@type":"ListItem","@id":"https:\/\/www.eldigitaldeasturias.com\/noticias\/category\/economia\/#listItem","name":"Econom\u00eda"}}]},{"@type":"Organization","@id":"https:\/\/www.eldigitaldeasturias.com\/noticias\/#organization","name":"El Digital de Asturias","description":"Hemeroteca","url":"https:\/\/www.eldigitaldeasturias.com\/noticias\/","email":"info@eldigitaldeasturias.com","telephone":"+34652131393","logo":{"@type":"ImageObject","url":"https:\/\/www.eldigitaldeasturias.com\/noticias\/wp-content\/uploads\/2020\/12\/EDA.jpg","@id":"https:\/\/www.eldigitaldeasturias.com\/noticias\/aumenta-el-desempleo-en-alemania-por-el-frio\/#organizationLogo","width":649,"height":297},"image":{"@id":"https:\/\/www.eldigitaldeasturias.com\/noticias\/aumenta-el-desempleo-en-alemania-por-el-frio\/#organizationLogo"},"sameAs":["https:\/\/facebook.com\/eldigitaldeasturias","https:\/\/www.youtube.com\/channel\/UCZP-2wLEB9Rv6erhFmqVnvg"],"address":{"@id":"https:\/\/www.eldigitaldeasturias.com\/noticias\/#postaladdress","@type":"PostalAddress","streetAddress":"san antonio 4,","postalCode":"33430","addressLocality":"Cand\u00e1s","addressRegion":"Asturias","addressCountry":"ES"}},{"@type":"Person","@id":"https:\/\/www.eldigitaldeasturias.com\/noticias\/author\/admin\/#author","url":"https:\/\/www.eldigitaldeasturias.com\/noticias\/author\/admin\/","name":"El Digital de Asturias","image":{"@type":"ImageObject","@id":"https:\/\/www.eldigitaldeasturias.com\/noticias\/aumenta-el-desempleo-en-alemania-por-el-frio\/#authorImage","url":"https:\/\/www.eldigitaldeasturias.com\/noticias\/wp-content\/litespeed\/avatar\/18677e78aa0546b92d9dbf31ec7d7668.jpg?ver=1777290358","width":96,"height":96,"caption":"El Digital de Asturias"}},{"@type":"WebPage","@id":"https:\/\/www.eldigitaldeasturias.com\/noticias\/aumenta-el-desempleo-en-alemania-por-el-frio\/#webpage","url":"https:\/\/www.eldigitaldeasturias.com\/noticias\/aumenta-el-desempleo-en-alemania-por-el-frio\/","name":"Aumenta el desempleo en Alemania por el fr\u00edo - El Digital de Asturias","description":"N\u00faremberg, 27 ene (dpa) - El n\u00famero de personas en paro en Alemania podr\u00eda aumentar considerablemente en enero debido a la estaci\u00f3n invernal (boreal), estimaron economistas de grandes bancos germanos en un sondeo de la agencia dpa. No obstante, los expertos consideran que el mercado laboral alem\u00e1n se encuentra b\u00e1sicamente en buen estado gracias a","inLanguage":"es-ES","isPartOf":{"@id":"https:\/\/www.eldigitaldeasturias.com\/noticias\/#website"},"breadcrumb":{"@id":"https:\/\/www.eldigitaldeasturias.com\/noticias\/aumenta-el-desempleo-en-alemania-por-el-frio\/#breadcrumblist"},"author":{"@id":"https:\/\/www.eldigitaldeasturias.com\/noticias\/author\/admin\/#author"},"creator":{"@id":"https:\/\/www.eldigitaldeasturias.com\/noticias\/author\/admin\/#author"},"image":{"@type":"ImageObject","url":"https:\/\/www.eldigitaldeasturias.com\/noticias\/wp-content\/uploads\/2018\/09\/adult-1867665_960_720-1.jpg","@id":"https:\/\/www.eldigitaldeasturias.com\/noticias\/aumenta-el-desempleo-en-alemania-por-el-frio\/#mainImage","width":960,"height":568},"primaryImageOfPage":{"@id":"https:\/\/www.eldigitaldeasturias.com\/noticias\/aumenta-el-desempleo-en-alemania-por-el-frio\/#mainImage"},"datePublished":"2019-01-27T22:17:45+01:00","dateModified":"2019-01-27T22:17:45+01:00"},{"@type":"WebSite","@id":"https:\/\/www.eldigitaldeasturias.com\/noticias\/#website","url":"https:\/\/www.eldigitaldeasturias.com\/noticias\/","name":"El Digital de Asturias - Diario de actualidad y noticias","alternateName":"El Digital de Asturias - Diario de actualidad y noticias","description":"Hemeroteca","inLanguage":"es-ES","publisher":{"@id":"https:\/\/www.eldigitaldeasturias.com\/noticias\/#organization"}}]},"og:locale":"es_ES","og:site_name":"El Digital de Asturias","og:type":"article","og:title":"Aumenta el desempleo en Alemania por el fr\u00edo - El Digital de Asturias","og:description":"N\u00faremberg, 27 ene (dpa) - El n\u00famero de personas en paro en Alemania podr\u00eda aumentar considerablemente en enero debido a la estaci\u00f3n invernal (boreal), estimaron economistas de grandes bancos germanos en un sondeo de la agencia dpa. No obstante, los expertos consideran que el mercado laboral alem\u00e1n se encuentra b\u00e1sicamente en buen estado gracias a","og:url":"https:\/\/www.eldigitaldeasturias.com\/noticias\/aumenta-el-desempleo-en-alemania-por-el-frio\/","og:image":"https:\/\/www.eldigitaldeasturias.com\/noticias\/wp-content\/uploads\/2018\/09\/adult-1867665_960_720-1.jpg","og:image:secure_url":"https:\/\/www.eldigitaldeasturias.com\/noticias\/wp-content\/uploads\/2018\/09\/adult-1867665_960_720-1.jpg","og:image:width":960,"og:image:height":568,"article:tag":["econom\u00eda"],"article:published_time":"2019-01-27T22:17:45+00:00","article:modified_time":"2019-01-27T22:17:45+00:00","article:publisher":"https:\/\/facebook.com\/eldigitaldeasturias","twitter:card":"summary_large_image","twitter:title":"Aumenta el desempleo en Alemania por el fr\u00edo - El Digital de Asturias","twitter:description":"N\u00faremberg, 27 ene (dpa) - El n\u00famero de personas en paro en Alemania podr\u00eda aumentar considerablemente en enero debido a la estaci\u00f3n invernal (boreal), estimaron economistas de grandes bancos germanos en un sondeo de la agencia dpa. No obstante, los expertos consideran que el mercado laboral alem\u00e1n se encuentra b\u00e1sicamente en buen estado gracias a","twitter:image":"https:\/\/www.eldigitaldeasturias.com\/noticias\/wp-content\/uploads\/2018\/09\/adult-1867665_960_720-1.jpg","twitter:label1":"Escrito por","twitter:data1":"El Digital de Asturias","twitter:label2":"Tiempo de lectura estimado","twitter:data2":"1 minuto"},"aioseo_meta_data":{"post_id":"1015144","title":null,"description":null,"keywords":null,"keyphrases":null,"primary_term":null,"canonical_url":null,"og_title":null,"og_description":null,"og_object_type":"default","og_image_type":"default","og_image_url":null,"og_image_width":null,"og_image_height":null,"og_image_custom_url":null,"og_image_custom_fields":null,"og_video":null,"og_custom_url":null,"og_article_section":null,"og_article_tags":null,"twitter_use_og":false,"twitter_card":"default","twitter_image_type":"default","twitter_image_url":null,"twitter_image_custom_url":null,"twitter_image_custom_fields":null,"twitter_title":null,"twitter_description":null,"schema":{"blockGraphs":[],"customGraphs":[],"default":{"data":{"Article":[],"Course":[],"Dataset":[],"FAQPage":[],"Movie":[],"Person":[],"Product":[],"ProductReview":[],"Car":[],"Recipe":[],"Service":[],"SoftwareApplication":[],"WebPage":[]},"graphName":"","isEnabled":true},"graphs":[],"defaultGraph":"","defaultPostTypeGraph":""},"schema_type":null,"schema_type_options":null,"pillar_content":false,"robots_default":true,"robots_noindex":false,"robots_noarchive":false,"robots_nosnippet":false,"robots_nofollow":false,"robots_noimageindex":false,"robots_noodp":false,"robots_notranslate":false,"robots_max_snippet":null,"robots_max_videopreview":null,"robots_max_imagepreview":"large","priority":null,"frequency":null,"local_seo":null,"seo_analyzer_scan_date":"2025-10-15 19:54:04","breadcrumb_settings":null,"limit_modified_date":false,"open_ai":null,"ai":null,"created":"2020-12-21 11:21:43","updated":"2025-10-15 19:54:04"},"aioseo_breadcrumb":"<div class=\"aioseo-breadcrumbs\"><span class=\"aioseo-breadcrumb\">\n\t<a href=\"https:\/\/www.eldigitaldeasturias.com\/noticias\" title=\"Home\">Home<\/a>\n<\/span><span class=\"aioseo-breadcrumb-separator\">\u2013<\/span><span class=\"aioseo-breadcrumb\">\n\t<a href=\"https:\/\/www.eldigitaldeasturias.com\/noticias\/category\/economia\/\" title=\"Econom\u00eda\">Econom\u00eda<\/a>\n<\/span><span class=\"aioseo-breadcrumb-separator\">\u2013<\/span><span class=\"aioseo-breadcrumb\">\n\t<a href=\"https:\/\/www.eldigitaldeasturias.com\/noticias\/aumenta-el-desempleo-en-alemania-por-el-frio\/\" title=\"Aumenta el desempleo en Alemania por el fr\u00edo\">Aumenta el desempleo en Alemania por el fr\u00edo<\/a>\n<\/span><\/div>","aioseo_breadcrumb_json":[{"label":"Home","link":"https:\/\/www.eldigitaldeasturias.com\/noticias"},{"label":"Econom\u00eda","link":"https:\/\/www.eldigitaldeasturias.com\/noticias\/category\/economia\/"},{"label":"Aumenta el desempleo en Alemania por el fr\u00edo","link":"https:\/\/www.eldigitaldeasturias.com\/noticias\/aumenta-el-desempleo-en-alemania-por-el-frio\/"}],"_links":{"self":[{"href":"https:\/\/www.eldigitaldeasturias.com\/noticias\/wp-json\/wp\/v2\/posts\/1015144","targetHints":{"allow":["GET"]}}],"collection":[{"href":"https:\/\/www.eldigitaldeasturias.com\/noticias\/wp-json\/wp\/v2\/posts"}],"about":[{"href":"https:\/\/www.eldigitaldeasturias.com\/noticias\/wp-json\/wp\/v2\/types\/post"}],"author":[{"embeddable":true,"href":"https:\/\/www.eldigitaldeasturias.com\/noticias\/wp-json\/wp\/v2\/users\/1"}],"replies":[{"embeddable":true,"href":"https:\/\/www.eldigitaldeasturias.com\/noticias\/wp-json\/wp\/v2\/comments?post=1015144"}],"version-history":[{"count":0,"href":"https:\/\/www.eldigitaldeasturias.com\/noticias\/wp-json\/wp\/v2\/posts\/1015144\/revisions"}],"wp:featuredmedia":[{"embeddable":true,"href":"https:\/\/www.eldigitaldeasturias.com\/noticias\/wp-json\/wp\/v2\/media\/997733"}],"wp:attachment":[{"href":"https:\/\/www.eldigitaldeasturias.com\/noticias\/wp-json\/wp\/v2\/media?parent=1015144"}],"wp:term":[{"taxonomy":"category","embeddable":true,"href":"https:\/\/www.eldigitaldeasturias.com\/noticias\/wp-json\/wp\/v2\/categories?post=1015144"},{"taxonomy":"post_tag","embeddable":true,"href":"https:\/\/www.eldigitaldeasturias.com\/noticias\/wp-json\/wp\/v2\/tags?post=1015144"}],"curies":[{"name":"wp","href":"https:\/\/api.w.org\/{rel}","templated":true}]}}