{"id":1014511,"date":"2019-01-20T20:50:18","date_gmt":"2019-01-20T20:50:18","guid":{"rendered":"https:\/\/www.eldigitaldeasturias.com\/noticias\/?p=1014511"},"modified":"2019-01-20T20:50:18","modified_gmt":"2019-01-20T20:50:18","slug":"kent-nagano-prueba-un-nuevo-enfoque-del-anillo-de-los-nibelungos","status":"publish","type":"post","link":"https:\/\/www.eldigitaldeasturias.com\/noticias\/kent-nagano-prueba-un-nuevo-enfoque-del-anillo-de-los-nibelungos\/","title":{"rendered":"Kent Nagano prueba un nuevo enfoque del \u00abAnillo de los Nibelungos\u00bb"},"content":{"rendered":"<p><img loading=\"lazy\" decoding=\"async\" class=\"alignleft size-medium wp-image-1014512\" src=\"https:\/\/www.eldigitaldeasturias.com\/noticias\/wp-content\/uploads\/2019\/01\/sound-69948_960_720-360x256.jpg\" alt=\"\" width=\"360\" height=\"256\" srcset=\"https:\/\/www.eldigitaldeasturias.com\/noticias\/wp-content\/uploads\/2019\/01\/sound-69948_960_720-360x256.jpg 360w, https:\/\/www.eldigitaldeasturias.com\/noticias\/wp-content\/uploads\/2019\/01\/sound-69948_960_720-768x546.jpg 768w, https:\/\/www.eldigitaldeasturias.com\/noticias\/wp-content\/uploads\/2019\/01\/sound-69948_960_720-650x462.jpg 650w, https:\/\/www.eldigitaldeasturias.com\/noticias\/wp-content\/uploads\/2019\/01\/sound-69948_960_720.jpg 960w\" sizes=\"auto, (max-width: 360px) 100vw, 360px\" \/>Colonia (Alemania), 20 ene (dpa) &#8211; El director de orquesta estadounidense Kent Nagano, de 67 a\u00f1os, quiere crear con la compa\u00f1\u00eda de m\u00fasica cl\u00e1sica Concerto K\u00f6ln una representaci\u00f3n fiel al sonido original del ciclo de \u00f3peras \u00abEl Anillo de los Nibelungos\u00bb, del compositor alem\u00e1n Richard Wagner, seg\u00fan declar\u00f3 al diario \u00abK\u00f6lner Stadt-Anzeiger\u00bb.<\/p>\n<p>\u00abSoy una parte de este proceso muy inspirador, al final del cual se puede llegar a la conclusi\u00f3n: no podemos tocar y cantar a Wagner como estamos acostumbrados y se viene haciendo hasta ahora\u00bb, coment\u00f3 Nagano.<\/p>\n<p>El proyecto \u00abInterpretaciones de Wagner\u00bb quiere elaborar por primera vez el ciclo del \u00abAnillo\u00bb desde \u00abla perspectiva y con los m\u00e9todos de la pr\u00e1ctica esc\u00e9nica documentados hist\u00f3ricamente\u00bb, informa la p\u00e1gina web.<\/p>\n<p>Para ello, se reproducir\u00e1n los usos instrumentales, corales y esc\u00e9nicas de los tiempos de Richard Wagner (1813-1883). El proyecto cuenta con el respaldo de la Fundaci\u00f3n de Arte NRW, una instituci\u00f3n creadada por el gobierno del estado federado de Renania del Norte-Westfalia.<\/p>\n<p>El ciclo del \u00abAnillo\u00bb est\u00e1 formado por cuatro \u00f3peras: \u00abEl oro del Rin\u00bb, \u00abLa valquiria\u00bb, \u00abSiegfrido\u00bb y \u00abEl ocaso de los dioses\u00bb. Toda la funci\u00f3n dura unas 16 horas. La obra completa se estren\u00f3 en el Festival de Bayreuth en 1876.<\/p>\n<p>Kent Nagano es director musical de la \u00d3pera Estatal de Hamburgo desde 2015, con anterioridad desempe\u00f1\u00f3 el mismo cargo en la \u00d3pera Estatal B\u00e1vara de M\u00fanich.<\/p>\n","protected":false},"excerpt":{"rendered":"<p>Colonia (Alemania), 20 ene (dpa) &#8211; El director de orquesta estadounidense Kent Nagano, de 67 a\u00f1os, quiere crear con la compa\u00f1\u00eda de m\u00fasica cl\u00e1sica Concerto K\u00f6ln una representaci\u00f3n fiel al sonido original del ciclo de \u00f3peras \u00abEl Anillo de los Nibelungos\u00bb, del compositor alem\u00e1n Richard Wagner, seg\u00fan declar\u00f3 al diario \u00abK\u00f6lner Stadt-Anzeiger\u00bb. \u00abSoy una parte [&hellip;]<\/p>\n","protected":false},"author":1,"featured_media":1014512,"comment_status":"closed","ping_status":"closed","sticky":false,"template":"","format":"standard","meta":{"footnotes":""},"categories":[50],"tags":[],"class_list":["post-1014511","post","type-post","status-publish","format-standard","has-post-thumbnail","hentry","category-revista-de-ocio"],"aioseo_notices":[],"aioseo_head":"\n\t\t<!-- All in One SEO Pro 4.9.6.2 - aioseo.com -->\n\t<meta name=\"description\" content=\"Colonia (Alemania), 20 ene (dpa) - El director de orquesta estadounidense Kent Nagano, de 67 a\u00f1os, quiere crear con la compa\u00f1\u00eda de m\u00fasica cl\u00e1sica Concerto K\u00f6ln una representaci\u00f3n fiel al sonido original del ciclo de \u00f3peras &quot;El Anillo de los Nibelungos&quot;, del compositor alem\u00e1n Richard Wagner, seg\u00fan declar\u00f3 al diario &quot;K\u00f6lner Stadt-Anzeiger&quot;. &quot;Soy una parte\" \/>\n\t<meta name=\"robots\" content=\"max-image-preview:large\" \/>\n\t<meta name=\"author\" content=\"El Digital de Asturias\"\/>\n\t<meta name=\"google-site-verification\" content=\"UA-38556648-1\" \/>\n\t<meta name=\"msvalidate.01\" content=\"7dfe9f3f1b24437ab69f4f2559babe99\" \/>\n\t<meta name=\"keywords\" content=\"revista de ocio\" \/>\n\t<link rel=\"canonical\" href=\"https:\/\/www.eldigitaldeasturias.com\/noticias\/kent-nagano-prueba-un-nuevo-enfoque-del-anillo-de-los-nibelungos\/\" \/>\n\t<meta name=\"generator\" content=\"All in One SEO Pro (AIOSEO) 4.9.6.2\" \/>\n\t\t<meta property=\"og:locale\" content=\"es_ES\" \/>\n\t\t<meta property=\"og:site_name\" content=\"El Digital de Asturias\" \/>\n\t\t<meta property=\"og:type\" content=\"article\" \/>\n\t\t<meta property=\"og:title\" content=\"Kent Nagano prueba un nuevo enfoque del \u00abAnillo de los Nibelungos\u00bb - El Digital de Asturias\" \/>\n\t\t<meta property=\"og:description\" content=\"Colonia (Alemania), 20 ene (dpa) - El director de orquesta estadounidense Kent Nagano, de 67 a\u00f1os, quiere crear con la compa\u00f1\u00eda de m\u00fasica cl\u00e1sica Concerto K\u00f6ln una representaci\u00f3n fiel al sonido original del ciclo de \u00f3peras &quot;El Anillo de los Nibelungos&quot;, del compositor alem\u00e1n Richard Wagner, seg\u00fan declar\u00f3 al diario &quot;K\u00f6lner Stadt-Anzeiger&quot;. &quot;Soy una parte\" \/>\n\t\t<meta property=\"og:url\" content=\"https:\/\/www.eldigitaldeasturias.com\/noticias\/kent-nagano-prueba-un-nuevo-enfoque-del-anillo-de-los-nibelungos\/\" \/>\n\t\t<meta property=\"og:image\" content=\"https:\/\/www.eldigitaldeasturias.com\/noticias\/wp-content\/uploads\/2019\/01\/sound-69948_960_720.jpg\" \/>\n\t\t<meta property=\"og:image:secure_url\" content=\"https:\/\/www.eldigitaldeasturias.com\/noticias\/wp-content\/uploads\/2019\/01\/sound-69948_960_720.jpg\" \/>\n\t\t<meta property=\"og:image:width\" content=\"960\" \/>\n\t\t<meta property=\"og:image:height\" content=\"682\" \/>\n\t\t<meta property=\"article:tag\" content=\"revista de ocio\" \/>\n\t\t<meta property=\"article:published_time\" content=\"2019-01-20T20:50:18+00:00\" \/>\n\t\t<meta property=\"article:modified_time\" content=\"2019-01-20T20:50:18+00:00\" \/>\n\t\t<meta property=\"article:publisher\" content=\"https:\/\/facebook.com\/eldigitaldeasturias\" \/>\n\t\t<meta name=\"twitter:card\" content=\"summary_large_image\" \/>\n\t\t<meta name=\"twitter:title\" content=\"Kent Nagano prueba un nuevo enfoque del \u00abAnillo de los Nibelungos\u00bb - El Digital de Asturias\" \/>\n\t\t<meta name=\"twitter:description\" content=\"Colonia (Alemania), 20 ene (dpa) - El director de orquesta estadounidense Kent Nagano, de 67 a\u00f1os, quiere crear con la compa\u00f1\u00eda de m\u00fasica cl\u00e1sica Concerto K\u00f6ln una representaci\u00f3n fiel al sonido original del ciclo de \u00f3peras &quot;El Anillo de los Nibelungos&quot;, del compositor alem\u00e1n Richard Wagner, seg\u00fan declar\u00f3 al diario &quot;K\u00f6lner Stadt-Anzeiger&quot;. &quot;Soy una parte\" \/>\n\t\t<meta name=\"twitter:image\" content=\"https:\/\/www.eldigitaldeasturias.com\/noticias\/wp-content\/uploads\/2019\/01\/sound-69948_960_720.jpg\" \/>\n\t\t<meta name=\"twitter:label1\" content=\"Escrito por\" \/>\n\t\t<meta name=\"twitter:data1\" content=\"El Digital de Asturias\" \/>\n\t\t<meta name=\"twitter:label2\" content=\"Tiempo de lectura estimado\" \/>\n\t\t<meta name=\"twitter:data2\" content=\"1 minuto\" \/>\n\t\t<script type=\"application\/ld+json\" class=\"aioseo-schema\">\n\t\t\t{\"@context\":\"https:\\\/\\\/schema.org\",\"@graph\":[{\"@type\":\"BlogPosting\",\"@id\":\"https:\\\/\\\/www.eldigitaldeasturias.com\\\/noticias\\\/kent-nagano-prueba-un-nuevo-enfoque-del-anillo-de-los-nibelungos\\\/#blogposting\",\"name\":\"Kent Nagano prueba un nuevo enfoque del \\u00abAnillo de los Nibelungos\\u00bb - El Digital de Asturias\",\"headline\":\"Kent Nagano prueba un nuevo enfoque del \\u00abAnillo de los Nibelungos\\u00bb\",\"author\":{\"@id\":\"https:\\\/\\\/www.eldigitaldeasturias.com\\\/noticias\\\/author\\\/admin\\\/#author\"},\"publisher\":{\"@id\":\"https:\\\/\\\/www.eldigitaldeasturias.com\\\/noticias\\\/#organization\"},\"image\":{\"@type\":\"ImageObject\",\"url\":\"https:\\\/\\\/www.eldigitaldeasturias.com\\\/noticias\\\/wp-content\\\/uploads\\\/2019\\\/01\\\/sound-69948_960_720.jpg\",\"width\":960,\"height\":682},\"datePublished\":\"2019-01-20T20:50:18+01:00\",\"dateModified\":\"2019-01-20T20:50:18+01:00\",\"inLanguage\":\"es-ES\",\"mainEntityOfPage\":{\"@id\":\"https:\\\/\\\/www.eldigitaldeasturias.com\\\/noticias\\\/kent-nagano-prueba-un-nuevo-enfoque-del-anillo-de-los-nibelungos\\\/#webpage\"},\"isPartOf\":{\"@id\":\"https:\\\/\\\/www.eldigitaldeasturias.com\\\/noticias\\\/kent-nagano-prueba-un-nuevo-enfoque-del-anillo-de-los-nibelungos\\\/#webpage\"},\"articleSection\":\"Revista de Ocio\"},{\"@type\":\"BreadcrumbList\",\"@id\":\"https:\\\/\\\/www.eldigitaldeasturias.com\\\/noticias\\\/kent-nagano-prueba-un-nuevo-enfoque-del-anillo-de-los-nibelungos\\\/#breadcrumblist\",\"itemListElement\":[{\"@type\":\"ListItem\",\"@id\":\"https:\\\/\\\/www.eldigitaldeasturias.com\\\/noticias#listItem\",\"position\":1,\"name\":\"Home\",\"item\":\"https:\\\/\\\/www.eldigitaldeasturias.com\\\/noticias\",\"nextItem\":{\"@type\":\"ListItem\",\"@id\":\"https:\\\/\\\/www.eldigitaldeasturias.com\\\/noticias\\\/category\\\/revista-de-ocio\\\/#listItem\",\"name\":\"Revista de Ocio\"}},{\"@type\":\"ListItem\",\"@id\":\"https:\\\/\\\/www.eldigitaldeasturias.com\\\/noticias\\\/category\\\/revista-de-ocio\\\/#listItem\",\"position\":2,\"name\":\"Revista de Ocio\",\"item\":\"https:\\\/\\\/www.eldigitaldeasturias.com\\\/noticias\\\/category\\\/revista-de-ocio\\\/\",\"nextItem\":{\"@type\":\"ListItem\",\"@id\":\"https:\\\/\\\/www.eldigitaldeasturias.com\\\/noticias\\\/kent-nagano-prueba-un-nuevo-enfoque-del-anillo-de-los-nibelungos\\\/#listItem\",\"name\":\"Kent Nagano prueba un nuevo enfoque del \\u00abAnillo de los Nibelungos\\u00bb\"},\"previousItem\":{\"@type\":\"ListItem\",\"@id\":\"https:\\\/\\\/www.eldigitaldeasturias.com\\\/noticias#listItem\",\"name\":\"Home\"}},{\"@type\":\"ListItem\",\"@id\":\"https:\\\/\\\/www.eldigitaldeasturias.com\\\/noticias\\\/kent-nagano-prueba-un-nuevo-enfoque-del-anillo-de-los-nibelungos\\\/#listItem\",\"position\":3,\"name\":\"Kent Nagano prueba un nuevo enfoque del \\u00abAnillo de los Nibelungos\\u00bb\",\"previousItem\":{\"@type\":\"ListItem\",\"@id\":\"https:\\\/\\\/www.eldigitaldeasturias.com\\\/noticias\\\/category\\\/revista-de-ocio\\\/#listItem\",\"name\":\"Revista de Ocio\"}}]},{\"@type\":\"Organization\",\"@id\":\"https:\\\/\\\/www.eldigitaldeasturias.com\\\/noticias\\\/#organization\",\"name\":\"El Digital de Asturias\",\"description\":\"Hemeroteca\",\"url\":\"https:\\\/\\\/www.eldigitaldeasturias.com\\\/noticias\\\/\",\"email\":\"info@eldigitaldeasturias.com\",\"telephone\":\"+34652131393\",\"logo\":{\"@type\":\"ImageObject\",\"url\":\"https:\\\/\\\/www.eldigitaldeasturias.com\\\/noticias\\\/wp-content\\\/uploads\\\/2020\\\/12\\\/EDA.jpg\",\"@id\":\"https:\\\/\\\/www.eldigitaldeasturias.com\\\/noticias\\\/kent-nagano-prueba-un-nuevo-enfoque-del-anillo-de-los-nibelungos\\\/#organizationLogo\",\"width\":649,\"height\":297},\"image\":{\"@id\":\"https:\\\/\\\/www.eldigitaldeasturias.com\\\/noticias\\\/kent-nagano-prueba-un-nuevo-enfoque-del-anillo-de-los-nibelungos\\\/#organizationLogo\"},\"sameAs\":[\"https:\\\/\\\/facebook.com\\\/eldigitaldeasturias\",\"https:\\\/\\\/www.youtube.com\\\/channel\\\/UCZP-2wLEB9Rv6erhFmqVnvg\"],\"address\":{\"@id\":\"https:\\\/\\\/www.eldigitaldeasturias.com\\\/noticias\\\/#postaladdress\",\"@type\":\"PostalAddress\",\"streetAddress\":\"san antonio 4,\",\"postalCode\":\"33430\",\"addressLocality\":\"Cand\\u00e1s\",\"addressRegion\":\"Asturias\",\"addressCountry\":\"ES\"}},{\"@type\":\"Person\",\"@id\":\"https:\\\/\\\/www.eldigitaldeasturias.com\\\/noticias\\\/author\\\/admin\\\/#author\",\"url\":\"https:\\\/\\\/www.eldigitaldeasturias.com\\\/noticias\\\/author\\\/admin\\\/\",\"name\":\"El Digital de Asturias\",\"image\":{\"@type\":\"ImageObject\",\"@id\":\"https:\\\/\\\/www.eldigitaldeasturias.com\\\/noticias\\\/kent-nagano-prueba-un-nuevo-enfoque-del-anillo-de-los-nibelungos\\\/#authorImage\",\"url\":\"https:\\\/\\\/www.eldigitaldeasturias.com\\\/noticias\\\/wp-content\\\/litespeed\\\/avatar\\\/18677e78aa0546b92d9dbf31ec7d7668.jpg?ver=1777290358\",\"width\":96,\"height\":96,\"caption\":\"El Digital de Asturias\"}},{\"@type\":\"WebPage\",\"@id\":\"https:\\\/\\\/www.eldigitaldeasturias.com\\\/noticias\\\/kent-nagano-prueba-un-nuevo-enfoque-del-anillo-de-los-nibelungos\\\/#webpage\",\"url\":\"https:\\\/\\\/www.eldigitaldeasturias.com\\\/noticias\\\/kent-nagano-prueba-un-nuevo-enfoque-del-anillo-de-los-nibelungos\\\/\",\"name\":\"Kent Nagano prueba un nuevo enfoque del \\u00abAnillo de los Nibelungos\\u00bb - El Digital de Asturias\",\"description\":\"Colonia (Alemania), 20 ene (dpa) - El director de orquesta estadounidense Kent Nagano, de 67 a\\u00f1os, quiere crear con la compa\\u00f1\\u00eda de m\\u00fasica cl\\u00e1sica Concerto K\\u00f6ln una representaci\\u00f3n fiel al sonido original del ciclo de \\u00f3peras \\\"El Anillo de los Nibelungos\\\", del compositor alem\\u00e1n Richard Wagner, seg\\u00fan declar\\u00f3 al diario \\\"K\\u00f6lner Stadt-Anzeiger\\\". \\\"Soy una parte\",\"inLanguage\":\"es-ES\",\"isPartOf\":{\"@id\":\"https:\\\/\\\/www.eldigitaldeasturias.com\\\/noticias\\\/#website\"},\"breadcrumb\":{\"@id\":\"https:\\\/\\\/www.eldigitaldeasturias.com\\\/noticias\\\/kent-nagano-prueba-un-nuevo-enfoque-del-anillo-de-los-nibelungos\\\/#breadcrumblist\"},\"author\":{\"@id\":\"https:\\\/\\\/www.eldigitaldeasturias.com\\\/noticias\\\/author\\\/admin\\\/#author\"},\"creator\":{\"@id\":\"https:\\\/\\\/www.eldigitaldeasturias.com\\\/noticias\\\/author\\\/admin\\\/#author\"},\"image\":{\"@type\":\"ImageObject\",\"url\":\"https:\\\/\\\/www.eldigitaldeasturias.com\\\/noticias\\\/wp-content\\\/uploads\\\/2019\\\/01\\\/sound-69948_960_720.jpg\",\"@id\":\"https:\\\/\\\/www.eldigitaldeasturias.com\\\/noticias\\\/kent-nagano-prueba-un-nuevo-enfoque-del-anillo-de-los-nibelungos\\\/#mainImage\",\"width\":960,\"height\":682},\"primaryImageOfPage\":{\"@id\":\"https:\\\/\\\/www.eldigitaldeasturias.com\\\/noticias\\\/kent-nagano-prueba-un-nuevo-enfoque-del-anillo-de-los-nibelungos\\\/#mainImage\"},\"datePublished\":\"2019-01-20T20:50:18+01:00\",\"dateModified\":\"2019-01-20T20:50:18+01:00\"},{\"@type\":\"WebSite\",\"@id\":\"https:\\\/\\\/www.eldigitaldeasturias.com\\\/noticias\\\/#website\",\"url\":\"https:\\\/\\\/www.eldigitaldeasturias.com\\\/noticias\\\/\",\"name\":\"El Digital de Asturias - Diario de actualidad y noticias\",\"alternateName\":\"El Digital de Asturias - Diario de actualidad y noticias\",\"description\":\"Hemeroteca\",\"inLanguage\":\"es-ES\",\"publisher\":{\"@id\":\"https:\\\/\\\/www.eldigitaldeasturias.com\\\/noticias\\\/#organization\"}}]}\n\t\t<\/script>\n\t\t<!-- All in One SEO Pro -->\r\n\t\t<title>Kent Nagano prueba un nuevo enfoque del \u00abAnillo de los Nibelungos\u00bb - El Digital de Asturias<\/title>\n\n","aioseo_head_json":{"title":"Kent Nagano prueba un nuevo enfoque del \u00abAnillo de los Nibelungos\u00bb - El Digital de Asturias","description":"Colonia (Alemania), 20 ene (dpa) - El director de orquesta estadounidense Kent Nagano, de 67 a\u00f1os, quiere crear con la compa\u00f1\u00eda de m\u00fasica cl\u00e1sica Concerto K\u00f6ln una representaci\u00f3n fiel al sonido original del ciclo de \u00f3peras \"El Anillo de los Nibelungos\", del compositor alem\u00e1n Richard Wagner, seg\u00fan declar\u00f3 al diario \"K\u00f6lner Stadt-Anzeiger\". \"Soy una parte","canonical_url":"https:\/\/www.eldigitaldeasturias.com\/noticias\/kent-nagano-prueba-un-nuevo-enfoque-del-anillo-de-los-nibelungos\/","robots":"max-image-preview:large","keywords":"revista de ocio","webmasterTools":{"google-site-verification":"UA-38556648-1","msvalidate.01":"7dfe9f3f1b24437ab69f4f2559babe99","miscellaneous":""},"schema":{"@context":"https:\/\/schema.org","@graph":[{"@type":"BlogPosting","@id":"https:\/\/www.eldigitaldeasturias.com\/noticias\/kent-nagano-prueba-un-nuevo-enfoque-del-anillo-de-los-nibelungos\/#blogposting","name":"Kent Nagano prueba un nuevo enfoque del \u00abAnillo de los Nibelungos\u00bb - El Digital de Asturias","headline":"Kent Nagano prueba un nuevo enfoque del \u00abAnillo de los Nibelungos\u00bb","author":{"@id":"https:\/\/www.eldigitaldeasturias.com\/noticias\/author\/admin\/#author"},"publisher":{"@id":"https:\/\/www.eldigitaldeasturias.com\/noticias\/#organization"},"image":{"@type":"ImageObject","url":"https:\/\/www.eldigitaldeasturias.com\/noticias\/wp-content\/uploads\/2019\/01\/sound-69948_960_720.jpg","width":960,"height":682},"datePublished":"2019-01-20T20:50:18+01:00","dateModified":"2019-01-20T20:50:18+01:00","inLanguage":"es-ES","mainEntityOfPage":{"@id":"https:\/\/www.eldigitaldeasturias.com\/noticias\/kent-nagano-prueba-un-nuevo-enfoque-del-anillo-de-los-nibelungos\/#webpage"},"isPartOf":{"@id":"https:\/\/www.eldigitaldeasturias.com\/noticias\/kent-nagano-prueba-un-nuevo-enfoque-del-anillo-de-los-nibelungos\/#webpage"},"articleSection":"Revista de Ocio"},{"@type":"BreadcrumbList","@id":"https:\/\/www.eldigitaldeasturias.com\/noticias\/kent-nagano-prueba-un-nuevo-enfoque-del-anillo-de-los-nibelungos\/#breadcrumblist","itemListElement":[{"@type":"ListItem","@id":"https:\/\/www.eldigitaldeasturias.com\/noticias#listItem","position":1,"name":"Home","item":"https:\/\/www.eldigitaldeasturias.com\/noticias","nextItem":{"@type":"ListItem","@id":"https:\/\/www.eldigitaldeasturias.com\/noticias\/category\/revista-de-ocio\/#listItem","name":"Revista de Ocio"}},{"@type":"ListItem","@id":"https:\/\/www.eldigitaldeasturias.com\/noticias\/category\/revista-de-ocio\/#listItem","position":2,"name":"Revista de Ocio","item":"https:\/\/www.eldigitaldeasturias.com\/noticias\/category\/revista-de-ocio\/","nextItem":{"@type":"ListItem","@id":"https:\/\/www.eldigitaldeasturias.com\/noticias\/kent-nagano-prueba-un-nuevo-enfoque-del-anillo-de-los-nibelungos\/#listItem","name":"Kent Nagano prueba un nuevo enfoque del \u00abAnillo de los Nibelungos\u00bb"},"previousItem":{"@type":"ListItem","@id":"https:\/\/www.eldigitaldeasturias.com\/noticias#listItem","name":"Home"}},{"@type":"ListItem","@id":"https:\/\/www.eldigitaldeasturias.com\/noticias\/kent-nagano-prueba-un-nuevo-enfoque-del-anillo-de-los-nibelungos\/#listItem","position":3,"name":"Kent Nagano prueba un nuevo enfoque del \u00abAnillo de los Nibelungos\u00bb","previousItem":{"@type":"ListItem","@id":"https:\/\/www.eldigitaldeasturias.com\/noticias\/category\/revista-de-ocio\/#listItem","name":"Revista de Ocio"}}]},{"@type":"Organization","@id":"https:\/\/www.eldigitaldeasturias.com\/noticias\/#organization","name":"El Digital de Asturias","description":"Hemeroteca","url":"https:\/\/www.eldigitaldeasturias.com\/noticias\/","email":"info@eldigitaldeasturias.com","telephone":"+34652131393","logo":{"@type":"ImageObject","url":"https:\/\/www.eldigitaldeasturias.com\/noticias\/wp-content\/uploads\/2020\/12\/EDA.jpg","@id":"https:\/\/www.eldigitaldeasturias.com\/noticias\/kent-nagano-prueba-un-nuevo-enfoque-del-anillo-de-los-nibelungos\/#organizationLogo","width":649,"height":297},"image":{"@id":"https:\/\/www.eldigitaldeasturias.com\/noticias\/kent-nagano-prueba-un-nuevo-enfoque-del-anillo-de-los-nibelungos\/#organizationLogo"},"sameAs":["https:\/\/facebook.com\/eldigitaldeasturias","https:\/\/www.youtube.com\/channel\/UCZP-2wLEB9Rv6erhFmqVnvg"],"address":{"@id":"https:\/\/www.eldigitaldeasturias.com\/noticias\/#postaladdress","@type":"PostalAddress","streetAddress":"san antonio 4,","postalCode":"33430","addressLocality":"Cand\u00e1s","addressRegion":"Asturias","addressCountry":"ES"}},{"@type":"Person","@id":"https:\/\/www.eldigitaldeasturias.com\/noticias\/author\/admin\/#author","url":"https:\/\/www.eldigitaldeasturias.com\/noticias\/author\/admin\/","name":"El Digital de Asturias","image":{"@type":"ImageObject","@id":"https:\/\/www.eldigitaldeasturias.com\/noticias\/kent-nagano-prueba-un-nuevo-enfoque-del-anillo-de-los-nibelungos\/#authorImage","url":"https:\/\/www.eldigitaldeasturias.com\/noticias\/wp-content\/litespeed\/avatar\/18677e78aa0546b92d9dbf31ec7d7668.jpg?ver=1777290358","width":96,"height":96,"caption":"El Digital de Asturias"}},{"@type":"WebPage","@id":"https:\/\/www.eldigitaldeasturias.com\/noticias\/kent-nagano-prueba-un-nuevo-enfoque-del-anillo-de-los-nibelungos\/#webpage","url":"https:\/\/www.eldigitaldeasturias.com\/noticias\/kent-nagano-prueba-un-nuevo-enfoque-del-anillo-de-los-nibelungos\/","name":"Kent Nagano prueba un nuevo enfoque del \u00abAnillo de los Nibelungos\u00bb - El Digital de Asturias","description":"Colonia (Alemania), 20 ene (dpa) - El director de orquesta estadounidense Kent Nagano, de 67 a\u00f1os, quiere crear con la compa\u00f1\u00eda de m\u00fasica cl\u00e1sica Concerto K\u00f6ln una representaci\u00f3n fiel al sonido original del ciclo de \u00f3peras \"El Anillo de los Nibelungos\", del compositor alem\u00e1n Richard Wagner, seg\u00fan declar\u00f3 al diario \"K\u00f6lner Stadt-Anzeiger\". \"Soy una parte","inLanguage":"es-ES","isPartOf":{"@id":"https:\/\/www.eldigitaldeasturias.com\/noticias\/#website"},"breadcrumb":{"@id":"https:\/\/www.eldigitaldeasturias.com\/noticias\/kent-nagano-prueba-un-nuevo-enfoque-del-anillo-de-los-nibelungos\/#breadcrumblist"},"author":{"@id":"https:\/\/www.eldigitaldeasturias.com\/noticias\/author\/admin\/#author"},"creator":{"@id":"https:\/\/www.eldigitaldeasturias.com\/noticias\/author\/admin\/#author"},"image":{"@type":"ImageObject","url":"https:\/\/www.eldigitaldeasturias.com\/noticias\/wp-content\/uploads\/2019\/01\/sound-69948_960_720.jpg","@id":"https:\/\/www.eldigitaldeasturias.com\/noticias\/kent-nagano-prueba-un-nuevo-enfoque-del-anillo-de-los-nibelungos\/#mainImage","width":960,"height":682},"primaryImageOfPage":{"@id":"https:\/\/www.eldigitaldeasturias.com\/noticias\/kent-nagano-prueba-un-nuevo-enfoque-del-anillo-de-los-nibelungos\/#mainImage"},"datePublished":"2019-01-20T20:50:18+01:00","dateModified":"2019-01-20T20:50:18+01:00"},{"@type":"WebSite","@id":"https:\/\/www.eldigitaldeasturias.com\/noticias\/#website","url":"https:\/\/www.eldigitaldeasturias.com\/noticias\/","name":"El Digital de Asturias - Diario de actualidad y noticias","alternateName":"El Digital de Asturias - Diario de actualidad y noticias","description":"Hemeroteca","inLanguage":"es-ES","publisher":{"@id":"https:\/\/www.eldigitaldeasturias.com\/noticias\/#organization"}}]},"og:locale":"es_ES","og:site_name":"El Digital de Asturias","og:type":"article","og:title":"Kent Nagano prueba un nuevo enfoque del \u00abAnillo de los Nibelungos\u00bb - El Digital de Asturias","og:description":"Colonia (Alemania), 20 ene (dpa) - El director de orquesta estadounidense Kent Nagano, de 67 a\u00f1os, quiere crear con la compa\u00f1\u00eda de m\u00fasica cl\u00e1sica Concerto K\u00f6ln una representaci\u00f3n fiel al sonido original del ciclo de \u00f3peras &quot;El Anillo de los Nibelungos&quot;, del compositor alem\u00e1n Richard Wagner, seg\u00fan declar\u00f3 al diario &quot;K\u00f6lner Stadt-Anzeiger&quot;. &quot;Soy una parte","og:url":"https:\/\/www.eldigitaldeasturias.com\/noticias\/kent-nagano-prueba-un-nuevo-enfoque-del-anillo-de-los-nibelungos\/","og:image":"https:\/\/www.eldigitaldeasturias.com\/noticias\/wp-content\/uploads\/2019\/01\/sound-69948_960_720.jpg","og:image:secure_url":"https:\/\/www.eldigitaldeasturias.com\/noticias\/wp-content\/uploads\/2019\/01\/sound-69948_960_720.jpg","og:image:width":960,"og:image:height":682,"article:tag":["revista de ocio"],"article:published_time":"2019-01-20T20:50:18+00:00","article:modified_time":"2019-01-20T20:50:18+00:00","article:publisher":"https:\/\/facebook.com\/eldigitaldeasturias","twitter:card":"summary_large_image","twitter:title":"Kent Nagano prueba un nuevo enfoque del \u00abAnillo de los Nibelungos\u00bb - El Digital de Asturias","twitter:description":"Colonia (Alemania), 20 ene (dpa) - El director de orquesta estadounidense Kent Nagano, de 67 a\u00f1os, quiere crear con la compa\u00f1\u00eda de m\u00fasica cl\u00e1sica Concerto K\u00f6ln una representaci\u00f3n fiel al sonido original del ciclo de \u00f3peras &quot;El Anillo de los Nibelungos&quot;, del compositor alem\u00e1n Richard Wagner, seg\u00fan declar\u00f3 al diario &quot;K\u00f6lner Stadt-Anzeiger&quot;. &quot;Soy una parte","twitter:image":"https:\/\/www.eldigitaldeasturias.com\/noticias\/wp-content\/uploads\/2019\/01\/sound-69948_960_720.jpg","twitter:label1":"Escrito por","twitter:data1":"El Digital de Asturias","twitter:label2":"Tiempo de lectura estimado","twitter:data2":"1 minuto"},"aioseo_meta_data":{"post_id":"1014511","title":null,"description":null,"keywords":null,"keyphrases":null,"primary_term":null,"canonical_url":null,"og_title":null,"og_description":null,"og_object_type":"default","og_image_type":"default","og_image_url":null,"og_image_width":null,"og_image_height":null,"og_image_custom_url":null,"og_image_custom_fields":null,"og_video":null,"og_custom_url":null,"og_article_section":null,"og_article_tags":null,"twitter_use_og":false,"twitter_card":"default","twitter_image_type":"default","twitter_image_url":null,"twitter_image_custom_url":null,"twitter_image_custom_fields":null,"twitter_title":null,"twitter_description":null,"schema":{"blockGraphs":[],"customGraphs":[],"default":{"data":{"Article":[],"Course":[],"Dataset":[],"FAQPage":[],"Movie":[],"Person":[],"Product":[],"ProductReview":[],"Car":[],"Recipe":[],"Service":[],"SoftwareApplication":[],"WebPage":[]},"graphName":"","isEnabled":true},"graphs":[],"defaultGraph":"","defaultPostTypeGraph":""},"schema_type":null,"schema_type_options":null,"pillar_content":false,"robots_default":true,"robots_noindex":false,"robots_noarchive":false,"robots_nosnippet":false,"robots_nofollow":false,"robots_noimageindex":false,"robots_noodp":false,"robots_notranslate":false,"robots_max_snippet":null,"robots_max_videopreview":null,"robots_max_imagepreview":"large","priority":null,"frequency":null,"local_seo":null,"seo_analyzer_scan_date":"2025-10-15 16:47:10","breadcrumb_settings":null,"limit_modified_date":false,"open_ai":null,"ai":null,"created":"2020-12-21 11:21:52","updated":"2025-10-15 16:47:10"},"aioseo_breadcrumb":"<div class=\"aioseo-breadcrumbs\"><span class=\"aioseo-breadcrumb\">\n\t<a href=\"https:\/\/www.eldigitaldeasturias.com\/noticias\" title=\"Home\">Home<\/a>\n<\/span><span class=\"aioseo-breadcrumb-separator\">\u2013<\/span><span class=\"aioseo-breadcrumb\">\n\t<a href=\"https:\/\/www.eldigitaldeasturias.com\/noticias\/category\/revista-de-ocio\/\" title=\"Revista de Ocio\">Revista de Ocio<\/a>\n<\/span><span class=\"aioseo-breadcrumb-separator\">\u2013<\/span><span class=\"aioseo-breadcrumb\">\n\t<a href=\"https:\/\/www.eldigitaldeasturias.com\/noticias\/kent-nagano-prueba-un-nuevo-enfoque-del-anillo-de-los-nibelungos\/\" title=\"Kent Nagano prueba un nuevo enfoque del \u00abAnillo de los Nibelungos\u00bb\">Kent Nagano prueba un nuevo enfoque del \u00abAnillo de los Nibelungos\u00bb<\/a>\n<\/span><\/div>","aioseo_breadcrumb_json":[{"label":"Home","link":"https:\/\/www.eldigitaldeasturias.com\/noticias"},{"label":"Revista de Ocio","link":"https:\/\/www.eldigitaldeasturias.com\/noticias\/category\/revista-de-ocio\/"},{"label":"Kent Nagano prueba un nuevo enfoque del \u00abAnillo de los Nibelungos\u00bb","link":"https:\/\/www.eldigitaldeasturias.com\/noticias\/kent-nagano-prueba-un-nuevo-enfoque-del-anillo-de-los-nibelungos\/"}],"_links":{"self":[{"href":"https:\/\/www.eldigitaldeasturias.com\/noticias\/wp-json\/wp\/v2\/posts\/1014511","targetHints":{"allow":["GET"]}}],"collection":[{"href":"https:\/\/www.eldigitaldeasturias.com\/noticias\/wp-json\/wp\/v2\/posts"}],"about":[{"href":"https:\/\/www.eldigitaldeasturias.com\/noticias\/wp-json\/wp\/v2\/types\/post"}],"author":[{"embeddable":true,"href":"https:\/\/www.eldigitaldeasturias.com\/noticias\/wp-json\/wp\/v2\/users\/1"}],"replies":[{"embeddable":true,"href":"https:\/\/www.eldigitaldeasturias.com\/noticias\/wp-json\/wp\/v2\/comments?post=1014511"}],"version-history":[{"count":0,"href":"https:\/\/www.eldigitaldeasturias.com\/noticias\/wp-json\/wp\/v2\/posts\/1014511\/revisions"}],"wp:featuredmedia":[{"embeddable":true,"href":"https:\/\/www.eldigitaldeasturias.com\/noticias\/wp-json\/wp\/v2\/media\/1014512"}],"wp:attachment":[{"href":"https:\/\/www.eldigitaldeasturias.com\/noticias\/wp-json\/wp\/v2\/media?parent=1014511"}],"wp:term":[{"taxonomy":"category","embeddable":true,"href":"https:\/\/www.eldigitaldeasturias.com\/noticias\/wp-json\/wp\/v2\/categories?post=1014511"},{"taxonomy":"post_tag","embeddable":true,"href":"https:\/\/www.eldigitaldeasturias.com\/noticias\/wp-json\/wp\/v2\/tags?post=1014511"}],"curies":[{"name":"wp","href":"https:\/\/api.w.org\/{rel}","templated":true}]}}