{"id":1010426,"date":"2018-12-11T23:10:55","date_gmt":"2018-12-11T23:10:55","guid":{"rendered":"https:\/\/www.eldigitaldeasturias.com\/noticias\/?p=1010426"},"modified":"2018-12-11T23:10:55","modified_gmt":"2018-12-11T23:10:55","slug":"graciano-garcia-publica-palabras-del-abuelo","status":"publish","type":"post","link":"https:\/\/www.eldigitaldeasturias.com\/noticias\/graciano-garcia-publica-palabras-del-abuelo\/","title":{"rendered":"Graciano Garc\u00eda publica \u00abPalabras del abuelo\u00bb"},"content":{"rendered":"<p><strong><img loading=\"lazy\" decoding=\"async\" class=\"alignleft size-medium wp-image-931483\" src=\"https:\/\/www.eldigitaldeasturias.com\/noticias\/wp-content\/uploads\/2017\/03\/book-1291164_640-360x240.jpg\" alt=\"\" width=\"360\" height=\"240\" srcset=\"https:\/\/www.eldigitaldeasturias.com\/noticias\/wp-content\/uploads\/2017\/03\/book-1291164_640-360x240.jpg 360w, https:\/\/www.eldigitaldeasturias.com\/noticias\/wp-content\/uploads\/2017\/03\/book-1291164_640-451x300.jpg 451w, https:\/\/www.eldigitaldeasturias.com\/noticias\/wp-content\/uploads\/2017\/03\/book-1291164_640-20x13.jpg 20w, https:\/\/www.eldigitaldeasturias.com\/noticias\/wp-content\/uploads\/2017\/03\/book-1291164_640.jpg 640w\" sizes=\"auto, (max-width: 360px) 100vw, 360px\" \/>Graciano Garc\u00eda vuelve a emocionar<\/strong> tres a\u00f1os despu\u00e9s de su debut en el mundo de la poes\u00eda con los versos que componen su nuevo libro \u00abPalabras del abuelo\u00bb, un largo poema que dedica a sus nietos pensando en realidad en todas las generaciones por venir, \u201cpara que no caminen solas y pisen firme; para que su paso por el mundo sea provechoso\u201d.<\/p>\n<p>Lecciones de sabidur\u00eda hechas desde el cari\u00f1o, el amor y la humildad, que quedar\u00e1n como una herencia que los abuelos del ma\u00f1ana transmitir\u00e1n a su vez a sus nietos. Un canto a la vida repleto de sensatez, realismo, amor a la naturaleza y a lo perdurable, donde cualquier persona puede reconocerse. Palabras sencillas, pero hondas, sobre las que edificar una sociedad mejor, que quien lea o escuche de boca de sus padres o un maestro no olvidar\u00e1 en mucho tiempo, y que le pueden servir de br\u00fajula en los momentos dif\u00edciles.<\/p>\n<p><strong>Palabras del abuelo<\/strong> resume la experiencia vital de Graciano Garc\u00eda y condensa sus observaciones sobre el mundo, la vida y la sociedad. Vivencias que entrega en forma de libro para que los mayores compartan y ense\u00f1en, y los m\u00e1s peque\u00f1os aprendan consejos que podr\u00e1n guardar siempre con ellos, como cuando Graciano Garc\u00eda afirma que quiere ayudar a sus lectores \u201ca que encontr\u00e9is luz en la oscuridad, valor ante las dificultades, aliento para emprender y crear\u201d. Pero Palabras del abuelo no pretende adoctrinar, sino que busca ante todo animar a descubrir \u201cque la vida es apasionante y bella, y que vivir es un arte\u201d.<\/p>\n<p>Tras su debut en 2015 con Una tierra, una patria, un alma, un libro de poemas impactante que recog\u00eda la producci\u00f3n de Graciano Garc\u00eda de los \u00faltimos a\u00f1os; en 2017 volvi\u00f3 a imprenta con Teresa, un poema dedicado a una joven que cumpl\u00eda dieciocho a\u00f1os donde desgranaba valiosos consejos. En Palabras del abuelo repite la f\u00f3rmula de publicar un largo poema que condensa en una sola entrega la emoci\u00f3n y la reflexi\u00f3n. Todos ellos han sido publicados por <strong>Ediciones Nobel.<\/strong><\/p>\n","protected":false},"excerpt":{"rendered":"<p>Graciano Garc\u00eda vuelve a emocionar tres a\u00f1os despu\u00e9s de su debut en el mundo de la poes\u00eda con los versos que componen su nuevo libro \u00abPalabras del abuelo\u00bb, un largo poema que dedica a sus nietos pensando en realidad en todas las generaciones por venir, \u201cpara que no caminen solas y pisen firme; para que [&hellip;]<\/p>\n","protected":false},"author":1,"featured_media":931483,"comment_status":"closed","ping_status":"closed","sticky":false,"template":"","format":"standard","meta":{"footnotes":""},"categories":[50],"tags":[],"class_list":["post-1010426","post","type-post","status-publish","format-standard","has-post-thumbnail","hentry","category-revista-de-ocio"],"aioseo_notices":[],"aioseo_head":"\n\t\t<!-- All in One SEO Pro 4.9.6.2 - aioseo.com -->\n\t<meta name=\"description\" content=\"Graciano Garc\u00eda vuelve a emocionar tres a\u00f1os despu\u00e9s de su debut en el mundo de la poes\u00eda con los versos que componen su nuevo libro &quot;Palabras del abuelo&quot;, un largo poema que dedica a sus nietos pensando en realidad en todas las generaciones por venir, \u201cpara que no caminen solas y pisen firme; para que\" \/>\n\t<meta name=\"robots\" content=\"max-image-preview:large\" \/>\n\t<meta name=\"author\" content=\"El Digital de Asturias\"\/>\n\t<meta name=\"google-site-verification\" content=\"UA-38556648-1\" \/>\n\t<meta name=\"msvalidate.01\" content=\"7dfe9f3f1b24437ab69f4f2559babe99\" \/>\n\t<meta name=\"keywords\" content=\"revista de ocio\" \/>\n\t<link rel=\"canonical\" href=\"https:\/\/www.eldigitaldeasturias.com\/noticias\/graciano-garcia-publica-palabras-del-abuelo\/\" \/>\n\t<meta name=\"generator\" content=\"All in One SEO Pro (AIOSEO) 4.9.6.2\" \/>\n\t\t<meta property=\"og:locale\" content=\"es_ES\" \/>\n\t\t<meta property=\"og:site_name\" content=\"El Digital de Asturias\" \/>\n\t\t<meta property=\"og:type\" content=\"article\" \/>\n\t\t<meta property=\"og:title\" content=\"Graciano Garc\u00eda publica \u00abPalabras del abuelo\u00bb - El Digital de Asturias\" \/>\n\t\t<meta property=\"og:description\" content=\"Graciano Garc\u00eda vuelve a emocionar tres a\u00f1os despu\u00e9s de su debut en el mundo de la poes\u00eda con los versos que componen su nuevo libro &quot;Palabras del abuelo&quot;, un largo poema que dedica a sus nietos pensando en realidad en todas las generaciones por venir, \u201cpara que no caminen solas y pisen firme; para que\" \/>\n\t\t<meta property=\"og:url\" content=\"https:\/\/www.eldigitaldeasturias.com\/noticias\/graciano-garcia-publica-palabras-del-abuelo\/\" \/>\n\t\t<meta property=\"og:image\" content=\"https:\/\/www.eldigitaldeasturias.com\/noticias\/wp-content\/uploads\/2017\/03\/book-1291164_640.jpg\" \/>\n\t\t<meta property=\"og:image:secure_url\" content=\"https:\/\/www.eldigitaldeasturias.com\/noticias\/wp-content\/uploads\/2017\/03\/book-1291164_640.jpg\" \/>\n\t\t<meta property=\"og:image:width\" content=\"640\" \/>\n\t\t<meta property=\"og:image:height\" content=\"426\" \/>\n\t\t<meta property=\"article:tag\" content=\"revista de ocio\" \/>\n\t\t<meta property=\"article:published_time\" content=\"2018-12-11T23:10:55+00:00\" \/>\n\t\t<meta property=\"article:modified_time\" content=\"2018-12-11T23:10:55+00:00\" \/>\n\t\t<meta property=\"article:publisher\" content=\"https:\/\/facebook.com\/eldigitaldeasturias\" \/>\n\t\t<meta name=\"twitter:card\" content=\"summary_large_image\" \/>\n\t\t<meta name=\"twitter:title\" content=\"Graciano Garc\u00eda publica \u00abPalabras del abuelo\u00bb - El Digital de Asturias\" \/>\n\t\t<meta name=\"twitter:description\" content=\"Graciano Garc\u00eda vuelve a emocionar tres a\u00f1os despu\u00e9s de su debut en el mundo de la poes\u00eda con los versos que componen su nuevo libro &quot;Palabras del abuelo&quot;, un largo poema que dedica a sus nietos pensando en realidad en todas las generaciones por venir, \u201cpara que no caminen solas y pisen firme; para que\" \/>\n\t\t<meta name=\"twitter:image\" content=\"https:\/\/www.eldigitaldeasturias.com\/noticias\/wp-content\/uploads\/2017\/03\/book-1291164_640.jpg\" \/>\n\t\t<meta name=\"twitter:label1\" content=\"Escrito por\" \/>\n\t\t<meta name=\"twitter:data1\" content=\"El Digital de Asturias\" \/>\n\t\t<meta name=\"twitter:label2\" content=\"Tiempo de lectura estimado\" \/>\n\t\t<meta name=\"twitter:data2\" content=\"2 minutos\" \/>\n\t\t<script type=\"application\/ld+json\" class=\"aioseo-schema\">\n\t\t\t{\"@context\":\"https:\\\/\\\/schema.org\",\"@graph\":[{\"@type\":\"BlogPosting\",\"@id\":\"https:\\\/\\\/www.eldigitaldeasturias.com\\\/noticias\\\/graciano-garcia-publica-palabras-del-abuelo\\\/#blogposting\",\"name\":\"Graciano Garc\\u00eda publica \\u00abPalabras del abuelo\\u00bb - El Digital de Asturias\",\"headline\":\"Graciano Garc\\u00eda publica \\u00abPalabras del abuelo\\u00bb\",\"author\":{\"@id\":\"https:\\\/\\\/www.eldigitaldeasturias.com\\\/noticias\\\/author\\\/admin\\\/#author\"},\"publisher\":{\"@id\":\"https:\\\/\\\/www.eldigitaldeasturias.com\\\/noticias\\\/#organization\"},\"image\":{\"@type\":\"ImageObject\",\"url\":\"https:\\\/\\\/www.eldigitaldeasturias.com\\\/noticias\\\/wp-content\\\/uploads\\\/2017\\\/03\\\/book-1291164_640.jpg\",\"width\":640,\"height\":426},\"datePublished\":\"2018-12-11T23:10:55+01:00\",\"dateModified\":\"2018-12-11T23:10:55+01:00\",\"inLanguage\":\"es-ES\",\"mainEntityOfPage\":{\"@id\":\"https:\\\/\\\/www.eldigitaldeasturias.com\\\/noticias\\\/graciano-garcia-publica-palabras-del-abuelo\\\/#webpage\"},\"isPartOf\":{\"@id\":\"https:\\\/\\\/www.eldigitaldeasturias.com\\\/noticias\\\/graciano-garcia-publica-palabras-del-abuelo\\\/#webpage\"},\"articleSection\":\"Revista de Ocio\"},{\"@type\":\"BreadcrumbList\",\"@id\":\"https:\\\/\\\/www.eldigitaldeasturias.com\\\/noticias\\\/graciano-garcia-publica-palabras-del-abuelo\\\/#breadcrumblist\",\"itemListElement\":[{\"@type\":\"ListItem\",\"@id\":\"https:\\\/\\\/www.eldigitaldeasturias.com\\\/noticias#listItem\",\"position\":1,\"name\":\"Home\",\"item\":\"https:\\\/\\\/www.eldigitaldeasturias.com\\\/noticias\",\"nextItem\":{\"@type\":\"ListItem\",\"@id\":\"https:\\\/\\\/www.eldigitaldeasturias.com\\\/noticias\\\/category\\\/revista-de-ocio\\\/#listItem\",\"name\":\"Revista de Ocio\"}},{\"@type\":\"ListItem\",\"@id\":\"https:\\\/\\\/www.eldigitaldeasturias.com\\\/noticias\\\/category\\\/revista-de-ocio\\\/#listItem\",\"position\":2,\"name\":\"Revista de Ocio\",\"item\":\"https:\\\/\\\/www.eldigitaldeasturias.com\\\/noticias\\\/category\\\/revista-de-ocio\\\/\",\"nextItem\":{\"@type\":\"ListItem\",\"@id\":\"https:\\\/\\\/www.eldigitaldeasturias.com\\\/noticias\\\/graciano-garcia-publica-palabras-del-abuelo\\\/#listItem\",\"name\":\"Graciano Garc\\u00eda publica \\u00abPalabras del abuelo\\u00bb\"},\"previousItem\":{\"@type\":\"ListItem\",\"@id\":\"https:\\\/\\\/www.eldigitaldeasturias.com\\\/noticias#listItem\",\"name\":\"Home\"}},{\"@type\":\"ListItem\",\"@id\":\"https:\\\/\\\/www.eldigitaldeasturias.com\\\/noticias\\\/graciano-garcia-publica-palabras-del-abuelo\\\/#listItem\",\"position\":3,\"name\":\"Graciano Garc\\u00eda publica \\u00abPalabras del abuelo\\u00bb\",\"previousItem\":{\"@type\":\"ListItem\",\"@id\":\"https:\\\/\\\/www.eldigitaldeasturias.com\\\/noticias\\\/category\\\/revista-de-ocio\\\/#listItem\",\"name\":\"Revista de Ocio\"}}]},{\"@type\":\"Organization\",\"@id\":\"https:\\\/\\\/www.eldigitaldeasturias.com\\\/noticias\\\/#organization\",\"name\":\"El Digital de Asturias\",\"description\":\"Hemeroteca\",\"url\":\"https:\\\/\\\/www.eldigitaldeasturias.com\\\/noticias\\\/\",\"email\":\"info@eldigitaldeasturias.com\",\"telephone\":\"+34652131393\",\"logo\":{\"@type\":\"ImageObject\",\"url\":\"https:\\\/\\\/www.eldigitaldeasturias.com\\\/noticias\\\/wp-content\\\/uploads\\\/2020\\\/12\\\/EDA.jpg\",\"@id\":\"https:\\\/\\\/www.eldigitaldeasturias.com\\\/noticias\\\/graciano-garcia-publica-palabras-del-abuelo\\\/#organizationLogo\",\"width\":649,\"height\":297},\"image\":{\"@id\":\"https:\\\/\\\/www.eldigitaldeasturias.com\\\/noticias\\\/graciano-garcia-publica-palabras-del-abuelo\\\/#organizationLogo\"},\"sameAs\":[\"https:\\\/\\\/facebook.com\\\/eldigitaldeasturias\",\"https:\\\/\\\/www.youtube.com\\\/channel\\\/UCZP-2wLEB9Rv6erhFmqVnvg\"],\"address\":{\"@id\":\"https:\\\/\\\/www.eldigitaldeasturias.com\\\/noticias\\\/#postaladdress\",\"@type\":\"PostalAddress\",\"streetAddress\":\"san antonio 4,\",\"postalCode\":\"33430\",\"addressLocality\":\"Cand\\u00e1s\",\"addressRegion\":\"Asturias\",\"addressCountry\":\"ES\"}},{\"@type\":\"Person\",\"@id\":\"https:\\\/\\\/www.eldigitaldeasturias.com\\\/noticias\\\/author\\\/admin\\\/#author\",\"url\":\"https:\\\/\\\/www.eldigitaldeasturias.com\\\/noticias\\\/author\\\/admin\\\/\",\"name\":\"El Digital de Asturias\",\"image\":{\"@type\":\"ImageObject\",\"@id\":\"https:\\\/\\\/www.eldigitaldeasturias.com\\\/noticias\\\/graciano-garcia-publica-palabras-del-abuelo\\\/#authorImage\",\"url\":\"https:\\\/\\\/www.eldigitaldeasturias.com\\\/noticias\\\/wp-content\\\/litespeed\\\/avatar\\\/18677e78aa0546b92d9dbf31ec7d7668.jpg?ver=1777290358\",\"width\":96,\"height\":96,\"caption\":\"El Digital de Asturias\"}},{\"@type\":\"WebPage\",\"@id\":\"https:\\\/\\\/www.eldigitaldeasturias.com\\\/noticias\\\/graciano-garcia-publica-palabras-del-abuelo\\\/#webpage\",\"url\":\"https:\\\/\\\/www.eldigitaldeasturias.com\\\/noticias\\\/graciano-garcia-publica-palabras-del-abuelo\\\/\",\"name\":\"Graciano Garc\\u00eda publica \\u00abPalabras del abuelo\\u00bb - El Digital de Asturias\",\"description\":\"Graciano Garc\\u00eda vuelve a emocionar tres a\\u00f1os despu\\u00e9s de su debut en el mundo de la poes\\u00eda con los versos que componen su nuevo libro \\\"Palabras del abuelo\\\", un largo poema que dedica a sus nietos pensando en realidad en todas las generaciones por venir, \\u201cpara que no caminen solas y pisen firme; para que\",\"inLanguage\":\"es-ES\",\"isPartOf\":{\"@id\":\"https:\\\/\\\/www.eldigitaldeasturias.com\\\/noticias\\\/#website\"},\"breadcrumb\":{\"@id\":\"https:\\\/\\\/www.eldigitaldeasturias.com\\\/noticias\\\/graciano-garcia-publica-palabras-del-abuelo\\\/#breadcrumblist\"},\"author\":{\"@id\":\"https:\\\/\\\/www.eldigitaldeasturias.com\\\/noticias\\\/author\\\/admin\\\/#author\"},\"creator\":{\"@id\":\"https:\\\/\\\/www.eldigitaldeasturias.com\\\/noticias\\\/author\\\/admin\\\/#author\"},\"image\":{\"@type\":\"ImageObject\",\"url\":\"https:\\\/\\\/www.eldigitaldeasturias.com\\\/noticias\\\/wp-content\\\/uploads\\\/2017\\\/03\\\/book-1291164_640.jpg\",\"@id\":\"https:\\\/\\\/www.eldigitaldeasturias.com\\\/noticias\\\/graciano-garcia-publica-palabras-del-abuelo\\\/#mainImage\",\"width\":640,\"height\":426},\"primaryImageOfPage\":{\"@id\":\"https:\\\/\\\/www.eldigitaldeasturias.com\\\/noticias\\\/graciano-garcia-publica-palabras-del-abuelo\\\/#mainImage\"},\"datePublished\":\"2018-12-11T23:10:55+01:00\",\"dateModified\":\"2018-12-11T23:10:55+01:00\"},{\"@type\":\"WebSite\",\"@id\":\"https:\\\/\\\/www.eldigitaldeasturias.com\\\/noticias\\\/#website\",\"url\":\"https:\\\/\\\/www.eldigitaldeasturias.com\\\/noticias\\\/\",\"name\":\"El Digital de Asturias - Diario de actualidad y noticias\",\"alternateName\":\"El Digital de Asturias - Diario de actualidad y noticias\",\"description\":\"Hemeroteca\",\"inLanguage\":\"es-ES\",\"publisher\":{\"@id\":\"https:\\\/\\\/www.eldigitaldeasturias.com\\\/noticias\\\/#organization\"}}]}\n\t\t<\/script>\n\t\t<!-- All in One SEO Pro -->\r\n\t\t<title>Graciano Garc\u00eda publica \u00abPalabras del abuelo\u00bb - El Digital de Asturias<\/title>\n\n","aioseo_head_json":{"title":"Graciano Garc\u00eda publica \u00abPalabras del abuelo\u00bb - El Digital de Asturias","description":"Graciano Garc\u00eda vuelve a emocionar tres a\u00f1os despu\u00e9s de su debut en el mundo de la poes\u00eda con los versos que componen su nuevo libro \"Palabras del abuelo\", un largo poema que dedica a sus nietos pensando en realidad en todas las generaciones por venir, \u201cpara que no caminen solas y pisen firme; para que","canonical_url":"https:\/\/www.eldigitaldeasturias.com\/noticias\/graciano-garcia-publica-palabras-del-abuelo\/","robots":"max-image-preview:large","keywords":"revista de ocio","webmasterTools":{"google-site-verification":"UA-38556648-1","msvalidate.01":"7dfe9f3f1b24437ab69f4f2559babe99","miscellaneous":""},"schema":{"@context":"https:\/\/schema.org","@graph":[{"@type":"BlogPosting","@id":"https:\/\/www.eldigitaldeasturias.com\/noticias\/graciano-garcia-publica-palabras-del-abuelo\/#blogposting","name":"Graciano Garc\u00eda publica \u00abPalabras del abuelo\u00bb - El Digital de Asturias","headline":"Graciano Garc\u00eda publica \u00abPalabras del abuelo\u00bb","author":{"@id":"https:\/\/www.eldigitaldeasturias.com\/noticias\/author\/admin\/#author"},"publisher":{"@id":"https:\/\/www.eldigitaldeasturias.com\/noticias\/#organization"},"image":{"@type":"ImageObject","url":"https:\/\/www.eldigitaldeasturias.com\/noticias\/wp-content\/uploads\/2017\/03\/book-1291164_640.jpg","width":640,"height":426},"datePublished":"2018-12-11T23:10:55+01:00","dateModified":"2018-12-11T23:10:55+01:00","inLanguage":"es-ES","mainEntityOfPage":{"@id":"https:\/\/www.eldigitaldeasturias.com\/noticias\/graciano-garcia-publica-palabras-del-abuelo\/#webpage"},"isPartOf":{"@id":"https:\/\/www.eldigitaldeasturias.com\/noticias\/graciano-garcia-publica-palabras-del-abuelo\/#webpage"},"articleSection":"Revista de Ocio"},{"@type":"BreadcrumbList","@id":"https:\/\/www.eldigitaldeasturias.com\/noticias\/graciano-garcia-publica-palabras-del-abuelo\/#breadcrumblist","itemListElement":[{"@type":"ListItem","@id":"https:\/\/www.eldigitaldeasturias.com\/noticias#listItem","position":1,"name":"Home","item":"https:\/\/www.eldigitaldeasturias.com\/noticias","nextItem":{"@type":"ListItem","@id":"https:\/\/www.eldigitaldeasturias.com\/noticias\/category\/revista-de-ocio\/#listItem","name":"Revista de Ocio"}},{"@type":"ListItem","@id":"https:\/\/www.eldigitaldeasturias.com\/noticias\/category\/revista-de-ocio\/#listItem","position":2,"name":"Revista de Ocio","item":"https:\/\/www.eldigitaldeasturias.com\/noticias\/category\/revista-de-ocio\/","nextItem":{"@type":"ListItem","@id":"https:\/\/www.eldigitaldeasturias.com\/noticias\/graciano-garcia-publica-palabras-del-abuelo\/#listItem","name":"Graciano Garc\u00eda publica \u00abPalabras del abuelo\u00bb"},"previousItem":{"@type":"ListItem","@id":"https:\/\/www.eldigitaldeasturias.com\/noticias#listItem","name":"Home"}},{"@type":"ListItem","@id":"https:\/\/www.eldigitaldeasturias.com\/noticias\/graciano-garcia-publica-palabras-del-abuelo\/#listItem","position":3,"name":"Graciano Garc\u00eda publica \u00abPalabras del abuelo\u00bb","previousItem":{"@type":"ListItem","@id":"https:\/\/www.eldigitaldeasturias.com\/noticias\/category\/revista-de-ocio\/#listItem","name":"Revista de Ocio"}}]},{"@type":"Organization","@id":"https:\/\/www.eldigitaldeasturias.com\/noticias\/#organization","name":"El Digital de Asturias","description":"Hemeroteca","url":"https:\/\/www.eldigitaldeasturias.com\/noticias\/","email":"info@eldigitaldeasturias.com","telephone":"+34652131393","logo":{"@type":"ImageObject","url":"https:\/\/www.eldigitaldeasturias.com\/noticias\/wp-content\/uploads\/2020\/12\/EDA.jpg","@id":"https:\/\/www.eldigitaldeasturias.com\/noticias\/graciano-garcia-publica-palabras-del-abuelo\/#organizationLogo","width":649,"height":297},"image":{"@id":"https:\/\/www.eldigitaldeasturias.com\/noticias\/graciano-garcia-publica-palabras-del-abuelo\/#organizationLogo"},"sameAs":["https:\/\/facebook.com\/eldigitaldeasturias","https:\/\/www.youtube.com\/channel\/UCZP-2wLEB9Rv6erhFmqVnvg"],"address":{"@id":"https:\/\/www.eldigitaldeasturias.com\/noticias\/#postaladdress","@type":"PostalAddress","streetAddress":"san antonio 4,","postalCode":"33430","addressLocality":"Cand\u00e1s","addressRegion":"Asturias","addressCountry":"ES"}},{"@type":"Person","@id":"https:\/\/www.eldigitaldeasturias.com\/noticias\/author\/admin\/#author","url":"https:\/\/www.eldigitaldeasturias.com\/noticias\/author\/admin\/","name":"El Digital de Asturias","image":{"@type":"ImageObject","@id":"https:\/\/www.eldigitaldeasturias.com\/noticias\/graciano-garcia-publica-palabras-del-abuelo\/#authorImage","url":"https:\/\/www.eldigitaldeasturias.com\/noticias\/wp-content\/litespeed\/avatar\/18677e78aa0546b92d9dbf31ec7d7668.jpg?ver=1777290358","width":96,"height":96,"caption":"El Digital de Asturias"}},{"@type":"WebPage","@id":"https:\/\/www.eldigitaldeasturias.com\/noticias\/graciano-garcia-publica-palabras-del-abuelo\/#webpage","url":"https:\/\/www.eldigitaldeasturias.com\/noticias\/graciano-garcia-publica-palabras-del-abuelo\/","name":"Graciano Garc\u00eda publica \u00abPalabras del abuelo\u00bb - El Digital de Asturias","description":"Graciano Garc\u00eda vuelve a emocionar tres a\u00f1os despu\u00e9s de su debut en el mundo de la poes\u00eda con los versos que componen su nuevo libro \"Palabras del abuelo\", un largo poema que dedica a sus nietos pensando en realidad en todas las generaciones por venir, \u201cpara que no caminen solas y pisen firme; para que","inLanguage":"es-ES","isPartOf":{"@id":"https:\/\/www.eldigitaldeasturias.com\/noticias\/#website"},"breadcrumb":{"@id":"https:\/\/www.eldigitaldeasturias.com\/noticias\/graciano-garcia-publica-palabras-del-abuelo\/#breadcrumblist"},"author":{"@id":"https:\/\/www.eldigitaldeasturias.com\/noticias\/author\/admin\/#author"},"creator":{"@id":"https:\/\/www.eldigitaldeasturias.com\/noticias\/author\/admin\/#author"},"image":{"@type":"ImageObject","url":"https:\/\/www.eldigitaldeasturias.com\/noticias\/wp-content\/uploads\/2017\/03\/book-1291164_640.jpg","@id":"https:\/\/www.eldigitaldeasturias.com\/noticias\/graciano-garcia-publica-palabras-del-abuelo\/#mainImage","width":640,"height":426},"primaryImageOfPage":{"@id":"https:\/\/www.eldigitaldeasturias.com\/noticias\/graciano-garcia-publica-palabras-del-abuelo\/#mainImage"},"datePublished":"2018-12-11T23:10:55+01:00","dateModified":"2018-12-11T23:10:55+01:00"},{"@type":"WebSite","@id":"https:\/\/www.eldigitaldeasturias.com\/noticias\/#website","url":"https:\/\/www.eldigitaldeasturias.com\/noticias\/","name":"El Digital de Asturias - Diario de actualidad y noticias","alternateName":"El Digital de Asturias - Diario de actualidad y noticias","description":"Hemeroteca","inLanguage":"es-ES","publisher":{"@id":"https:\/\/www.eldigitaldeasturias.com\/noticias\/#organization"}}]},"og:locale":"es_ES","og:site_name":"El Digital de Asturias","og:type":"article","og:title":"Graciano Garc\u00eda publica \u00abPalabras del abuelo\u00bb - El Digital de Asturias","og:description":"Graciano Garc\u00eda vuelve a emocionar tres a\u00f1os despu\u00e9s de su debut en el mundo de la poes\u00eda con los versos que componen su nuevo libro &quot;Palabras del abuelo&quot;, un largo poema que dedica a sus nietos pensando en realidad en todas las generaciones por venir, \u201cpara que no caminen solas y pisen firme; para que","og:url":"https:\/\/www.eldigitaldeasturias.com\/noticias\/graciano-garcia-publica-palabras-del-abuelo\/","og:image":"https:\/\/www.eldigitaldeasturias.com\/noticias\/wp-content\/uploads\/2017\/03\/book-1291164_640.jpg","og:image:secure_url":"https:\/\/www.eldigitaldeasturias.com\/noticias\/wp-content\/uploads\/2017\/03\/book-1291164_640.jpg","og:image:width":640,"og:image:height":426,"article:tag":["revista de ocio"],"article:published_time":"2018-12-11T23:10:55+00:00","article:modified_time":"2018-12-11T23:10:55+00:00","article:publisher":"https:\/\/facebook.com\/eldigitaldeasturias","twitter:card":"summary_large_image","twitter:title":"Graciano Garc\u00eda publica \u00abPalabras del abuelo\u00bb - El Digital de Asturias","twitter:description":"Graciano Garc\u00eda vuelve a emocionar tres a\u00f1os despu\u00e9s de su debut en el mundo de la poes\u00eda con los versos que componen su nuevo libro &quot;Palabras del abuelo&quot;, un largo poema que dedica a sus nietos pensando en realidad en todas las generaciones por venir, \u201cpara que no caminen solas y pisen firme; para que","twitter:image":"https:\/\/www.eldigitaldeasturias.com\/noticias\/wp-content\/uploads\/2017\/03\/book-1291164_640.jpg","twitter:label1":"Escrito por","twitter:data1":"El Digital de Asturias","twitter:label2":"Tiempo de lectura estimado","twitter:data2":"2 minutos"},"aioseo_meta_data":{"post_id":"1010426","title":null,"description":null,"keywords":null,"keyphrases":null,"primary_term":null,"canonical_url":null,"og_title":null,"og_description":null,"og_object_type":"default","og_image_type":"default","og_image_url":null,"og_image_width":null,"og_image_height":null,"og_image_custom_url":null,"og_image_custom_fields":null,"og_video":null,"og_custom_url":null,"og_article_section":null,"og_article_tags":null,"twitter_use_og":false,"twitter_card":"default","twitter_image_type":"default","twitter_image_url":null,"twitter_image_custom_url":null,"twitter_image_custom_fields":null,"twitter_title":null,"twitter_description":null,"schema":{"blockGraphs":[],"customGraphs":[],"default":{"data":{"Article":[],"Course":[],"Dataset":[],"FAQPage":[],"Movie":[],"Person":[],"Product":[],"ProductReview":[],"Car":[],"Recipe":[],"Service":[],"SoftwareApplication":[],"WebPage":[]},"graphName":"","isEnabled":true},"graphs":[]},"schema_type":null,"schema_type_options":null,"pillar_content":false,"robots_default":true,"robots_noindex":false,"robots_noarchive":false,"robots_nosnippet":false,"robots_nofollow":false,"robots_noimageindex":false,"robots_noodp":false,"robots_notranslate":false,"robots_max_snippet":null,"robots_max_videopreview":null,"robots_max_imagepreview":"large","priority":null,"frequency":null,"local_seo":null,"seo_analyzer_scan_date":"2025-10-14 11:47:07","breadcrumb_settings":null,"limit_modified_date":false,"open_ai":null,"ai":null,"created":"2020-12-21 11:24:18","updated":"2025-10-14 11:47:07"},"aioseo_breadcrumb":"<div class=\"aioseo-breadcrumbs\"><span class=\"aioseo-breadcrumb\">\n\t<a href=\"https:\/\/www.eldigitaldeasturias.com\/noticias\" title=\"Home\">Home<\/a>\n<\/span><span class=\"aioseo-breadcrumb-separator\">\u2013<\/span><span class=\"aioseo-breadcrumb\">\n\t<a href=\"https:\/\/www.eldigitaldeasturias.com\/noticias\/category\/revista-de-ocio\/\" title=\"Revista de Ocio\">Revista de Ocio<\/a>\n<\/span><span class=\"aioseo-breadcrumb-separator\">\u2013<\/span><span class=\"aioseo-breadcrumb\">\n\t<a href=\"https:\/\/www.eldigitaldeasturias.com\/noticias\/graciano-garcia-publica-palabras-del-abuelo\/\" title=\"Graciano Garc\u00eda publica \u00abPalabras del abuelo\u00bb\">Graciano Garc\u00eda publica \u00abPalabras del abuelo\u00bb<\/a>\n<\/span><\/div>","aioseo_breadcrumb_json":[{"label":"Home","link":"https:\/\/www.eldigitaldeasturias.com\/noticias"},{"label":"Revista de Ocio","link":"https:\/\/www.eldigitaldeasturias.com\/noticias\/category\/revista-de-ocio\/"},{"label":"Graciano Garc\u00eda publica \u00abPalabras del abuelo\u00bb","link":"https:\/\/www.eldigitaldeasturias.com\/noticias\/graciano-garcia-publica-palabras-del-abuelo\/"}],"_links":{"self":[{"href":"https:\/\/www.eldigitaldeasturias.com\/noticias\/wp-json\/wp\/v2\/posts\/1010426","targetHints":{"allow":["GET"]}}],"collection":[{"href":"https:\/\/www.eldigitaldeasturias.com\/noticias\/wp-json\/wp\/v2\/posts"}],"about":[{"href":"https:\/\/www.eldigitaldeasturias.com\/noticias\/wp-json\/wp\/v2\/types\/post"}],"author":[{"embeddable":true,"href":"https:\/\/www.eldigitaldeasturias.com\/noticias\/wp-json\/wp\/v2\/users\/1"}],"replies":[{"embeddable":true,"href":"https:\/\/www.eldigitaldeasturias.com\/noticias\/wp-json\/wp\/v2\/comments?post=1010426"}],"version-history":[{"count":0,"href":"https:\/\/www.eldigitaldeasturias.com\/noticias\/wp-json\/wp\/v2\/posts\/1010426\/revisions"}],"wp:featuredmedia":[{"embeddable":true,"href":"https:\/\/www.eldigitaldeasturias.com\/noticias\/wp-json\/wp\/v2\/media\/931483"}],"wp:attachment":[{"href":"https:\/\/www.eldigitaldeasturias.com\/noticias\/wp-json\/wp\/v2\/media?parent=1010426"}],"wp:term":[{"taxonomy":"category","embeddable":true,"href":"https:\/\/www.eldigitaldeasturias.com\/noticias\/wp-json\/wp\/v2\/categories?post=1010426"},{"taxonomy":"post_tag","embeddable":true,"href":"https:\/\/www.eldigitaldeasturias.com\/noticias\/wp-json\/wp\/v2\/tags?post=1010426"}],"curies":[{"name":"wp","href":"https:\/\/api.w.org\/{rel}","templated":true}]}}