{"id":1009419,"date":"2018-12-04T18:18:51","date_gmt":"2018-12-04T18:18:51","guid":{"rendered":"https:\/\/www.eldigitaldeasturias.com\/noticias\/?p=1009419"},"modified":"2018-12-27T04:59:33","modified_gmt":"2018-12-27T04:59:33","slug":"breda-gana-el-premio-ciudad-accesible-de-2019-de-la-ue","status":"publish","type":"post","link":"https:\/\/www.eldigitaldeasturias.com\/noticias\/breda-gana-el-premio-ciudad-accesible-de-2019-de-la-ue\/","title":{"rendered":"Breda gana el premio \u201cCiudad Accesible de 2019\u201d de la UE"},"content":{"rendered":"<p><img loading=\"lazy\" decoding=\"async\" class=\"alignleft size-medium wp-image-1009420\" src=\"https:\/\/www.eldigitaldeasturias.com\/noticias\/wp-content\/uploads\/2018\/12\/breda-360x214.jpg\" alt=\"\" width=\"360\" height=\"214\" srcset=\"https:\/\/www.eldigitaldeasturias.com\/noticias\/wp-content\/uploads\/2018\/12\/breda-360x214.jpg 360w, https:\/\/www.eldigitaldeasturias.com\/noticias\/wp-content\/uploads\/2018\/12\/breda-768x457.jpg 768w, https:\/\/www.eldigitaldeasturias.com\/noticias\/wp-content\/uploads\/2018\/12\/breda-650x387.jpg 650w, https:\/\/www.eldigitaldeasturias.com\/noticias\/wp-content\/uploads\/2018\/12\/breda.jpg 1920w\" sizes=\"auto, (max-width: 360px) 100vw, 360px\" \/>La Comisi\u00f3n Europea anunci\u00f3 este lunes mediante un comunicado de prensa que la ciudad de Breda ha ganado el premio \u201cCiudad Accesible de 2019\u201d por ser la ciudad de la UE m\u00e1s accesible para los ciudadanos con discapacidad.<\/p>\n<p>El comunicado original expone lo siguiente:<\/p>\n<p>\u201cEl premio Ciudad Accesible de 2019 recae en la ciudad de Breda, en los Pa\u00edses Bajos, por realizar continuas mejoras para facilitar la vida de las personas con discapacidad.<\/p>\n<p>La ceremonia de entrega del premio Ciudad Accesible ha tenido lugar esta ma\u00f1ana en Bruselas. Breda es una fuente de inspiraci\u00f3n para las ciudades europeas y, en general, para cualquier ciudad que afronte retos similares.<\/p>\n<p>En la ceremonia de entrega, la comisaria europea de Empleo, Asuntos Sociales, Capacidades y Movilidad Laboral, Marianne Thyssen, ha declarado: \u00abLas personas con discapacidad se sienten, con demasiada frecuencia, aisladas porque no pueden acceder a los espacios p\u00fablicos o al transporte. En Breda, los lugares p\u00fablicos, como los parques y las tiendas, son accesibles para todos. Las tecnolog\u00edas digitales garantizan que todos los ciudadanos puedan desplazarse usando el transporte p\u00fablico. Y las inversiones compensan a la ciudad: el turismo prospera gracias al compromiso de Breda con la inclusi\u00f3n. En un futuro pr\u00f3ximo, el Acta Europea de Accesibilidad complementar\u00e1 los esfuerzos de Breda estableciendo normas europeas en materia de accesibilidad para productos y servicios clave. La combinaci\u00f3n de nuestros esfuerzos a nivel local y europeo supone un punto de inflexi\u00f3n para los m\u00e1s de ochenta millones de europeos con discapacidad\u00bb.<\/p>\n<p>A fin de celebrar el A\u00f1o Europeo del Patrimonio Cultural, se han otorgado tambi\u00e9n premios a ciudades que han realizado esfuerzos excepcionales para hacer accesible su patrimonio cultural. Al hacer entrega de los trofeos, el comisario de Educaci\u00f3n, Cultura, Juventud y Deporte, Tibor Navracsics, ha declarado: \u00abHacer posible que todo el mundo pueda descubrir el patrimonio cultural y disfrutar de \u00e9l es uno de los principales objetivos del A\u00f1o Europeo del Patrimonio Cultural. Por ello, estoy encantado de que la edici\u00f3n de este a\u00f1o del premio Ciudad Accesible otorgue un premio especial a dos ciudades que han hecho sus enclaves de patrimonio cultural m\u00e1s accesibles. Mi enhorabuena a Viborg, en Dinamarca, y a Monteverde, en Italia, por las medidas que han adoptado, y espero que muchas otras ciudades sigan su ejemplo\u00bb.<\/p>\n<p>La Comisi\u00f3n Europea ha recibido cincuenta y dos candidaturas para el premio Ciudad Accesible de 2019. La ciudad de \u00c9vreux, en Francia, y la ciudad de Gdynia, en Polonia, han quedado en segundo y tercer lugar. El jurado ha alabado a \u00c9vreux por su especial atenci\u00f3n a las discapacidades invisibles, y a Gdynia por sus iniciativas para incluir a las personas con discapacidad intelectual. Por \u00faltimo, Kaposv\u00e1r, en Hungr\u00eda, y Vigo, en Espa\u00f1a, han recibido una menci\u00f3n especial, que reconoce las continuas mejoras de Kaposv\u00e1r y la arquitectura innovadora de Vigo en una dif\u00edcil topograf\u00eda\u201d, concluye el comunicado de la Comisi\u00f3n Europea.<\/p>\n<p>&nbsp;<\/p>\n","protected":false},"excerpt":{"rendered":"<p>La Comisi\u00f3n Europea anunci\u00f3 este lunes mediante un comunicado de prensa que la ciudad de Breda ha ganado el premio \u201cCiudad Accesible de 2019\u201d por ser la ciudad de la UE m\u00e1s accesible para los ciudadanos con discapacidad. El comunicado original expone lo siguiente: \u201cEl premio Ciudad Accesible de 2019 recae en la ciudad de [&hellip;]<\/p>\n","protected":false},"author":1,"featured_media":1009420,"comment_status":"closed","ping_status":"closed","sticky":false,"template":"","format":"standard","meta":{"footnotes":""},"categories":[1],"tags":[],"class_list":["post-1009419","post","type-post","status-publish","format-standard","has-post-thumbnail","hentry","category-actualidad"],"aioseo_notices":[],"aioseo_head":"\n\t\t<!-- All in One SEO Pro 4.9.6.2 - aioseo.com -->\n\t<meta name=\"description\" content=\"La Comisi\u00f3n Europea anunci\u00f3 este lunes mediante un comunicado de prensa que la ciudad de Breda ha ganado el premio \u201cCiudad Accesible de 2019\u201d por ser la ciudad de la UE m\u00e1s accesible para los ciudadanos con discapacidad. El comunicado original expone lo siguiente: \u201cEl premio Ciudad Accesible de 2019 recae en la ciudad de\" \/>\n\t<meta name=\"robots\" content=\"max-image-preview:large\" \/>\n\t<meta name=\"author\" content=\"El Digital de Asturias\"\/>\n\t<meta name=\"google-site-verification\" content=\"UA-38556648-1\" \/>\n\t<meta name=\"msvalidate.01\" content=\"7dfe9f3f1b24437ab69f4f2559babe99\" \/>\n\t<meta name=\"keywords\" content=\"actualidad\" \/>\n\t<link rel=\"canonical\" href=\"https:\/\/www.eldigitaldeasturias.com\/noticias\/breda-gana-el-premio-ciudad-accesible-de-2019-de-la-ue\/\" \/>\n\t<meta name=\"generator\" content=\"All in One SEO Pro (AIOSEO) 4.9.6.2\" \/>\n\t\t<meta property=\"og:locale\" content=\"es_ES\" \/>\n\t\t<meta property=\"og:site_name\" content=\"El Digital de Asturias\" \/>\n\t\t<meta property=\"og:type\" content=\"article\" \/>\n\t\t<meta property=\"og:title\" content=\"Breda gana el premio \u201cCiudad Accesible de 2019\u201d de la UE - El Digital de Asturias\" \/>\n\t\t<meta property=\"og:description\" content=\"La Comisi\u00f3n Europea anunci\u00f3 este lunes mediante un comunicado de prensa que la ciudad de Breda ha ganado el premio \u201cCiudad Accesible de 2019\u201d por ser la ciudad de la UE m\u00e1s accesible para los ciudadanos con discapacidad. El comunicado original expone lo siguiente: \u201cEl premio Ciudad Accesible de 2019 recae en la ciudad de\" \/>\n\t\t<meta property=\"og:url\" content=\"https:\/\/www.eldigitaldeasturias.com\/noticias\/breda-gana-el-premio-ciudad-accesible-de-2019-de-la-ue\/\" \/>\n\t\t<meta property=\"og:image\" content=\"https:\/\/www.eldigitaldeasturias.com\/noticias\/wp-content\/uploads\/2018\/12\/breda.jpg\" \/>\n\t\t<meta property=\"og:image:secure_url\" content=\"https:\/\/www.eldigitaldeasturias.com\/noticias\/wp-content\/uploads\/2018\/12\/breda.jpg\" \/>\n\t\t<meta property=\"og:image:width\" content=\"1920\" \/>\n\t\t<meta property=\"og:image:height\" content=\"1142\" \/>\n\t\t<meta property=\"article:tag\" content=\"actualidad\" \/>\n\t\t<meta property=\"article:published_time\" content=\"2018-12-04T18:18:51+00:00\" \/>\n\t\t<meta property=\"article:modified_time\" content=\"2018-12-27T04:59:33+00:00\" \/>\n\t\t<meta property=\"article:publisher\" content=\"https:\/\/facebook.com\/eldigitaldeasturias\" \/>\n\t\t<meta name=\"twitter:card\" content=\"summary_large_image\" \/>\n\t\t<meta name=\"twitter:title\" content=\"Breda gana el premio \u201cCiudad Accesible de 2019\u201d de la UE - El Digital de Asturias\" \/>\n\t\t<meta name=\"twitter:description\" content=\"La Comisi\u00f3n Europea anunci\u00f3 este lunes mediante un comunicado de prensa que la ciudad de Breda ha ganado el premio \u201cCiudad Accesible de 2019\u201d por ser la ciudad de la UE m\u00e1s accesible para los ciudadanos con discapacidad. El comunicado original expone lo siguiente: \u201cEl premio Ciudad Accesible de 2019 recae en la ciudad de\" \/>\n\t\t<meta name=\"twitter:image\" content=\"https:\/\/www.eldigitaldeasturias.com\/noticias\/wp-content\/uploads\/2018\/12\/breda.jpg\" \/>\n\t\t<meta name=\"twitter:label1\" content=\"Escrito por\" \/>\n\t\t<meta name=\"twitter:data1\" content=\"El Digital de Asturias\" \/>\n\t\t<meta name=\"twitter:label2\" content=\"Tiempo de lectura estimado\" \/>\n\t\t<meta name=\"twitter:data2\" content=\"3 minutos\" \/>\n\t\t<script type=\"application\/ld+json\" class=\"aioseo-schema\">\n\t\t\t{\"@context\":\"https:\\\/\\\/schema.org\",\"@graph\":[{\"@type\":\"BlogPosting\",\"@id\":\"https:\\\/\\\/www.eldigitaldeasturias.com\\\/noticias\\\/breda-gana-el-premio-ciudad-accesible-de-2019-de-la-ue\\\/#blogposting\",\"name\":\"Breda gana el premio \\u201cCiudad Accesible de 2019\\u201d de la UE - El Digital de Asturias\",\"headline\":\"Breda gana el premio \\u201cCiudad Accesible de 2019\\u201d de la UE\",\"author\":{\"@id\":\"https:\\\/\\\/www.eldigitaldeasturias.com\\\/noticias\\\/author\\\/admin\\\/#author\"},\"publisher\":{\"@id\":\"https:\\\/\\\/www.eldigitaldeasturias.com\\\/noticias\\\/#organization\"},\"image\":{\"@type\":\"ImageObject\",\"url\":\"https:\\\/\\\/www.eldigitaldeasturias.com\\\/noticias\\\/wp-content\\\/uploads\\\/2018\\\/12\\\/breda.jpg\",\"width\":1920,\"height\":1142},\"datePublished\":\"2018-12-04T18:18:51+01:00\",\"dateModified\":\"2018-12-27T04:59:33+01:00\",\"inLanguage\":\"es-ES\",\"mainEntityOfPage\":{\"@id\":\"https:\\\/\\\/www.eldigitaldeasturias.com\\\/noticias\\\/breda-gana-el-premio-ciudad-accesible-de-2019-de-la-ue\\\/#webpage\"},\"isPartOf\":{\"@id\":\"https:\\\/\\\/www.eldigitaldeasturias.com\\\/noticias\\\/breda-gana-el-premio-ciudad-accesible-de-2019-de-la-ue\\\/#webpage\"},\"articleSection\":\"Actualidad\"},{\"@type\":\"BreadcrumbList\",\"@id\":\"https:\\\/\\\/www.eldigitaldeasturias.com\\\/noticias\\\/breda-gana-el-premio-ciudad-accesible-de-2019-de-la-ue\\\/#breadcrumblist\",\"itemListElement\":[{\"@type\":\"ListItem\",\"@id\":\"https:\\\/\\\/www.eldigitaldeasturias.com\\\/noticias#listItem\",\"position\":1,\"name\":\"Home\",\"item\":\"https:\\\/\\\/www.eldigitaldeasturias.com\\\/noticias\",\"nextItem\":{\"@type\":\"ListItem\",\"@id\":\"https:\\\/\\\/www.eldigitaldeasturias.com\\\/noticias\\\/category\\\/actualidad\\\/#listItem\",\"name\":\"Actualidad\"}},{\"@type\":\"ListItem\",\"@id\":\"https:\\\/\\\/www.eldigitaldeasturias.com\\\/noticias\\\/category\\\/actualidad\\\/#listItem\",\"position\":2,\"name\":\"Actualidad\",\"item\":\"https:\\\/\\\/www.eldigitaldeasturias.com\\\/noticias\\\/category\\\/actualidad\\\/\",\"nextItem\":{\"@type\":\"ListItem\",\"@id\":\"https:\\\/\\\/www.eldigitaldeasturias.com\\\/noticias\\\/breda-gana-el-premio-ciudad-accesible-de-2019-de-la-ue\\\/#listItem\",\"name\":\"Breda gana el premio \\u201cCiudad Accesible de 2019\\u201d de la UE\"},\"previousItem\":{\"@type\":\"ListItem\",\"@id\":\"https:\\\/\\\/www.eldigitaldeasturias.com\\\/noticias#listItem\",\"name\":\"Home\"}},{\"@type\":\"ListItem\",\"@id\":\"https:\\\/\\\/www.eldigitaldeasturias.com\\\/noticias\\\/breda-gana-el-premio-ciudad-accesible-de-2019-de-la-ue\\\/#listItem\",\"position\":3,\"name\":\"Breda gana el premio \\u201cCiudad Accesible de 2019\\u201d de la UE\",\"previousItem\":{\"@type\":\"ListItem\",\"@id\":\"https:\\\/\\\/www.eldigitaldeasturias.com\\\/noticias\\\/category\\\/actualidad\\\/#listItem\",\"name\":\"Actualidad\"}}]},{\"@type\":\"Organization\",\"@id\":\"https:\\\/\\\/www.eldigitaldeasturias.com\\\/noticias\\\/#organization\",\"name\":\"El Digital de Asturias\",\"description\":\"Hemeroteca\",\"url\":\"https:\\\/\\\/www.eldigitaldeasturias.com\\\/noticias\\\/\",\"email\":\"info@eldigitaldeasturias.com\",\"telephone\":\"+34652131393\",\"logo\":{\"@type\":\"ImageObject\",\"url\":\"https:\\\/\\\/www.eldigitaldeasturias.com\\\/noticias\\\/wp-content\\\/uploads\\\/2020\\\/12\\\/EDA.jpg\",\"@id\":\"https:\\\/\\\/www.eldigitaldeasturias.com\\\/noticias\\\/breda-gana-el-premio-ciudad-accesible-de-2019-de-la-ue\\\/#organizationLogo\",\"width\":649,\"height\":297},\"image\":{\"@id\":\"https:\\\/\\\/www.eldigitaldeasturias.com\\\/noticias\\\/breda-gana-el-premio-ciudad-accesible-de-2019-de-la-ue\\\/#organizationLogo\"},\"sameAs\":[\"https:\\\/\\\/facebook.com\\\/eldigitaldeasturias\",\"https:\\\/\\\/www.youtube.com\\\/channel\\\/UCZP-2wLEB9Rv6erhFmqVnvg\"],\"address\":{\"@id\":\"https:\\\/\\\/www.eldigitaldeasturias.com\\\/noticias\\\/#postaladdress\",\"@type\":\"PostalAddress\",\"streetAddress\":\"san antonio 4,\",\"postalCode\":\"33430\",\"addressLocality\":\"Cand\\u00e1s\",\"addressRegion\":\"Asturias\",\"addressCountry\":\"ES\"}},{\"@type\":\"Person\",\"@id\":\"https:\\\/\\\/www.eldigitaldeasturias.com\\\/noticias\\\/author\\\/admin\\\/#author\",\"url\":\"https:\\\/\\\/www.eldigitaldeasturias.com\\\/noticias\\\/author\\\/admin\\\/\",\"name\":\"El Digital de Asturias\",\"image\":{\"@type\":\"ImageObject\",\"@id\":\"https:\\\/\\\/www.eldigitaldeasturias.com\\\/noticias\\\/breda-gana-el-premio-ciudad-accesible-de-2019-de-la-ue\\\/#authorImage\",\"url\":\"https:\\\/\\\/www.eldigitaldeasturias.com\\\/noticias\\\/wp-content\\\/litespeed\\\/avatar\\\/18677e78aa0546b92d9dbf31ec7d7668.jpg?ver=1777290358\",\"width\":96,\"height\":96,\"caption\":\"El Digital de Asturias\"}},{\"@type\":\"WebPage\",\"@id\":\"https:\\\/\\\/www.eldigitaldeasturias.com\\\/noticias\\\/breda-gana-el-premio-ciudad-accesible-de-2019-de-la-ue\\\/#webpage\",\"url\":\"https:\\\/\\\/www.eldigitaldeasturias.com\\\/noticias\\\/breda-gana-el-premio-ciudad-accesible-de-2019-de-la-ue\\\/\",\"name\":\"Breda gana el premio \\u201cCiudad Accesible de 2019\\u201d de la UE - El Digital de Asturias\",\"description\":\"La Comisi\\u00f3n Europea anunci\\u00f3 este lunes mediante un comunicado de prensa que la ciudad de Breda ha ganado el premio \\u201cCiudad Accesible de 2019\\u201d por ser la ciudad de la UE m\\u00e1s accesible para los ciudadanos con discapacidad. El comunicado original expone lo siguiente: \\u201cEl premio Ciudad Accesible de 2019 recae en la ciudad de\",\"inLanguage\":\"es-ES\",\"isPartOf\":{\"@id\":\"https:\\\/\\\/www.eldigitaldeasturias.com\\\/noticias\\\/#website\"},\"breadcrumb\":{\"@id\":\"https:\\\/\\\/www.eldigitaldeasturias.com\\\/noticias\\\/breda-gana-el-premio-ciudad-accesible-de-2019-de-la-ue\\\/#breadcrumblist\"},\"author\":{\"@id\":\"https:\\\/\\\/www.eldigitaldeasturias.com\\\/noticias\\\/author\\\/admin\\\/#author\"},\"creator\":{\"@id\":\"https:\\\/\\\/www.eldigitaldeasturias.com\\\/noticias\\\/author\\\/admin\\\/#author\"},\"image\":{\"@type\":\"ImageObject\",\"url\":\"https:\\\/\\\/www.eldigitaldeasturias.com\\\/noticias\\\/wp-content\\\/uploads\\\/2018\\\/12\\\/breda.jpg\",\"@id\":\"https:\\\/\\\/www.eldigitaldeasturias.com\\\/noticias\\\/breda-gana-el-premio-ciudad-accesible-de-2019-de-la-ue\\\/#mainImage\",\"width\":1920,\"height\":1142},\"primaryImageOfPage\":{\"@id\":\"https:\\\/\\\/www.eldigitaldeasturias.com\\\/noticias\\\/breda-gana-el-premio-ciudad-accesible-de-2019-de-la-ue\\\/#mainImage\"},\"datePublished\":\"2018-12-04T18:18:51+01:00\",\"dateModified\":\"2018-12-27T04:59:33+01:00\"},{\"@type\":\"WebSite\",\"@id\":\"https:\\\/\\\/www.eldigitaldeasturias.com\\\/noticias\\\/#website\",\"url\":\"https:\\\/\\\/www.eldigitaldeasturias.com\\\/noticias\\\/\",\"name\":\"El Digital de Asturias - Diario de actualidad y noticias\",\"alternateName\":\"El Digital de Asturias - Diario de actualidad y noticias\",\"description\":\"Hemeroteca\",\"inLanguage\":\"es-ES\",\"publisher\":{\"@id\":\"https:\\\/\\\/www.eldigitaldeasturias.com\\\/noticias\\\/#organization\"}}]}\n\t\t<\/script>\n\t\t<!-- All in One SEO Pro -->\r\n\t\t<title>Breda gana el premio \u201cCiudad Accesible de 2019\u201d de la UE - El Digital de Asturias<\/title>\n\n","aioseo_head_json":{"title":"Breda gana el premio \u201cCiudad Accesible de 2019\u201d de la UE - El Digital de Asturias","description":"La Comisi\u00f3n Europea anunci\u00f3 este lunes mediante un comunicado de prensa que la ciudad de Breda ha ganado el premio \u201cCiudad Accesible de 2019\u201d por ser la ciudad de la UE m\u00e1s accesible para los ciudadanos con discapacidad. El comunicado original expone lo siguiente: \u201cEl premio Ciudad Accesible de 2019 recae en la ciudad de","canonical_url":"https:\/\/www.eldigitaldeasturias.com\/noticias\/breda-gana-el-premio-ciudad-accesible-de-2019-de-la-ue\/","robots":"max-image-preview:large","keywords":"actualidad","webmasterTools":{"google-site-verification":"UA-38556648-1","msvalidate.01":"7dfe9f3f1b24437ab69f4f2559babe99","miscellaneous":""},"schema":{"@context":"https:\/\/schema.org","@graph":[{"@type":"BlogPosting","@id":"https:\/\/www.eldigitaldeasturias.com\/noticias\/breda-gana-el-premio-ciudad-accesible-de-2019-de-la-ue\/#blogposting","name":"Breda gana el premio \u201cCiudad Accesible de 2019\u201d de la UE - El Digital de Asturias","headline":"Breda gana el premio \u201cCiudad Accesible de 2019\u201d de la UE","author":{"@id":"https:\/\/www.eldigitaldeasturias.com\/noticias\/author\/admin\/#author"},"publisher":{"@id":"https:\/\/www.eldigitaldeasturias.com\/noticias\/#organization"},"image":{"@type":"ImageObject","url":"https:\/\/www.eldigitaldeasturias.com\/noticias\/wp-content\/uploads\/2018\/12\/breda.jpg","width":1920,"height":1142},"datePublished":"2018-12-04T18:18:51+01:00","dateModified":"2018-12-27T04:59:33+01:00","inLanguage":"es-ES","mainEntityOfPage":{"@id":"https:\/\/www.eldigitaldeasturias.com\/noticias\/breda-gana-el-premio-ciudad-accesible-de-2019-de-la-ue\/#webpage"},"isPartOf":{"@id":"https:\/\/www.eldigitaldeasturias.com\/noticias\/breda-gana-el-premio-ciudad-accesible-de-2019-de-la-ue\/#webpage"},"articleSection":"Actualidad"},{"@type":"BreadcrumbList","@id":"https:\/\/www.eldigitaldeasturias.com\/noticias\/breda-gana-el-premio-ciudad-accesible-de-2019-de-la-ue\/#breadcrumblist","itemListElement":[{"@type":"ListItem","@id":"https:\/\/www.eldigitaldeasturias.com\/noticias#listItem","position":1,"name":"Home","item":"https:\/\/www.eldigitaldeasturias.com\/noticias","nextItem":{"@type":"ListItem","@id":"https:\/\/www.eldigitaldeasturias.com\/noticias\/category\/actualidad\/#listItem","name":"Actualidad"}},{"@type":"ListItem","@id":"https:\/\/www.eldigitaldeasturias.com\/noticias\/category\/actualidad\/#listItem","position":2,"name":"Actualidad","item":"https:\/\/www.eldigitaldeasturias.com\/noticias\/category\/actualidad\/","nextItem":{"@type":"ListItem","@id":"https:\/\/www.eldigitaldeasturias.com\/noticias\/breda-gana-el-premio-ciudad-accesible-de-2019-de-la-ue\/#listItem","name":"Breda gana el premio \u201cCiudad Accesible de 2019\u201d de la UE"},"previousItem":{"@type":"ListItem","@id":"https:\/\/www.eldigitaldeasturias.com\/noticias#listItem","name":"Home"}},{"@type":"ListItem","@id":"https:\/\/www.eldigitaldeasturias.com\/noticias\/breda-gana-el-premio-ciudad-accesible-de-2019-de-la-ue\/#listItem","position":3,"name":"Breda gana el premio \u201cCiudad Accesible de 2019\u201d de la UE","previousItem":{"@type":"ListItem","@id":"https:\/\/www.eldigitaldeasturias.com\/noticias\/category\/actualidad\/#listItem","name":"Actualidad"}}]},{"@type":"Organization","@id":"https:\/\/www.eldigitaldeasturias.com\/noticias\/#organization","name":"El Digital de Asturias","description":"Hemeroteca","url":"https:\/\/www.eldigitaldeasturias.com\/noticias\/","email":"info@eldigitaldeasturias.com","telephone":"+34652131393","logo":{"@type":"ImageObject","url":"https:\/\/www.eldigitaldeasturias.com\/noticias\/wp-content\/uploads\/2020\/12\/EDA.jpg","@id":"https:\/\/www.eldigitaldeasturias.com\/noticias\/breda-gana-el-premio-ciudad-accesible-de-2019-de-la-ue\/#organizationLogo","width":649,"height":297},"image":{"@id":"https:\/\/www.eldigitaldeasturias.com\/noticias\/breda-gana-el-premio-ciudad-accesible-de-2019-de-la-ue\/#organizationLogo"},"sameAs":["https:\/\/facebook.com\/eldigitaldeasturias","https:\/\/www.youtube.com\/channel\/UCZP-2wLEB9Rv6erhFmqVnvg"],"address":{"@id":"https:\/\/www.eldigitaldeasturias.com\/noticias\/#postaladdress","@type":"PostalAddress","streetAddress":"san antonio 4,","postalCode":"33430","addressLocality":"Cand\u00e1s","addressRegion":"Asturias","addressCountry":"ES"}},{"@type":"Person","@id":"https:\/\/www.eldigitaldeasturias.com\/noticias\/author\/admin\/#author","url":"https:\/\/www.eldigitaldeasturias.com\/noticias\/author\/admin\/","name":"El Digital de Asturias","image":{"@type":"ImageObject","@id":"https:\/\/www.eldigitaldeasturias.com\/noticias\/breda-gana-el-premio-ciudad-accesible-de-2019-de-la-ue\/#authorImage","url":"https:\/\/www.eldigitaldeasturias.com\/noticias\/wp-content\/litespeed\/avatar\/18677e78aa0546b92d9dbf31ec7d7668.jpg?ver=1777290358","width":96,"height":96,"caption":"El Digital de Asturias"}},{"@type":"WebPage","@id":"https:\/\/www.eldigitaldeasturias.com\/noticias\/breda-gana-el-premio-ciudad-accesible-de-2019-de-la-ue\/#webpage","url":"https:\/\/www.eldigitaldeasturias.com\/noticias\/breda-gana-el-premio-ciudad-accesible-de-2019-de-la-ue\/","name":"Breda gana el premio \u201cCiudad Accesible de 2019\u201d de la UE - El Digital de Asturias","description":"La Comisi\u00f3n Europea anunci\u00f3 este lunes mediante un comunicado de prensa que la ciudad de Breda ha ganado el premio \u201cCiudad Accesible de 2019\u201d por ser la ciudad de la UE m\u00e1s accesible para los ciudadanos con discapacidad. El comunicado original expone lo siguiente: \u201cEl premio Ciudad Accesible de 2019 recae en la ciudad de","inLanguage":"es-ES","isPartOf":{"@id":"https:\/\/www.eldigitaldeasturias.com\/noticias\/#website"},"breadcrumb":{"@id":"https:\/\/www.eldigitaldeasturias.com\/noticias\/breda-gana-el-premio-ciudad-accesible-de-2019-de-la-ue\/#breadcrumblist"},"author":{"@id":"https:\/\/www.eldigitaldeasturias.com\/noticias\/author\/admin\/#author"},"creator":{"@id":"https:\/\/www.eldigitaldeasturias.com\/noticias\/author\/admin\/#author"},"image":{"@type":"ImageObject","url":"https:\/\/www.eldigitaldeasturias.com\/noticias\/wp-content\/uploads\/2018\/12\/breda.jpg","@id":"https:\/\/www.eldigitaldeasturias.com\/noticias\/breda-gana-el-premio-ciudad-accesible-de-2019-de-la-ue\/#mainImage","width":1920,"height":1142},"primaryImageOfPage":{"@id":"https:\/\/www.eldigitaldeasturias.com\/noticias\/breda-gana-el-premio-ciudad-accesible-de-2019-de-la-ue\/#mainImage"},"datePublished":"2018-12-04T18:18:51+01:00","dateModified":"2018-12-27T04:59:33+01:00"},{"@type":"WebSite","@id":"https:\/\/www.eldigitaldeasturias.com\/noticias\/#website","url":"https:\/\/www.eldigitaldeasturias.com\/noticias\/","name":"El Digital de Asturias - Diario de actualidad y noticias","alternateName":"El Digital de Asturias - Diario de actualidad y noticias","description":"Hemeroteca","inLanguage":"es-ES","publisher":{"@id":"https:\/\/www.eldigitaldeasturias.com\/noticias\/#organization"}}]},"og:locale":"es_ES","og:site_name":"El Digital de Asturias","og:type":"article","og:title":"Breda gana el premio \u201cCiudad Accesible de 2019\u201d de la UE - El Digital de Asturias","og:description":"La Comisi\u00f3n Europea anunci\u00f3 este lunes mediante un comunicado de prensa que la ciudad de Breda ha ganado el premio \u201cCiudad Accesible de 2019\u201d por ser la ciudad de la UE m\u00e1s accesible para los ciudadanos con discapacidad. El comunicado original expone lo siguiente: \u201cEl premio Ciudad Accesible de 2019 recae en la ciudad de","og:url":"https:\/\/www.eldigitaldeasturias.com\/noticias\/breda-gana-el-premio-ciudad-accesible-de-2019-de-la-ue\/","og:image":"https:\/\/www.eldigitaldeasturias.com\/noticias\/wp-content\/uploads\/2018\/12\/breda.jpg","og:image:secure_url":"https:\/\/www.eldigitaldeasturias.com\/noticias\/wp-content\/uploads\/2018\/12\/breda.jpg","og:image:width":1920,"og:image:height":1142,"article:tag":["actualidad"],"article:published_time":"2018-12-04T18:18:51+00:00","article:modified_time":"2018-12-27T04:59:33+00:00","article:publisher":"https:\/\/facebook.com\/eldigitaldeasturias","twitter:card":"summary_large_image","twitter:title":"Breda gana el premio \u201cCiudad Accesible de 2019\u201d de la UE - El Digital de Asturias","twitter:description":"La Comisi\u00f3n Europea anunci\u00f3 este lunes mediante un comunicado de prensa que la ciudad de Breda ha ganado el premio \u201cCiudad Accesible de 2019\u201d por ser la ciudad de la UE m\u00e1s accesible para los ciudadanos con discapacidad. El comunicado original expone lo siguiente: \u201cEl premio Ciudad Accesible de 2019 recae en la ciudad de","twitter:image":"https:\/\/www.eldigitaldeasturias.com\/noticias\/wp-content\/uploads\/2018\/12\/breda.jpg","twitter:label1":"Escrito por","twitter:data1":"El Digital de Asturias","twitter:label2":"Tiempo de lectura estimado","twitter:data2":"3 minutos"},"aioseo_meta_data":{"post_id":"1009419","title":null,"description":null,"keywords":null,"keyphrases":null,"primary_term":null,"canonical_url":null,"og_title":null,"og_description":null,"og_object_type":"default","og_image_type":"default","og_image_url":null,"og_image_width":null,"og_image_height":null,"og_image_custom_url":null,"og_image_custom_fields":null,"og_video":null,"og_custom_url":null,"og_article_section":null,"og_article_tags":null,"twitter_use_og":false,"twitter_card":"default","twitter_image_type":"default","twitter_image_url":null,"twitter_image_custom_url":null,"twitter_image_custom_fields":null,"twitter_title":null,"twitter_description":null,"schema":{"blockGraphs":[],"customGraphs":[],"default":{"data":{"Article":[],"Course":[],"Dataset":[],"FAQPage":[],"Movie":[],"Person":[],"Product":[],"ProductReview":[],"Car":[],"Recipe":[],"Service":[],"SoftwareApplication":[],"WebPage":[]},"graphName":"","isEnabled":true},"graphs":[],"defaultGraph":"","defaultPostTypeGraph":""},"schema_type":null,"schema_type_options":null,"pillar_content":false,"robots_default":true,"robots_noindex":false,"robots_noarchive":false,"robots_nosnippet":false,"robots_nofollow":false,"robots_noimageindex":false,"robots_noodp":false,"robots_notranslate":false,"robots_max_snippet":null,"robots_max_videopreview":null,"robots_max_imagepreview":"large","priority":null,"frequency":null,"local_seo":null,"seo_analyzer_scan_date":"2025-10-14 08:02:12","breadcrumb_settings":null,"limit_modified_date":false,"open_ai":null,"ai":null,"created":"2020-12-21 11:24:42","updated":"2025-10-14 08:02:12"},"aioseo_breadcrumb":"<div class=\"aioseo-breadcrumbs\"><span class=\"aioseo-breadcrumb\">\n\t<a href=\"https:\/\/www.eldigitaldeasturias.com\/noticias\" title=\"Home\">Home<\/a>\n<\/span><span class=\"aioseo-breadcrumb-separator\">\u2013<\/span><span class=\"aioseo-breadcrumb\">\n\t<a href=\"https:\/\/www.eldigitaldeasturias.com\/noticias\/category\/actualidad\/\" title=\"Actualidad\">Actualidad<\/a>\n<\/span><span class=\"aioseo-breadcrumb-separator\">\u2013<\/span><span class=\"aioseo-breadcrumb\">\n\t<a href=\"https:\/\/www.eldigitaldeasturias.com\/noticias\/breda-gana-el-premio-ciudad-accesible-de-2019-de-la-ue\/\" title=\"Breda gana el premio \u201cCiudad Accesible de 2019\u201d de la UE\">Breda gana el premio \u201cCiudad Accesible de 2019\u201d de la UE<\/a>\n<\/span><\/div>","aioseo_breadcrumb_json":[{"label":"Home","link":"https:\/\/www.eldigitaldeasturias.com\/noticias"},{"label":"Actualidad","link":"https:\/\/www.eldigitaldeasturias.com\/noticias\/category\/actualidad\/"},{"label":"Breda gana el premio \u201cCiudad Accesible de 2019\u201d de la UE","link":"https:\/\/www.eldigitaldeasturias.com\/noticias\/breda-gana-el-premio-ciudad-accesible-de-2019-de-la-ue\/"}],"_links":{"self":[{"href":"https:\/\/www.eldigitaldeasturias.com\/noticias\/wp-json\/wp\/v2\/posts\/1009419","targetHints":{"allow":["GET"]}}],"collection":[{"href":"https:\/\/www.eldigitaldeasturias.com\/noticias\/wp-json\/wp\/v2\/posts"}],"about":[{"href":"https:\/\/www.eldigitaldeasturias.com\/noticias\/wp-json\/wp\/v2\/types\/post"}],"author":[{"embeddable":true,"href":"https:\/\/www.eldigitaldeasturias.com\/noticias\/wp-json\/wp\/v2\/users\/1"}],"replies":[{"embeddable":true,"href":"https:\/\/www.eldigitaldeasturias.com\/noticias\/wp-json\/wp\/v2\/comments?post=1009419"}],"version-history":[{"count":0,"href":"https:\/\/www.eldigitaldeasturias.com\/noticias\/wp-json\/wp\/v2\/posts\/1009419\/revisions"}],"wp:featuredmedia":[{"embeddable":true,"href":"https:\/\/www.eldigitaldeasturias.com\/noticias\/wp-json\/wp\/v2\/media\/1009420"}],"wp:attachment":[{"href":"https:\/\/www.eldigitaldeasturias.com\/noticias\/wp-json\/wp\/v2\/media?parent=1009419"}],"wp:term":[{"taxonomy":"category","embeddable":true,"href":"https:\/\/www.eldigitaldeasturias.com\/noticias\/wp-json\/wp\/v2\/categories?post=1009419"},{"taxonomy":"post_tag","embeddable":true,"href":"https:\/\/www.eldigitaldeasturias.com\/noticias\/wp-json\/wp\/v2\/tags?post=1009419"}],"curies":[{"name":"wp","href":"https:\/\/api.w.org\/{rel}","templated":true}]}}