{"id":1008967,"date":"2018-12-01T04:14:29","date_gmt":"2018-12-01T04:14:29","guid":{"rendered":"https:\/\/www.eldigitaldeasturias.com\/noticias\/?p=1008967"},"modified":"2018-12-01T04:14:29","modified_gmt":"2018-12-01T04:14:29","slug":"el-tiempo-en-espana-sabado-1-de-diciembre-2018","status":"publish","type":"post","link":"https:\/\/www.eldigitaldeasturias.com\/noticias\/el-tiempo-en-espana-sabado-1-de-diciembre-2018\/","title":{"rendered":"El tiempo en Espa\u00f1a, s\u00e1bado 1 de diciembre 2018"},"content":{"rendered":"<p><img loading=\"lazy\" decoding=\"async\" class=\"alignleft size-medium wp-image-766418\" src=\"https:\/\/www.eldigitaldeasturias.com\/noticias\/wp-content\/uploads\/2015\/01\/10171057w-360x171.jpg\" alt=\"\" width=\"360\" height=\"171\" srcset=\"https:\/\/www.eldigitaldeasturias.com\/noticias\/wp-content\/uploads\/2015\/01\/10171057w-360x171.jpg 360w, https:\/\/www.eldigitaldeasturias.com\/noticias\/wp-content\/uploads\/2015\/01\/10171057w-768x364.jpg 768w, https:\/\/www.eldigitaldeasturias.com\/noticias\/wp-content\/uploads\/2015\/01\/10171057w-650x308.jpg 650w, https:\/\/www.eldigitaldeasturias.com\/noticias\/wp-content\/uploads\/2015\/01\/10171057w.jpg 800w\" sizes=\"auto, (max-width: 360px) 100vw, 360px\" \/>Nuboso o cubierto, en Galicia con lluvias d\u00e9biles y dispersas, que podr\u00e1n afectar tambi\u00e9n a zonas de Asturias y noroeste de Castilla y Le\u00f3n. En la cornisa cant\u00e1brica nubosidad de tipo medio y alto y pocas posibilidades de precipitaci\u00f3n. Nuboso o con intervalos nubosos en Pirineos sin descartan alguna lluvia ocasional. Tampoco se descarta alg\u00fan chubasco ocasional a primeras horas en el este de Baleares. En el resto de la Pen\u00ednsula y en Canarias predominio de cielos poco nuboso.<\/p>\n<p>Brumas y bancos de niebla matinales en valles de Extremadura y de ambas mesetas.<\/p>\n<p>Temperaturas diurnas en aumento en el Cant\u00e1brico, Pirineos y centro peninsular. Nocturnas en descenso en las mitades sur y este de la Pen\u00ednsula y en Baleares. Heladas d\u00e9biles en zonas de monta\u00f1a y en zonas altas de ambas mesetas, mas intensas en Pirineos.<\/p>\n<p>Predominio de viento del suroeste en el cuadrante noroeste peninsular, siendo fuerte en el litoral norte de Galicia. Del noroeste en el \u00e1rea mediterr\u00e1nea, con intervalos de fuerte al principio en el Ampurd\u00e1n y Menorca, amainando y rolando a suroeste. Alisios en Canarias.<\/p>\n","protected":false},"excerpt":{"rendered":"<p>Nuboso o cubierto, en Galicia con lluvias d\u00e9biles y dispersas, que podr\u00e1n afectar tambi\u00e9n a zonas de Asturias y noroeste de Castilla y Le\u00f3n. En la cornisa cant\u00e1brica nubosidad de tipo medio y alto y pocas posibilidades de precipitaci\u00f3n. Nuboso o con intervalos nubosos en Pirineos sin descartan alguna lluvia ocasional. Tampoco se descarta alg\u00fan [&hellip;]<\/p>\n","protected":false},"author":1,"featured_media":766418,"comment_status":"closed","ping_status":"closed","sticky":false,"template":"","format":"standard","meta":{"footnotes":""},"categories":[538],"tags":[],"class_list":["post-1008967","post","type-post","status-publish","format-standard","has-post-thumbnail","hentry","category-el-tiempo"],"aioseo_notices":[],"aioseo_head":"\n\t\t<!-- All in One SEO Pro 4.9.6.2 - aioseo.com -->\n\t<meta name=\"description\" content=\"Nuboso o cubierto, en Galicia con lluvias d\u00e9biles y dispersas, que podr\u00e1n afectar tambi\u00e9n a zonas de Asturias y noroeste de Castilla y Le\u00f3n. En la cornisa cant\u00e1brica nubosidad de tipo medio y alto y pocas posibilidades de precipitaci\u00f3n. Nuboso o con intervalos nubosos en Pirineos sin descartan alguna lluvia ocasional. Tampoco se descarta alg\u00fan\" \/>\n\t<meta name=\"robots\" content=\"max-image-preview:large\" \/>\n\t<meta name=\"author\" content=\"El Digital de Asturias\"\/>\n\t<meta name=\"google-site-verification\" content=\"UA-38556648-1\" \/>\n\t<meta name=\"msvalidate.01\" content=\"7dfe9f3f1b24437ab69f4f2559babe99\" \/>\n\t<meta name=\"keywords\" content=\"el tiempo\" \/>\n\t<link rel=\"canonical\" href=\"https:\/\/www.eldigitaldeasturias.com\/noticias\/el-tiempo-en-espana-sabado-1-de-diciembre-2018\/\" \/>\n\t<meta name=\"generator\" content=\"All in One SEO Pro (AIOSEO) 4.9.6.2\" \/>\n\t\t<meta property=\"og:locale\" content=\"es_ES\" \/>\n\t\t<meta property=\"og:site_name\" content=\"El Digital de Asturias\" \/>\n\t\t<meta property=\"og:type\" content=\"article\" \/>\n\t\t<meta property=\"og:title\" content=\"El tiempo en Espa\u00f1a, s\u00e1bado 1 de diciembre 2018 - El Digital de Asturias\" \/>\n\t\t<meta property=\"og:description\" content=\"Nuboso o cubierto, en Galicia con lluvias d\u00e9biles y dispersas, que podr\u00e1n afectar tambi\u00e9n a zonas de Asturias y noroeste de Castilla y Le\u00f3n. En la cornisa cant\u00e1brica nubosidad de tipo medio y alto y pocas posibilidades de precipitaci\u00f3n. Nuboso o con intervalos nubosos en Pirineos sin descartan alguna lluvia ocasional. Tampoco se descarta alg\u00fan\" \/>\n\t\t<meta property=\"og:url\" content=\"https:\/\/www.eldigitaldeasturias.com\/noticias\/el-tiempo-en-espana-sabado-1-de-diciembre-2018\/\" \/>\n\t\t<meta property=\"og:image\" content=\"https:\/\/www.eldigitaldeasturias.com\/noticias\/wp-content\/uploads\/2015\/01\/10171057w.jpg\" \/>\n\t\t<meta property=\"og:image:secure_url\" content=\"https:\/\/www.eldigitaldeasturias.com\/noticias\/wp-content\/uploads\/2015\/01\/10171057w.jpg\" \/>\n\t\t<meta property=\"og:image:width\" content=\"800\" \/>\n\t\t<meta property=\"og:image:height\" content=\"379\" \/>\n\t\t<meta property=\"article:tag\" content=\"el tiempo\" \/>\n\t\t<meta property=\"article:published_time\" content=\"2018-12-01T04:14:29+00:00\" \/>\n\t\t<meta property=\"article:modified_time\" content=\"2018-12-01T04:14:29+00:00\" \/>\n\t\t<meta property=\"article:publisher\" content=\"https:\/\/facebook.com\/eldigitaldeasturias\" \/>\n\t\t<meta name=\"twitter:card\" content=\"summary_large_image\" \/>\n\t\t<meta name=\"twitter:title\" content=\"El tiempo en Espa\u00f1a, s\u00e1bado 1 de diciembre 2018 - El Digital de Asturias\" \/>\n\t\t<meta name=\"twitter:description\" content=\"Nuboso o cubierto, en Galicia con lluvias d\u00e9biles y dispersas, que podr\u00e1n afectar tambi\u00e9n a zonas de Asturias y noroeste de Castilla y Le\u00f3n. En la cornisa cant\u00e1brica nubosidad de tipo medio y alto y pocas posibilidades de precipitaci\u00f3n. Nuboso o con intervalos nubosos en Pirineos sin descartan alguna lluvia ocasional. Tampoco se descarta alg\u00fan\" \/>\n\t\t<meta name=\"twitter:image\" content=\"https:\/\/www.eldigitaldeasturias.com\/noticias\/wp-content\/uploads\/2015\/01\/10171057w.jpg\" \/>\n\t\t<meta name=\"twitter:label1\" content=\"Escrito por\" \/>\n\t\t<meta name=\"twitter:data1\" content=\"El Digital de Asturias\" \/>\n\t\t<meta name=\"twitter:label2\" content=\"Tiempo de lectura estimado\" \/>\n\t\t<meta name=\"twitter:data2\" content=\"1 minuto\" \/>\n\t\t<script type=\"application\/ld+json\" class=\"aioseo-schema\">\n\t\t\t{\"@context\":\"https:\\\/\\\/schema.org\",\"@graph\":[{\"@type\":\"BlogPosting\",\"@id\":\"https:\\\/\\\/www.eldigitaldeasturias.com\\\/noticias\\\/el-tiempo-en-espana-sabado-1-de-diciembre-2018\\\/#blogposting\",\"name\":\"El tiempo en Espa\\u00f1a, s\\u00e1bado 1 de diciembre 2018 - El Digital de Asturias\",\"headline\":\"El tiempo en Espa\\u00f1a, s\\u00e1bado 1 de diciembre 2018\",\"author\":{\"@id\":\"https:\\\/\\\/www.eldigitaldeasturias.com\\\/noticias\\\/author\\\/admin\\\/#author\"},\"publisher\":{\"@id\":\"https:\\\/\\\/www.eldigitaldeasturias.com\\\/noticias\\\/#organization\"},\"image\":{\"@type\":\"ImageObject\",\"url\":\"https:\\\/\\\/www.eldigitaldeasturias.com\\\/noticias\\\/wp-content\\\/uploads\\\/2015\\\/01\\\/10171057w.jpg\",\"width\":800,\"height\":379},\"datePublished\":\"2018-12-01T04:14:29+01:00\",\"dateModified\":\"2018-12-01T04:14:29+01:00\",\"inLanguage\":\"es-ES\",\"mainEntityOfPage\":{\"@id\":\"https:\\\/\\\/www.eldigitaldeasturias.com\\\/noticias\\\/el-tiempo-en-espana-sabado-1-de-diciembre-2018\\\/#webpage\"},\"isPartOf\":{\"@id\":\"https:\\\/\\\/www.eldigitaldeasturias.com\\\/noticias\\\/el-tiempo-en-espana-sabado-1-de-diciembre-2018\\\/#webpage\"},\"articleSection\":\"El tiempo\"},{\"@type\":\"BreadcrumbList\",\"@id\":\"https:\\\/\\\/www.eldigitaldeasturias.com\\\/noticias\\\/el-tiempo-en-espana-sabado-1-de-diciembre-2018\\\/#breadcrumblist\",\"itemListElement\":[{\"@type\":\"ListItem\",\"@id\":\"https:\\\/\\\/www.eldigitaldeasturias.com\\\/noticias#listItem\",\"position\":1,\"name\":\"Home\",\"item\":\"https:\\\/\\\/www.eldigitaldeasturias.com\\\/noticias\",\"nextItem\":{\"@type\":\"ListItem\",\"@id\":\"https:\\\/\\\/www.eldigitaldeasturias.com\\\/noticias\\\/category\\\/el-tiempo\\\/#listItem\",\"name\":\"El tiempo\"}},{\"@type\":\"ListItem\",\"@id\":\"https:\\\/\\\/www.eldigitaldeasturias.com\\\/noticias\\\/category\\\/el-tiempo\\\/#listItem\",\"position\":2,\"name\":\"El tiempo\",\"item\":\"https:\\\/\\\/www.eldigitaldeasturias.com\\\/noticias\\\/category\\\/el-tiempo\\\/\",\"nextItem\":{\"@type\":\"ListItem\",\"@id\":\"https:\\\/\\\/www.eldigitaldeasturias.com\\\/noticias\\\/el-tiempo-en-espana-sabado-1-de-diciembre-2018\\\/#listItem\",\"name\":\"El tiempo en Espa\\u00f1a, s\\u00e1bado 1 de diciembre 2018\"},\"previousItem\":{\"@type\":\"ListItem\",\"@id\":\"https:\\\/\\\/www.eldigitaldeasturias.com\\\/noticias#listItem\",\"name\":\"Home\"}},{\"@type\":\"ListItem\",\"@id\":\"https:\\\/\\\/www.eldigitaldeasturias.com\\\/noticias\\\/el-tiempo-en-espana-sabado-1-de-diciembre-2018\\\/#listItem\",\"position\":3,\"name\":\"El tiempo en Espa\\u00f1a, s\\u00e1bado 1 de diciembre 2018\",\"previousItem\":{\"@type\":\"ListItem\",\"@id\":\"https:\\\/\\\/www.eldigitaldeasturias.com\\\/noticias\\\/category\\\/el-tiempo\\\/#listItem\",\"name\":\"El tiempo\"}}]},{\"@type\":\"Organization\",\"@id\":\"https:\\\/\\\/www.eldigitaldeasturias.com\\\/noticias\\\/#organization\",\"name\":\"El Digital de Asturias\",\"description\":\"Hemeroteca\",\"url\":\"https:\\\/\\\/www.eldigitaldeasturias.com\\\/noticias\\\/\",\"email\":\"info@eldigitaldeasturias.com\",\"telephone\":\"+34652131393\",\"logo\":{\"@type\":\"ImageObject\",\"url\":\"https:\\\/\\\/www.eldigitaldeasturias.com\\\/noticias\\\/wp-content\\\/uploads\\\/2020\\\/12\\\/EDA.jpg\",\"@id\":\"https:\\\/\\\/www.eldigitaldeasturias.com\\\/noticias\\\/el-tiempo-en-espana-sabado-1-de-diciembre-2018\\\/#organizationLogo\",\"width\":649,\"height\":297},\"image\":{\"@id\":\"https:\\\/\\\/www.eldigitaldeasturias.com\\\/noticias\\\/el-tiempo-en-espana-sabado-1-de-diciembre-2018\\\/#organizationLogo\"},\"sameAs\":[\"https:\\\/\\\/facebook.com\\\/eldigitaldeasturias\",\"https:\\\/\\\/www.youtube.com\\\/channel\\\/UCZP-2wLEB9Rv6erhFmqVnvg\"],\"address\":{\"@id\":\"https:\\\/\\\/www.eldigitaldeasturias.com\\\/noticias\\\/#postaladdress\",\"@type\":\"PostalAddress\",\"streetAddress\":\"san antonio 4,\",\"postalCode\":\"33430\",\"addressLocality\":\"Cand\\u00e1s\",\"addressRegion\":\"Asturias\",\"addressCountry\":\"ES\"}},{\"@type\":\"Person\",\"@id\":\"https:\\\/\\\/www.eldigitaldeasturias.com\\\/noticias\\\/author\\\/admin\\\/#author\",\"url\":\"https:\\\/\\\/www.eldigitaldeasturias.com\\\/noticias\\\/author\\\/admin\\\/\",\"name\":\"El Digital de Asturias\",\"image\":{\"@type\":\"ImageObject\",\"@id\":\"https:\\\/\\\/www.eldigitaldeasturias.com\\\/noticias\\\/el-tiempo-en-espana-sabado-1-de-diciembre-2018\\\/#authorImage\",\"url\":\"https:\\\/\\\/www.eldigitaldeasturias.com\\\/noticias\\\/wp-content\\\/litespeed\\\/avatar\\\/18677e78aa0546b92d9dbf31ec7d7668.jpg?ver=1776685526\",\"width\":96,\"height\":96,\"caption\":\"El Digital de Asturias\"}},{\"@type\":\"WebPage\",\"@id\":\"https:\\\/\\\/www.eldigitaldeasturias.com\\\/noticias\\\/el-tiempo-en-espana-sabado-1-de-diciembre-2018\\\/#webpage\",\"url\":\"https:\\\/\\\/www.eldigitaldeasturias.com\\\/noticias\\\/el-tiempo-en-espana-sabado-1-de-diciembre-2018\\\/\",\"name\":\"El tiempo en Espa\\u00f1a, s\\u00e1bado 1 de diciembre 2018 - El Digital de Asturias\",\"description\":\"Nuboso o cubierto, en Galicia con lluvias d\\u00e9biles y dispersas, que podr\\u00e1n afectar tambi\\u00e9n a zonas de Asturias y noroeste de Castilla y Le\\u00f3n. En la cornisa cant\\u00e1brica nubosidad de tipo medio y alto y pocas posibilidades de precipitaci\\u00f3n. Nuboso o con intervalos nubosos en Pirineos sin descartan alguna lluvia ocasional. Tampoco se descarta alg\\u00fan\",\"inLanguage\":\"es-ES\",\"isPartOf\":{\"@id\":\"https:\\\/\\\/www.eldigitaldeasturias.com\\\/noticias\\\/#website\"},\"breadcrumb\":{\"@id\":\"https:\\\/\\\/www.eldigitaldeasturias.com\\\/noticias\\\/el-tiempo-en-espana-sabado-1-de-diciembre-2018\\\/#breadcrumblist\"},\"author\":{\"@id\":\"https:\\\/\\\/www.eldigitaldeasturias.com\\\/noticias\\\/author\\\/admin\\\/#author\"},\"creator\":{\"@id\":\"https:\\\/\\\/www.eldigitaldeasturias.com\\\/noticias\\\/author\\\/admin\\\/#author\"},\"image\":{\"@type\":\"ImageObject\",\"url\":\"https:\\\/\\\/www.eldigitaldeasturias.com\\\/noticias\\\/wp-content\\\/uploads\\\/2015\\\/01\\\/10171057w.jpg\",\"@id\":\"https:\\\/\\\/www.eldigitaldeasturias.com\\\/noticias\\\/el-tiempo-en-espana-sabado-1-de-diciembre-2018\\\/#mainImage\",\"width\":800,\"height\":379},\"primaryImageOfPage\":{\"@id\":\"https:\\\/\\\/www.eldigitaldeasturias.com\\\/noticias\\\/el-tiempo-en-espana-sabado-1-de-diciembre-2018\\\/#mainImage\"},\"datePublished\":\"2018-12-01T04:14:29+01:00\",\"dateModified\":\"2018-12-01T04:14:29+01:00\"},{\"@type\":\"WebSite\",\"@id\":\"https:\\\/\\\/www.eldigitaldeasturias.com\\\/noticias\\\/#website\",\"url\":\"https:\\\/\\\/www.eldigitaldeasturias.com\\\/noticias\\\/\",\"name\":\"El Digital de Asturias - Diario de actualidad y noticias\",\"alternateName\":\"El Digital de Asturias - Diario de actualidad y noticias\",\"description\":\"Hemeroteca\",\"inLanguage\":\"es-ES\",\"publisher\":{\"@id\":\"https:\\\/\\\/www.eldigitaldeasturias.com\\\/noticias\\\/#organization\"}}]}\n\t\t<\/script>\n\t\t<!-- All in One SEO Pro -->\r\n\t\t<title>El tiempo en Espa\u00f1a, s\u00e1bado 1 de diciembre 2018 - El Digital de Asturias<\/title>\n\n","aioseo_head_json":{"title":"El tiempo en Espa\u00f1a, s\u00e1bado 1 de diciembre 2018 - El Digital de Asturias","description":"Nuboso o cubierto, en Galicia con lluvias d\u00e9biles y dispersas, que podr\u00e1n afectar tambi\u00e9n a zonas de Asturias y noroeste de Castilla y Le\u00f3n. En la cornisa cant\u00e1brica nubosidad de tipo medio y alto y pocas posibilidades de precipitaci\u00f3n. Nuboso o con intervalos nubosos en Pirineos sin descartan alguna lluvia ocasional. Tampoco se descarta alg\u00fan","canonical_url":"https:\/\/www.eldigitaldeasturias.com\/noticias\/el-tiempo-en-espana-sabado-1-de-diciembre-2018\/","robots":"max-image-preview:large","keywords":"el tiempo","webmasterTools":{"google-site-verification":"UA-38556648-1","msvalidate.01":"7dfe9f3f1b24437ab69f4f2559babe99","miscellaneous":""},"schema":{"@context":"https:\/\/schema.org","@graph":[{"@type":"BlogPosting","@id":"https:\/\/www.eldigitaldeasturias.com\/noticias\/el-tiempo-en-espana-sabado-1-de-diciembre-2018\/#blogposting","name":"El tiempo en Espa\u00f1a, s\u00e1bado 1 de diciembre 2018 - El Digital de Asturias","headline":"El tiempo en Espa\u00f1a, s\u00e1bado 1 de diciembre 2018","author":{"@id":"https:\/\/www.eldigitaldeasturias.com\/noticias\/author\/admin\/#author"},"publisher":{"@id":"https:\/\/www.eldigitaldeasturias.com\/noticias\/#organization"},"image":{"@type":"ImageObject","url":"https:\/\/www.eldigitaldeasturias.com\/noticias\/wp-content\/uploads\/2015\/01\/10171057w.jpg","width":800,"height":379},"datePublished":"2018-12-01T04:14:29+01:00","dateModified":"2018-12-01T04:14:29+01:00","inLanguage":"es-ES","mainEntityOfPage":{"@id":"https:\/\/www.eldigitaldeasturias.com\/noticias\/el-tiempo-en-espana-sabado-1-de-diciembre-2018\/#webpage"},"isPartOf":{"@id":"https:\/\/www.eldigitaldeasturias.com\/noticias\/el-tiempo-en-espana-sabado-1-de-diciembre-2018\/#webpage"},"articleSection":"El tiempo"},{"@type":"BreadcrumbList","@id":"https:\/\/www.eldigitaldeasturias.com\/noticias\/el-tiempo-en-espana-sabado-1-de-diciembre-2018\/#breadcrumblist","itemListElement":[{"@type":"ListItem","@id":"https:\/\/www.eldigitaldeasturias.com\/noticias#listItem","position":1,"name":"Home","item":"https:\/\/www.eldigitaldeasturias.com\/noticias","nextItem":{"@type":"ListItem","@id":"https:\/\/www.eldigitaldeasturias.com\/noticias\/category\/el-tiempo\/#listItem","name":"El tiempo"}},{"@type":"ListItem","@id":"https:\/\/www.eldigitaldeasturias.com\/noticias\/category\/el-tiempo\/#listItem","position":2,"name":"El tiempo","item":"https:\/\/www.eldigitaldeasturias.com\/noticias\/category\/el-tiempo\/","nextItem":{"@type":"ListItem","@id":"https:\/\/www.eldigitaldeasturias.com\/noticias\/el-tiempo-en-espana-sabado-1-de-diciembre-2018\/#listItem","name":"El tiempo en Espa\u00f1a, s\u00e1bado 1 de diciembre 2018"},"previousItem":{"@type":"ListItem","@id":"https:\/\/www.eldigitaldeasturias.com\/noticias#listItem","name":"Home"}},{"@type":"ListItem","@id":"https:\/\/www.eldigitaldeasturias.com\/noticias\/el-tiempo-en-espana-sabado-1-de-diciembre-2018\/#listItem","position":3,"name":"El tiempo en Espa\u00f1a, s\u00e1bado 1 de diciembre 2018","previousItem":{"@type":"ListItem","@id":"https:\/\/www.eldigitaldeasturias.com\/noticias\/category\/el-tiempo\/#listItem","name":"El tiempo"}}]},{"@type":"Organization","@id":"https:\/\/www.eldigitaldeasturias.com\/noticias\/#organization","name":"El Digital de Asturias","description":"Hemeroteca","url":"https:\/\/www.eldigitaldeasturias.com\/noticias\/","email":"info@eldigitaldeasturias.com","telephone":"+34652131393","logo":{"@type":"ImageObject","url":"https:\/\/www.eldigitaldeasturias.com\/noticias\/wp-content\/uploads\/2020\/12\/EDA.jpg","@id":"https:\/\/www.eldigitaldeasturias.com\/noticias\/el-tiempo-en-espana-sabado-1-de-diciembre-2018\/#organizationLogo","width":649,"height":297},"image":{"@id":"https:\/\/www.eldigitaldeasturias.com\/noticias\/el-tiempo-en-espana-sabado-1-de-diciembre-2018\/#organizationLogo"},"sameAs":["https:\/\/facebook.com\/eldigitaldeasturias","https:\/\/www.youtube.com\/channel\/UCZP-2wLEB9Rv6erhFmqVnvg"],"address":{"@id":"https:\/\/www.eldigitaldeasturias.com\/noticias\/#postaladdress","@type":"PostalAddress","streetAddress":"san antonio 4,","postalCode":"33430","addressLocality":"Cand\u00e1s","addressRegion":"Asturias","addressCountry":"ES"}},{"@type":"Person","@id":"https:\/\/www.eldigitaldeasturias.com\/noticias\/author\/admin\/#author","url":"https:\/\/www.eldigitaldeasturias.com\/noticias\/author\/admin\/","name":"El Digital de Asturias","image":{"@type":"ImageObject","@id":"https:\/\/www.eldigitaldeasturias.com\/noticias\/el-tiempo-en-espana-sabado-1-de-diciembre-2018\/#authorImage","url":"https:\/\/www.eldigitaldeasturias.com\/noticias\/wp-content\/litespeed\/avatar\/18677e78aa0546b92d9dbf31ec7d7668.jpg?ver=1776685526","width":96,"height":96,"caption":"El Digital de Asturias"}},{"@type":"WebPage","@id":"https:\/\/www.eldigitaldeasturias.com\/noticias\/el-tiempo-en-espana-sabado-1-de-diciembre-2018\/#webpage","url":"https:\/\/www.eldigitaldeasturias.com\/noticias\/el-tiempo-en-espana-sabado-1-de-diciembre-2018\/","name":"El tiempo en Espa\u00f1a, s\u00e1bado 1 de diciembre 2018 - El Digital de Asturias","description":"Nuboso o cubierto, en Galicia con lluvias d\u00e9biles y dispersas, que podr\u00e1n afectar tambi\u00e9n a zonas de Asturias y noroeste de Castilla y Le\u00f3n. En la cornisa cant\u00e1brica nubosidad de tipo medio y alto y pocas posibilidades de precipitaci\u00f3n. Nuboso o con intervalos nubosos en Pirineos sin descartan alguna lluvia ocasional. Tampoco se descarta alg\u00fan","inLanguage":"es-ES","isPartOf":{"@id":"https:\/\/www.eldigitaldeasturias.com\/noticias\/#website"},"breadcrumb":{"@id":"https:\/\/www.eldigitaldeasturias.com\/noticias\/el-tiempo-en-espana-sabado-1-de-diciembre-2018\/#breadcrumblist"},"author":{"@id":"https:\/\/www.eldigitaldeasturias.com\/noticias\/author\/admin\/#author"},"creator":{"@id":"https:\/\/www.eldigitaldeasturias.com\/noticias\/author\/admin\/#author"},"image":{"@type":"ImageObject","url":"https:\/\/www.eldigitaldeasturias.com\/noticias\/wp-content\/uploads\/2015\/01\/10171057w.jpg","@id":"https:\/\/www.eldigitaldeasturias.com\/noticias\/el-tiempo-en-espana-sabado-1-de-diciembre-2018\/#mainImage","width":800,"height":379},"primaryImageOfPage":{"@id":"https:\/\/www.eldigitaldeasturias.com\/noticias\/el-tiempo-en-espana-sabado-1-de-diciembre-2018\/#mainImage"},"datePublished":"2018-12-01T04:14:29+01:00","dateModified":"2018-12-01T04:14:29+01:00"},{"@type":"WebSite","@id":"https:\/\/www.eldigitaldeasturias.com\/noticias\/#website","url":"https:\/\/www.eldigitaldeasturias.com\/noticias\/","name":"El Digital de Asturias - Diario de actualidad y noticias","alternateName":"El Digital de Asturias - Diario de actualidad y noticias","description":"Hemeroteca","inLanguage":"es-ES","publisher":{"@id":"https:\/\/www.eldigitaldeasturias.com\/noticias\/#organization"}}]},"og:locale":"es_ES","og:site_name":"El Digital de Asturias","og:type":"article","og:title":"El tiempo en Espa\u00f1a, s\u00e1bado 1 de diciembre 2018 - El Digital de Asturias","og:description":"Nuboso o cubierto, en Galicia con lluvias d\u00e9biles y dispersas, que podr\u00e1n afectar tambi\u00e9n a zonas de Asturias y noroeste de Castilla y Le\u00f3n. En la cornisa cant\u00e1brica nubosidad de tipo medio y alto y pocas posibilidades de precipitaci\u00f3n. Nuboso o con intervalos nubosos en Pirineos sin descartan alguna lluvia ocasional. Tampoco se descarta alg\u00fan","og:url":"https:\/\/www.eldigitaldeasturias.com\/noticias\/el-tiempo-en-espana-sabado-1-de-diciembre-2018\/","og:image":"https:\/\/www.eldigitaldeasturias.com\/noticias\/wp-content\/uploads\/2015\/01\/10171057w.jpg","og:image:secure_url":"https:\/\/www.eldigitaldeasturias.com\/noticias\/wp-content\/uploads\/2015\/01\/10171057w.jpg","og:image:width":800,"og:image:height":379,"article:tag":["el tiempo"],"article:published_time":"2018-12-01T04:14:29+00:00","article:modified_time":"2018-12-01T04:14:29+00:00","article:publisher":"https:\/\/facebook.com\/eldigitaldeasturias","twitter:card":"summary_large_image","twitter:title":"El tiempo en Espa\u00f1a, s\u00e1bado 1 de diciembre 2018 - El Digital de Asturias","twitter:description":"Nuboso o cubierto, en Galicia con lluvias d\u00e9biles y dispersas, que podr\u00e1n afectar tambi\u00e9n a zonas de Asturias y noroeste de Castilla y Le\u00f3n. En la cornisa cant\u00e1brica nubosidad de tipo medio y alto y pocas posibilidades de precipitaci\u00f3n. Nuboso o con intervalos nubosos en Pirineos sin descartan alguna lluvia ocasional. Tampoco se descarta alg\u00fan","twitter:image":"https:\/\/www.eldigitaldeasturias.com\/noticias\/wp-content\/uploads\/2015\/01\/10171057w.jpg","twitter:label1":"Escrito por","twitter:data1":"El Digital de Asturias","twitter:label2":"Tiempo de lectura estimado","twitter:data2":"1 minuto"},"aioseo_meta_data":{"post_id":"1008967","title":null,"description":null,"keywords":null,"keyphrases":null,"primary_term":null,"canonical_url":null,"og_title":null,"og_description":null,"og_object_type":"default","og_image_type":"default","og_image_url":null,"og_image_width":null,"og_image_height":null,"og_image_custom_url":null,"og_image_custom_fields":null,"og_video":null,"og_custom_url":null,"og_article_section":null,"og_article_tags":null,"twitter_use_og":false,"twitter_card":"default","twitter_image_type":"default","twitter_image_url":null,"twitter_image_custom_url":null,"twitter_image_custom_fields":null,"twitter_title":null,"twitter_description":null,"schema":{"blockGraphs":[],"customGraphs":[],"default":{"data":{"Article":[],"Course":[],"Dataset":[],"FAQPage":[],"Movie":[],"Person":[],"Product":[],"ProductReview":[],"Car":[],"Recipe":[],"Service":[],"SoftwareApplication":[],"WebPage":[]},"graphName":"","isEnabled":true},"graphs":[],"defaultGraph":"","defaultPostTypeGraph":""},"schema_type":null,"schema_type_options":null,"pillar_content":false,"robots_default":true,"robots_noindex":false,"robots_noarchive":false,"robots_nosnippet":false,"robots_nofollow":false,"robots_noimageindex":false,"robots_noodp":false,"robots_notranslate":false,"robots_max_snippet":null,"robots_max_videopreview":null,"robots_max_imagepreview":"large","priority":null,"frequency":null,"local_seo":null,"seo_analyzer_scan_date":"2025-10-14 06:18:10","breadcrumb_settings":null,"limit_modified_date":false,"open_ai":null,"ai":null,"created":"2020-12-21 11:25:38","updated":"2025-10-14 06:18:10"},"aioseo_breadcrumb":"<div class=\"aioseo-breadcrumbs\"><span class=\"aioseo-breadcrumb\">\n\t<a href=\"https:\/\/www.eldigitaldeasturias.com\/noticias\" title=\"Home\">Home<\/a>\n<\/span><span class=\"aioseo-breadcrumb-separator\">\u2013<\/span><span class=\"aioseo-breadcrumb\">\n\t<a href=\"https:\/\/www.eldigitaldeasturias.com\/noticias\/category\/el-tiempo\/\" title=\"El tiempo\">El tiempo<\/a>\n<\/span><span class=\"aioseo-breadcrumb-separator\">\u2013<\/span><span class=\"aioseo-breadcrumb\">\n\t<a href=\"https:\/\/www.eldigitaldeasturias.com\/noticias\/el-tiempo-en-espana-sabado-1-de-diciembre-2018\/\" title=\"El tiempo en Espa\u00f1a, s\u00e1bado 1 de diciembre 2018\">El tiempo en Espa\u00f1a, s\u00e1bado 1 de diciembre 2018<\/a>\n<\/span><\/div>","aioseo_breadcrumb_json":[{"label":"Home","link":"https:\/\/www.eldigitaldeasturias.com\/noticias"},{"label":"El tiempo","link":"https:\/\/www.eldigitaldeasturias.com\/noticias\/category\/el-tiempo\/"},{"label":"El tiempo en Espa\u00f1a, s\u00e1bado 1 de diciembre 2018","link":"https:\/\/www.eldigitaldeasturias.com\/noticias\/el-tiempo-en-espana-sabado-1-de-diciembre-2018\/"}],"_links":{"self":[{"href":"https:\/\/www.eldigitaldeasturias.com\/noticias\/wp-json\/wp\/v2\/posts\/1008967","targetHints":{"allow":["GET"]}}],"collection":[{"href":"https:\/\/www.eldigitaldeasturias.com\/noticias\/wp-json\/wp\/v2\/posts"}],"about":[{"href":"https:\/\/www.eldigitaldeasturias.com\/noticias\/wp-json\/wp\/v2\/types\/post"}],"author":[{"embeddable":true,"href":"https:\/\/www.eldigitaldeasturias.com\/noticias\/wp-json\/wp\/v2\/users\/1"}],"replies":[{"embeddable":true,"href":"https:\/\/www.eldigitaldeasturias.com\/noticias\/wp-json\/wp\/v2\/comments?post=1008967"}],"version-history":[{"count":0,"href":"https:\/\/www.eldigitaldeasturias.com\/noticias\/wp-json\/wp\/v2\/posts\/1008967\/revisions"}],"wp:featuredmedia":[{"embeddable":true,"href":"https:\/\/www.eldigitaldeasturias.com\/noticias\/wp-json\/wp\/v2\/media\/766418"}],"wp:attachment":[{"href":"https:\/\/www.eldigitaldeasturias.com\/noticias\/wp-json\/wp\/v2\/media?parent=1008967"}],"wp:term":[{"taxonomy":"category","embeddable":true,"href":"https:\/\/www.eldigitaldeasturias.com\/noticias\/wp-json\/wp\/v2\/categories?post=1008967"},{"taxonomy":"post_tag","embeddable":true,"href":"https:\/\/www.eldigitaldeasturias.com\/noticias\/wp-json\/wp\/v2\/tags?post=1008967"}],"curies":[{"name":"wp","href":"https:\/\/api.w.org\/{rel}","templated":true}]}}