{"id":1005375,"date":"2018-11-06T23:01:59","date_gmt":"2018-11-06T23:01:59","guid":{"rendered":"https:\/\/www.eldigitaldeasturias.com\/noticias\/?p=1005375"},"modified":"2018-11-06T23:01:59","modified_gmt":"2018-11-06T23:01:59","slug":"el-tiempo-en-espana-miercoles-7-de-noviembre-de-2018","status":"publish","type":"post","link":"https:\/\/www.eldigitaldeasturias.com\/noticias\/el-tiempo-en-espana-miercoles-7-de-noviembre-de-2018\/","title":{"rendered":"El tiempo en Espa\u00f1a, mi\u00e9rcoles 7 de noviembre de 2018"},"content":{"rendered":"<p><img loading=\"lazy\" decoding=\"async\" class=\"alignleft size-medium wp-image-967530\" src=\"https:\/\/www.eldigitaldeasturias.com\/noticias\/wp-content\/uploads\/2018\/02\/071117_nieve-360x239.jpg\" alt=\"\" width=\"360\" height=\"239\" srcset=\"https:\/\/www.eldigitaldeasturias.com\/noticias\/wp-content\/uploads\/2018\/02\/071117_nieve-360x239.jpg 360w, https:\/\/www.eldigitaldeasturias.com\/noticias\/wp-content\/uploads\/2018\/02\/071117_nieve.jpg 496w\" sizes=\"auto, (max-width: 360px) 100vw, 360px\" \/>AEMET informa que durante el mi\u00e9rcoles, 7 de noviembre, en las vertientes atl\u00e1ntica, cant\u00e1brica y Pirineos estar\u00e1 nuboso o muy nuboso con lluvias y chubascos, m\u00e1s abundantes y con cierta persistencia en el oeste de Galicia y del sistema Central.<\/p>\n<p>Podr\u00e1n venir acompa\u00f1adas de tormentas y granizo en zonas litorales de Galicia y Cant\u00e1brico. Ser\u00e1n m\u00e1s d\u00e9biles y dispersas en el litoral cant\u00e1brico occidental, y no se esperan en el \u00e1rea mediterr\u00e1nea, donde estar\u00e1 poco nuboso o con intervalos nubosos. En Canarias, baja probabilidad de lluvias d\u00e9biles en islas m\u00e1s occidentales.<\/p>\n<p>Cota de nieve: 1400\/1800 m. en el Cant\u00e1brico, tendiendo a descender a unos 1200 metros 1800\/2000 metros en Pirineos, descendiendo a 1400\/1600 metros<\/p>\n<p>Temperaturas diurnas en ascenso en Pen\u00ednsula y Baleares, excepto en el norte de Galicia donde habr\u00e1 un descenso. Las m\u00ednimas en descenso en el noroeste peninsular, alcanz\u00e1ndose al final del d\u00eda en zonas del extremo norte. Pocos cambios en Canarias.<\/p>\n<p>R\u00e9gimen de vientos del suroeste y sur, con intervalos de fuertes en litorales y zonas altas del extremo norte peninsular durante la primera mitad del d\u00eda. Alisios en Canarias.<\/p>\n","protected":false},"excerpt":{"rendered":"<p>AEMET informa que durante el mi\u00e9rcoles, 7 de noviembre, en las vertientes atl\u00e1ntica, cant\u00e1brica y Pirineos estar\u00e1 nuboso o muy nuboso con lluvias y chubascos, m\u00e1s abundantes y con cierta persistencia en el oeste de Galicia y del sistema Central. Podr\u00e1n venir acompa\u00f1adas de tormentas y granizo en zonas litorales de Galicia y Cant\u00e1brico. Ser\u00e1n [&hellip;]<\/p>\n","protected":false},"author":1,"featured_media":967530,"comment_status":"closed","ping_status":"closed","sticky":false,"template":"","format":"standard","meta":{"footnotes":""},"categories":[538],"tags":[],"class_list":["post-1005375","post","type-post","status-publish","format-standard","has-post-thumbnail","hentry","category-el-tiempo"],"aioseo_notices":[],"aioseo_head":"\n\t\t<!-- All in One SEO Pro 4.9.6.2 - aioseo.com -->\n\t<meta name=\"description\" content=\"AEMET informa que durante el mi\u00e9rcoles, 7 de noviembre, en las vertientes atl\u00e1ntica, cant\u00e1brica y Pirineos estar\u00e1 nuboso o muy nuboso con lluvias y chubascos, m\u00e1s abundantes y con cierta persistencia en el oeste de Galicia y del sistema Central. Podr\u00e1n venir acompa\u00f1adas de tormentas y granizo en zonas litorales de Galicia y Cant\u00e1brico. Ser\u00e1n\" \/>\n\t<meta name=\"robots\" content=\"max-image-preview:large\" \/>\n\t<meta name=\"author\" content=\"El Digital de Asturias\"\/>\n\t<meta name=\"google-site-verification\" content=\"UA-38556648-1\" \/>\n\t<meta name=\"msvalidate.01\" content=\"7dfe9f3f1b24437ab69f4f2559babe99\" \/>\n\t<meta name=\"keywords\" content=\"el tiempo\" \/>\n\t<link rel=\"canonical\" href=\"https:\/\/www.eldigitaldeasturias.com\/noticias\/el-tiempo-en-espana-miercoles-7-de-noviembre-de-2018\/\" \/>\n\t<meta name=\"generator\" content=\"All in One SEO Pro (AIOSEO) 4.9.6.2\" \/>\n\t\t<meta property=\"og:locale\" content=\"es_ES\" \/>\n\t\t<meta property=\"og:site_name\" content=\"El Digital de Asturias\" \/>\n\t\t<meta property=\"og:type\" content=\"article\" \/>\n\t\t<meta property=\"og:title\" content=\"El tiempo en Espa\u00f1a, mi\u00e9rcoles 7 de noviembre de 2018 - El Digital de Asturias\" \/>\n\t\t<meta property=\"og:description\" content=\"AEMET informa que durante el mi\u00e9rcoles, 7 de noviembre, en las vertientes atl\u00e1ntica, cant\u00e1brica y Pirineos estar\u00e1 nuboso o muy nuboso con lluvias y chubascos, m\u00e1s abundantes y con cierta persistencia en el oeste de Galicia y del sistema Central. Podr\u00e1n venir acompa\u00f1adas de tormentas y granizo en zonas litorales de Galicia y Cant\u00e1brico. Ser\u00e1n\" \/>\n\t\t<meta property=\"og:url\" content=\"https:\/\/www.eldigitaldeasturias.com\/noticias\/el-tiempo-en-espana-miercoles-7-de-noviembre-de-2018\/\" \/>\n\t\t<meta property=\"og:image\" content=\"https:\/\/www.eldigitaldeasturias.com\/noticias\/wp-content\/uploads\/2018\/02\/071117_nieve.jpg\" \/>\n\t\t<meta property=\"og:image:secure_url\" content=\"https:\/\/www.eldigitaldeasturias.com\/noticias\/wp-content\/uploads\/2018\/02\/071117_nieve.jpg\" \/>\n\t\t<meta property=\"og:image:width\" content=\"496\" \/>\n\t\t<meta property=\"og:image:height\" content=\"329\" \/>\n\t\t<meta property=\"article:tag\" content=\"el tiempo\" \/>\n\t\t<meta property=\"article:published_time\" content=\"2018-11-06T23:01:59+00:00\" \/>\n\t\t<meta property=\"article:modified_time\" content=\"2018-11-06T23:01:59+00:00\" \/>\n\t\t<meta property=\"article:publisher\" content=\"https:\/\/facebook.com\/eldigitaldeasturias\" \/>\n\t\t<meta name=\"twitter:card\" content=\"summary_large_image\" \/>\n\t\t<meta name=\"twitter:title\" content=\"El tiempo en Espa\u00f1a, mi\u00e9rcoles 7 de noviembre de 2018 - El Digital de Asturias\" \/>\n\t\t<meta name=\"twitter:description\" content=\"AEMET informa que durante el mi\u00e9rcoles, 7 de noviembre, en las vertientes atl\u00e1ntica, cant\u00e1brica y Pirineos estar\u00e1 nuboso o muy nuboso con lluvias y chubascos, m\u00e1s abundantes y con cierta persistencia en el oeste de Galicia y del sistema Central. Podr\u00e1n venir acompa\u00f1adas de tormentas y granizo en zonas litorales de Galicia y Cant\u00e1brico. Ser\u00e1n\" \/>\n\t\t<meta name=\"twitter:image\" content=\"https:\/\/www.eldigitaldeasturias.com\/noticias\/wp-content\/uploads\/2018\/02\/071117_nieve.jpg\" \/>\n\t\t<meta name=\"twitter:label1\" content=\"Escrito por\" \/>\n\t\t<meta name=\"twitter:data1\" content=\"El Digital de Asturias\" \/>\n\t\t<meta name=\"twitter:label2\" content=\"Tiempo de lectura estimado\" \/>\n\t\t<meta name=\"twitter:data2\" content=\"1 minuto\" \/>\n\t\t<script type=\"application\/ld+json\" class=\"aioseo-schema\">\n\t\t\t{\"@context\":\"https:\\\/\\\/schema.org\",\"@graph\":[{\"@type\":\"BlogPosting\",\"@id\":\"https:\\\/\\\/www.eldigitaldeasturias.com\\\/noticias\\\/el-tiempo-en-espana-miercoles-7-de-noviembre-de-2018\\\/#blogposting\",\"name\":\"El tiempo en Espa\\u00f1a, mi\\u00e9rcoles 7 de noviembre de 2018 - El Digital de Asturias\",\"headline\":\"El tiempo en Espa\\u00f1a, mi\\u00e9rcoles 7 de noviembre de 2018\",\"author\":{\"@id\":\"https:\\\/\\\/www.eldigitaldeasturias.com\\\/noticias\\\/author\\\/admin\\\/#author\"},\"publisher\":{\"@id\":\"https:\\\/\\\/www.eldigitaldeasturias.com\\\/noticias\\\/#organization\"},\"image\":{\"@type\":\"ImageObject\",\"url\":\"https:\\\/\\\/www.eldigitaldeasturias.com\\\/noticias\\\/wp-content\\\/uploads\\\/2018\\\/02\\\/071117_nieve.jpg\",\"width\":496,\"height\":329},\"datePublished\":\"2018-11-06T23:01:59+01:00\",\"dateModified\":\"2018-11-06T23:01:59+01:00\",\"inLanguage\":\"es-ES\",\"mainEntityOfPage\":{\"@id\":\"https:\\\/\\\/www.eldigitaldeasturias.com\\\/noticias\\\/el-tiempo-en-espana-miercoles-7-de-noviembre-de-2018\\\/#webpage\"},\"isPartOf\":{\"@id\":\"https:\\\/\\\/www.eldigitaldeasturias.com\\\/noticias\\\/el-tiempo-en-espana-miercoles-7-de-noviembre-de-2018\\\/#webpage\"},\"articleSection\":\"El tiempo\"},{\"@type\":\"BreadcrumbList\",\"@id\":\"https:\\\/\\\/www.eldigitaldeasturias.com\\\/noticias\\\/el-tiempo-en-espana-miercoles-7-de-noviembre-de-2018\\\/#breadcrumblist\",\"itemListElement\":[{\"@type\":\"ListItem\",\"@id\":\"https:\\\/\\\/www.eldigitaldeasturias.com\\\/noticias#listItem\",\"position\":1,\"name\":\"Home\",\"item\":\"https:\\\/\\\/www.eldigitaldeasturias.com\\\/noticias\",\"nextItem\":{\"@type\":\"ListItem\",\"@id\":\"https:\\\/\\\/www.eldigitaldeasturias.com\\\/noticias\\\/category\\\/el-tiempo\\\/#listItem\",\"name\":\"El tiempo\"}},{\"@type\":\"ListItem\",\"@id\":\"https:\\\/\\\/www.eldigitaldeasturias.com\\\/noticias\\\/category\\\/el-tiempo\\\/#listItem\",\"position\":2,\"name\":\"El tiempo\",\"item\":\"https:\\\/\\\/www.eldigitaldeasturias.com\\\/noticias\\\/category\\\/el-tiempo\\\/\",\"nextItem\":{\"@type\":\"ListItem\",\"@id\":\"https:\\\/\\\/www.eldigitaldeasturias.com\\\/noticias\\\/el-tiempo-en-espana-miercoles-7-de-noviembre-de-2018\\\/#listItem\",\"name\":\"El tiempo en Espa\\u00f1a, mi\\u00e9rcoles 7 de noviembre de 2018\"},\"previousItem\":{\"@type\":\"ListItem\",\"@id\":\"https:\\\/\\\/www.eldigitaldeasturias.com\\\/noticias#listItem\",\"name\":\"Home\"}},{\"@type\":\"ListItem\",\"@id\":\"https:\\\/\\\/www.eldigitaldeasturias.com\\\/noticias\\\/el-tiempo-en-espana-miercoles-7-de-noviembre-de-2018\\\/#listItem\",\"position\":3,\"name\":\"El tiempo en Espa\\u00f1a, mi\\u00e9rcoles 7 de noviembre de 2018\",\"previousItem\":{\"@type\":\"ListItem\",\"@id\":\"https:\\\/\\\/www.eldigitaldeasturias.com\\\/noticias\\\/category\\\/el-tiempo\\\/#listItem\",\"name\":\"El tiempo\"}}]},{\"@type\":\"Organization\",\"@id\":\"https:\\\/\\\/www.eldigitaldeasturias.com\\\/noticias\\\/#organization\",\"name\":\"El Digital de Asturias\",\"description\":\"Hemeroteca\",\"url\":\"https:\\\/\\\/www.eldigitaldeasturias.com\\\/noticias\\\/\",\"email\":\"info@eldigitaldeasturias.com\",\"telephone\":\"+34652131393\",\"logo\":{\"@type\":\"ImageObject\",\"url\":\"https:\\\/\\\/www.eldigitaldeasturias.com\\\/noticias\\\/wp-content\\\/uploads\\\/2020\\\/12\\\/EDA.jpg\",\"@id\":\"https:\\\/\\\/www.eldigitaldeasturias.com\\\/noticias\\\/el-tiempo-en-espana-miercoles-7-de-noviembre-de-2018\\\/#organizationLogo\",\"width\":649,\"height\":297},\"image\":{\"@id\":\"https:\\\/\\\/www.eldigitaldeasturias.com\\\/noticias\\\/el-tiempo-en-espana-miercoles-7-de-noviembre-de-2018\\\/#organizationLogo\"},\"sameAs\":[\"https:\\\/\\\/facebook.com\\\/eldigitaldeasturias\",\"https:\\\/\\\/www.youtube.com\\\/channel\\\/UCZP-2wLEB9Rv6erhFmqVnvg\"],\"address\":{\"@id\":\"https:\\\/\\\/www.eldigitaldeasturias.com\\\/noticias\\\/#postaladdress\",\"@type\":\"PostalAddress\",\"streetAddress\":\"san antonio 4,\",\"postalCode\":\"33430\",\"addressLocality\":\"Cand\\u00e1s\",\"addressRegion\":\"Asturias\",\"addressCountry\":\"ES\"}},{\"@type\":\"Person\",\"@id\":\"https:\\\/\\\/www.eldigitaldeasturias.com\\\/noticias\\\/author\\\/admin\\\/#author\",\"url\":\"https:\\\/\\\/www.eldigitaldeasturias.com\\\/noticias\\\/author\\\/admin\\\/\",\"name\":\"El Digital de Asturias\",\"image\":{\"@type\":\"ImageObject\",\"@id\":\"https:\\\/\\\/www.eldigitaldeasturias.com\\\/noticias\\\/el-tiempo-en-espana-miercoles-7-de-noviembre-de-2018\\\/#authorImage\",\"url\":\"https:\\\/\\\/www.eldigitaldeasturias.com\\\/noticias\\\/wp-content\\\/litespeed\\\/avatar\\\/18677e78aa0546b92d9dbf31ec7d7668.jpg?ver=1776685526\",\"width\":96,\"height\":96,\"caption\":\"El Digital de Asturias\"}},{\"@type\":\"WebPage\",\"@id\":\"https:\\\/\\\/www.eldigitaldeasturias.com\\\/noticias\\\/el-tiempo-en-espana-miercoles-7-de-noviembre-de-2018\\\/#webpage\",\"url\":\"https:\\\/\\\/www.eldigitaldeasturias.com\\\/noticias\\\/el-tiempo-en-espana-miercoles-7-de-noviembre-de-2018\\\/\",\"name\":\"El tiempo en Espa\\u00f1a, mi\\u00e9rcoles 7 de noviembre de 2018 - El Digital de Asturias\",\"description\":\"AEMET informa que durante el mi\\u00e9rcoles, 7 de noviembre, en las vertientes atl\\u00e1ntica, cant\\u00e1brica y Pirineos estar\\u00e1 nuboso o muy nuboso con lluvias y chubascos, m\\u00e1s abundantes y con cierta persistencia en el oeste de Galicia y del sistema Central. Podr\\u00e1n venir acompa\\u00f1adas de tormentas y granizo en zonas litorales de Galicia y Cant\\u00e1brico. Ser\\u00e1n\",\"inLanguage\":\"es-ES\",\"isPartOf\":{\"@id\":\"https:\\\/\\\/www.eldigitaldeasturias.com\\\/noticias\\\/#website\"},\"breadcrumb\":{\"@id\":\"https:\\\/\\\/www.eldigitaldeasturias.com\\\/noticias\\\/el-tiempo-en-espana-miercoles-7-de-noviembre-de-2018\\\/#breadcrumblist\"},\"author\":{\"@id\":\"https:\\\/\\\/www.eldigitaldeasturias.com\\\/noticias\\\/author\\\/admin\\\/#author\"},\"creator\":{\"@id\":\"https:\\\/\\\/www.eldigitaldeasturias.com\\\/noticias\\\/author\\\/admin\\\/#author\"},\"image\":{\"@type\":\"ImageObject\",\"url\":\"https:\\\/\\\/www.eldigitaldeasturias.com\\\/noticias\\\/wp-content\\\/uploads\\\/2018\\\/02\\\/071117_nieve.jpg\",\"@id\":\"https:\\\/\\\/www.eldigitaldeasturias.com\\\/noticias\\\/el-tiempo-en-espana-miercoles-7-de-noviembre-de-2018\\\/#mainImage\",\"width\":496,\"height\":329},\"primaryImageOfPage\":{\"@id\":\"https:\\\/\\\/www.eldigitaldeasturias.com\\\/noticias\\\/el-tiempo-en-espana-miercoles-7-de-noviembre-de-2018\\\/#mainImage\"},\"datePublished\":\"2018-11-06T23:01:59+01:00\",\"dateModified\":\"2018-11-06T23:01:59+01:00\"},{\"@type\":\"WebSite\",\"@id\":\"https:\\\/\\\/www.eldigitaldeasturias.com\\\/noticias\\\/#website\",\"url\":\"https:\\\/\\\/www.eldigitaldeasturias.com\\\/noticias\\\/\",\"name\":\"El Digital de Asturias - Diario de actualidad y noticias\",\"alternateName\":\"El Digital de Asturias - Diario de actualidad y noticias\",\"description\":\"Hemeroteca\",\"inLanguage\":\"es-ES\",\"publisher\":{\"@id\":\"https:\\\/\\\/www.eldigitaldeasturias.com\\\/noticias\\\/#organization\"}}]}\n\t\t<\/script>\n\t\t<!-- All in One SEO Pro -->\r\n\t\t<title>El tiempo en Espa\u00f1a, mi\u00e9rcoles 7 de noviembre de 2018 - El Digital de Asturias<\/title>\n\n","aioseo_head_json":{"title":"El tiempo en Espa\u00f1a, mi\u00e9rcoles 7 de noviembre de 2018 - El Digital de Asturias","description":"AEMET informa que durante el mi\u00e9rcoles, 7 de noviembre, en las vertientes atl\u00e1ntica, cant\u00e1brica y Pirineos estar\u00e1 nuboso o muy nuboso con lluvias y chubascos, m\u00e1s abundantes y con cierta persistencia en el oeste de Galicia y del sistema Central. Podr\u00e1n venir acompa\u00f1adas de tormentas y granizo en zonas litorales de Galicia y Cant\u00e1brico. Ser\u00e1n","canonical_url":"https:\/\/www.eldigitaldeasturias.com\/noticias\/el-tiempo-en-espana-miercoles-7-de-noviembre-de-2018\/","robots":"max-image-preview:large","keywords":"el tiempo","webmasterTools":{"google-site-verification":"UA-38556648-1","msvalidate.01":"7dfe9f3f1b24437ab69f4f2559babe99","miscellaneous":""},"schema":{"@context":"https:\/\/schema.org","@graph":[{"@type":"BlogPosting","@id":"https:\/\/www.eldigitaldeasturias.com\/noticias\/el-tiempo-en-espana-miercoles-7-de-noviembre-de-2018\/#blogposting","name":"El tiempo en Espa\u00f1a, mi\u00e9rcoles 7 de noviembre de 2018 - El Digital de Asturias","headline":"El tiempo en Espa\u00f1a, mi\u00e9rcoles 7 de noviembre de 2018","author":{"@id":"https:\/\/www.eldigitaldeasturias.com\/noticias\/author\/admin\/#author"},"publisher":{"@id":"https:\/\/www.eldigitaldeasturias.com\/noticias\/#organization"},"image":{"@type":"ImageObject","url":"https:\/\/www.eldigitaldeasturias.com\/noticias\/wp-content\/uploads\/2018\/02\/071117_nieve.jpg","width":496,"height":329},"datePublished":"2018-11-06T23:01:59+01:00","dateModified":"2018-11-06T23:01:59+01:00","inLanguage":"es-ES","mainEntityOfPage":{"@id":"https:\/\/www.eldigitaldeasturias.com\/noticias\/el-tiempo-en-espana-miercoles-7-de-noviembre-de-2018\/#webpage"},"isPartOf":{"@id":"https:\/\/www.eldigitaldeasturias.com\/noticias\/el-tiempo-en-espana-miercoles-7-de-noviembre-de-2018\/#webpage"},"articleSection":"El tiempo"},{"@type":"BreadcrumbList","@id":"https:\/\/www.eldigitaldeasturias.com\/noticias\/el-tiempo-en-espana-miercoles-7-de-noviembre-de-2018\/#breadcrumblist","itemListElement":[{"@type":"ListItem","@id":"https:\/\/www.eldigitaldeasturias.com\/noticias#listItem","position":1,"name":"Home","item":"https:\/\/www.eldigitaldeasturias.com\/noticias","nextItem":{"@type":"ListItem","@id":"https:\/\/www.eldigitaldeasturias.com\/noticias\/category\/el-tiempo\/#listItem","name":"El tiempo"}},{"@type":"ListItem","@id":"https:\/\/www.eldigitaldeasturias.com\/noticias\/category\/el-tiempo\/#listItem","position":2,"name":"El tiempo","item":"https:\/\/www.eldigitaldeasturias.com\/noticias\/category\/el-tiempo\/","nextItem":{"@type":"ListItem","@id":"https:\/\/www.eldigitaldeasturias.com\/noticias\/el-tiempo-en-espana-miercoles-7-de-noviembre-de-2018\/#listItem","name":"El tiempo en Espa\u00f1a, mi\u00e9rcoles 7 de noviembre de 2018"},"previousItem":{"@type":"ListItem","@id":"https:\/\/www.eldigitaldeasturias.com\/noticias#listItem","name":"Home"}},{"@type":"ListItem","@id":"https:\/\/www.eldigitaldeasturias.com\/noticias\/el-tiempo-en-espana-miercoles-7-de-noviembre-de-2018\/#listItem","position":3,"name":"El tiempo en Espa\u00f1a, mi\u00e9rcoles 7 de noviembre de 2018","previousItem":{"@type":"ListItem","@id":"https:\/\/www.eldigitaldeasturias.com\/noticias\/category\/el-tiempo\/#listItem","name":"El tiempo"}}]},{"@type":"Organization","@id":"https:\/\/www.eldigitaldeasturias.com\/noticias\/#organization","name":"El Digital de Asturias","description":"Hemeroteca","url":"https:\/\/www.eldigitaldeasturias.com\/noticias\/","email":"info@eldigitaldeasturias.com","telephone":"+34652131393","logo":{"@type":"ImageObject","url":"https:\/\/www.eldigitaldeasturias.com\/noticias\/wp-content\/uploads\/2020\/12\/EDA.jpg","@id":"https:\/\/www.eldigitaldeasturias.com\/noticias\/el-tiempo-en-espana-miercoles-7-de-noviembre-de-2018\/#organizationLogo","width":649,"height":297},"image":{"@id":"https:\/\/www.eldigitaldeasturias.com\/noticias\/el-tiempo-en-espana-miercoles-7-de-noviembre-de-2018\/#organizationLogo"},"sameAs":["https:\/\/facebook.com\/eldigitaldeasturias","https:\/\/www.youtube.com\/channel\/UCZP-2wLEB9Rv6erhFmqVnvg"],"address":{"@id":"https:\/\/www.eldigitaldeasturias.com\/noticias\/#postaladdress","@type":"PostalAddress","streetAddress":"san antonio 4,","postalCode":"33430","addressLocality":"Cand\u00e1s","addressRegion":"Asturias","addressCountry":"ES"}},{"@type":"Person","@id":"https:\/\/www.eldigitaldeasturias.com\/noticias\/author\/admin\/#author","url":"https:\/\/www.eldigitaldeasturias.com\/noticias\/author\/admin\/","name":"El Digital de Asturias","image":{"@type":"ImageObject","@id":"https:\/\/www.eldigitaldeasturias.com\/noticias\/el-tiempo-en-espana-miercoles-7-de-noviembre-de-2018\/#authorImage","url":"https:\/\/www.eldigitaldeasturias.com\/noticias\/wp-content\/litespeed\/avatar\/18677e78aa0546b92d9dbf31ec7d7668.jpg?ver=1776685526","width":96,"height":96,"caption":"El Digital de Asturias"}},{"@type":"WebPage","@id":"https:\/\/www.eldigitaldeasturias.com\/noticias\/el-tiempo-en-espana-miercoles-7-de-noviembre-de-2018\/#webpage","url":"https:\/\/www.eldigitaldeasturias.com\/noticias\/el-tiempo-en-espana-miercoles-7-de-noviembre-de-2018\/","name":"El tiempo en Espa\u00f1a, mi\u00e9rcoles 7 de noviembre de 2018 - El Digital de Asturias","description":"AEMET informa que durante el mi\u00e9rcoles, 7 de noviembre, en las vertientes atl\u00e1ntica, cant\u00e1brica y Pirineos estar\u00e1 nuboso o muy nuboso con lluvias y chubascos, m\u00e1s abundantes y con cierta persistencia en el oeste de Galicia y del sistema Central. Podr\u00e1n venir acompa\u00f1adas de tormentas y granizo en zonas litorales de Galicia y Cant\u00e1brico. Ser\u00e1n","inLanguage":"es-ES","isPartOf":{"@id":"https:\/\/www.eldigitaldeasturias.com\/noticias\/#website"},"breadcrumb":{"@id":"https:\/\/www.eldigitaldeasturias.com\/noticias\/el-tiempo-en-espana-miercoles-7-de-noviembre-de-2018\/#breadcrumblist"},"author":{"@id":"https:\/\/www.eldigitaldeasturias.com\/noticias\/author\/admin\/#author"},"creator":{"@id":"https:\/\/www.eldigitaldeasturias.com\/noticias\/author\/admin\/#author"},"image":{"@type":"ImageObject","url":"https:\/\/www.eldigitaldeasturias.com\/noticias\/wp-content\/uploads\/2018\/02\/071117_nieve.jpg","@id":"https:\/\/www.eldigitaldeasturias.com\/noticias\/el-tiempo-en-espana-miercoles-7-de-noviembre-de-2018\/#mainImage","width":496,"height":329},"primaryImageOfPage":{"@id":"https:\/\/www.eldigitaldeasturias.com\/noticias\/el-tiempo-en-espana-miercoles-7-de-noviembre-de-2018\/#mainImage"},"datePublished":"2018-11-06T23:01:59+01:00","dateModified":"2018-11-06T23:01:59+01:00"},{"@type":"WebSite","@id":"https:\/\/www.eldigitaldeasturias.com\/noticias\/#website","url":"https:\/\/www.eldigitaldeasturias.com\/noticias\/","name":"El Digital de Asturias - Diario de actualidad y noticias","alternateName":"El Digital de Asturias - Diario de actualidad y noticias","description":"Hemeroteca","inLanguage":"es-ES","publisher":{"@id":"https:\/\/www.eldigitaldeasturias.com\/noticias\/#organization"}}]},"og:locale":"es_ES","og:site_name":"El Digital de Asturias","og:type":"article","og:title":"El tiempo en Espa\u00f1a, mi\u00e9rcoles 7 de noviembre de 2018 - El Digital de Asturias","og:description":"AEMET informa que durante el mi\u00e9rcoles, 7 de noviembre, en las vertientes atl\u00e1ntica, cant\u00e1brica y Pirineos estar\u00e1 nuboso o muy nuboso con lluvias y chubascos, m\u00e1s abundantes y con cierta persistencia en el oeste de Galicia y del sistema Central. Podr\u00e1n venir acompa\u00f1adas de tormentas y granizo en zonas litorales de Galicia y Cant\u00e1brico. Ser\u00e1n","og:url":"https:\/\/www.eldigitaldeasturias.com\/noticias\/el-tiempo-en-espana-miercoles-7-de-noviembre-de-2018\/","og:image":"https:\/\/www.eldigitaldeasturias.com\/noticias\/wp-content\/uploads\/2018\/02\/071117_nieve.jpg","og:image:secure_url":"https:\/\/www.eldigitaldeasturias.com\/noticias\/wp-content\/uploads\/2018\/02\/071117_nieve.jpg","og:image:width":496,"og:image:height":329,"article:tag":["el tiempo"],"article:published_time":"2018-11-06T23:01:59+00:00","article:modified_time":"2018-11-06T23:01:59+00:00","article:publisher":"https:\/\/facebook.com\/eldigitaldeasturias","twitter:card":"summary_large_image","twitter:title":"El tiempo en Espa\u00f1a, mi\u00e9rcoles 7 de noviembre de 2018 - El Digital de Asturias","twitter:description":"AEMET informa que durante el mi\u00e9rcoles, 7 de noviembre, en las vertientes atl\u00e1ntica, cant\u00e1brica y Pirineos estar\u00e1 nuboso o muy nuboso con lluvias y chubascos, m\u00e1s abundantes y con cierta persistencia en el oeste de Galicia y del sistema Central. Podr\u00e1n venir acompa\u00f1adas de tormentas y granizo en zonas litorales de Galicia y Cant\u00e1brico. Ser\u00e1n","twitter:image":"https:\/\/www.eldigitaldeasturias.com\/noticias\/wp-content\/uploads\/2018\/02\/071117_nieve.jpg","twitter:label1":"Escrito por","twitter:data1":"El Digital de Asturias","twitter:label2":"Tiempo de lectura estimado","twitter:data2":"1 minuto"},"aioseo_meta_data":{"post_id":"1005375","title":null,"description":null,"keywords":null,"keyphrases":null,"primary_term":null,"canonical_url":null,"og_title":null,"og_description":null,"og_object_type":"default","og_image_type":"default","og_image_url":null,"og_image_width":null,"og_image_height":null,"og_image_custom_url":null,"og_image_custom_fields":null,"og_video":null,"og_custom_url":null,"og_article_section":null,"og_article_tags":null,"twitter_use_og":false,"twitter_card":"default","twitter_image_type":"default","twitter_image_url":null,"twitter_image_custom_url":null,"twitter_image_custom_fields":null,"twitter_title":null,"twitter_description":null,"schema":{"blockGraphs":[],"customGraphs":[],"default":{"data":{"Article":[],"Course":[],"Dataset":[],"FAQPage":[],"Movie":[],"Person":[],"Product":[],"ProductReview":[],"Car":[],"Recipe":[],"Service":[],"SoftwareApplication":[],"WebPage":[]},"graphName":"","isEnabled":true},"graphs":[],"defaultGraph":"","defaultPostTypeGraph":""},"schema_type":null,"schema_type_options":null,"pillar_content":false,"robots_default":true,"robots_noindex":false,"robots_noarchive":false,"robots_nosnippet":false,"robots_nofollow":false,"robots_noimageindex":false,"robots_noodp":false,"robots_notranslate":false,"robots_max_snippet":null,"robots_max_videopreview":null,"robots_max_imagepreview":"large","priority":null,"frequency":null,"local_seo":null,"seo_analyzer_scan_date":"2025-10-13 13:35:10","breadcrumb_settings":null,"limit_modified_date":false,"open_ai":null,"ai":null,"created":"2020-12-21 11:28:15","updated":"2025-10-13 13:35:10"},"aioseo_breadcrumb":"<div class=\"aioseo-breadcrumbs\"><span class=\"aioseo-breadcrumb\">\n\t<a href=\"https:\/\/www.eldigitaldeasturias.com\/noticias\" title=\"Home\">Home<\/a>\n<\/span><span class=\"aioseo-breadcrumb-separator\">\u2013<\/span><span class=\"aioseo-breadcrumb\">\n\t<a href=\"https:\/\/www.eldigitaldeasturias.com\/noticias\/category\/el-tiempo\/\" title=\"El tiempo\">El tiempo<\/a>\n<\/span><span class=\"aioseo-breadcrumb-separator\">\u2013<\/span><span class=\"aioseo-breadcrumb\">\n\t<a href=\"https:\/\/www.eldigitaldeasturias.com\/noticias\/el-tiempo-en-espana-miercoles-7-de-noviembre-de-2018\/\" title=\"El tiempo en Espa\u00f1a, mi\u00e9rcoles 7 de noviembre de 2018\">El tiempo en Espa\u00f1a, mi\u00e9rcoles 7 de noviembre de 2018<\/a>\n<\/span><\/div>","aioseo_breadcrumb_json":[{"label":"Home","link":"https:\/\/www.eldigitaldeasturias.com\/noticias"},{"label":"El tiempo","link":"https:\/\/www.eldigitaldeasturias.com\/noticias\/category\/el-tiempo\/"},{"label":"El tiempo en Espa\u00f1a, mi\u00e9rcoles 7 de noviembre de 2018","link":"https:\/\/www.eldigitaldeasturias.com\/noticias\/el-tiempo-en-espana-miercoles-7-de-noviembre-de-2018\/"}],"_links":{"self":[{"href":"https:\/\/www.eldigitaldeasturias.com\/noticias\/wp-json\/wp\/v2\/posts\/1005375","targetHints":{"allow":["GET"]}}],"collection":[{"href":"https:\/\/www.eldigitaldeasturias.com\/noticias\/wp-json\/wp\/v2\/posts"}],"about":[{"href":"https:\/\/www.eldigitaldeasturias.com\/noticias\/wp-json\/wp\/v2\/types\/post"}],"author":[{"embeddable":true,"href":"https:\/\/www.eldigitaldeasturias.com\/noticias\/wp-json\/wp\/v2\/users\/1"}],"replies":[{"embeddable":true,"href":"https:\/\/www.eldigitaldeasturias.com\/noticias\/wp-json\/wp\/v2\/comments?post=1005375"}],"version-history":[{"count":0,"href":"https:\/\/www.eldigitaldeasturias.com\/noticias\/wp-json\/wp\/v2\/posts\/1005375\/revisions"}],"wp:featuredmedia":[{"embeddable":true,"href":"https:\/\/www.eldigitaldeasturias.com\/noticias\/wp-json\/wp\/v2\/media\/967530"}],"wp:attachment":[{"href":"https:\/\/www.eldigitaldeasturias.com\/noticias\/wp-json\/wp\/v2\/media?parent=1005375"}],"wp:term":[{"taxonomy":"category","embeddable":true,"href":"https:\/\/www.eldigitaldeasturias.com\/noticias\/wp-json\/wp\/v2\/categories?post=1005375"},{"taxonomy":"post_tag","embeddable":true,"href":"https:\/\/www.eldigitaldeasturias.com\/noticias\/wp-json\/wp\/v2\/tags?post=1005375"}],"curies":[{"name":"wp","href":"https:\/\/api.w.org\/{rel}","templated":true}]}}