{"id":1004973,"date":"2018-11-03T22:05:59","date_gmt":"2018-11-03T22:05:59","guid":{"rendered":"https:\/\/www.eldigitaldeasturias.com\/noticias\/?p=1004973"},"modified":"2018-11-03T22:05:59","modified_gmt":"2018-11-03T22:05:59","slug":"el-tiempo-en-espana-domingo-4-de-noviembre-2018","status":"publish","type":"post","link":"https:\/\/www.eldigitaldeasturias.com\/noticias\/el-tiempo-en-espana-domingo-4-de-noviembre-2018\/","title":{"rendered":"El tiempo en Espa\u00f1a, domingo 4 de noviembre 2018"},"content":{"rendered":"<p><img loading=\"lazy\" decoding=\"async\" class=\"alignleft size-medium wp-image-721939\" src=\"https:\/\/www.eldigitaldeasturias.com\/noticias\/wp-content\/uploads\/2014\/12\/8328666w-360x210.jpg\" alt=\"\" width=\"360\" height=\"210\" srcset=\"https:\/\/www.eldigitaldeasturias.com\/noticias\/wp-content\/uploads\/2014\/12\/8328666w-360x210.jpg 360w, https:\/\/www.eldigitaldeasturias.com\/noticias\/wp-content\/uploads\/2014\/12\/8328666w-768x447.jpg 768w, https:\/\/www.eldigitaldeasturias.com\/noticias\/wp-content\/uploads\/2014\/12\/8328666w-650x379.jpg 650w, https:\/\/www.eldigitaldeasturias.com\/noticias\/wp-content\/uploads\/2014\/12\/8328666w-172x100.jpg 172w, https:\/\/www.eldigitaldeasturias.com\/noticias\/wp-content\/uploads\/2014\/12\/8328666w.jpg 800w\" sizes=\"auto, (max-width: 360px) 100vw, 360px\" \/>Domingo en Espa\u00f1a con precipitaciones que podr\u00edan ser localmente persistentes en las R\u00edas Bajas.<\/p>\n<p>AEMET informa que en las Islas Baleares orientales es probable que contin\u00faen los chubascos, con posibilidad de afectar tambi\u00e9n al extremo nordeste de Catalu\u00f1a. Por otra parte, un frente atl\u00e1ntico entrar\u00e1 por Galicia, produciendo un aumento de la nubosidad de oeste a este y precipitaciones en gran parte de la vertientes atl\u00e1ntica y cant\u00e1brica, as\u00ed como en el alto Ebro. Podr\u00edan ser fuertes o persistentes en R\u00edas Bajas.<\/p>\n<p>En las Islas Canarias m\u00e1s monta\u00f1osas, probables precipitaciones ocasionales en el norte. En el resto, predominio de los cielos poco nubosos o con intervalos de nubes altas, salvo en zonas de niebla.<\/p>\n<p>Al final del d\u00eda puede nevar ligeramente en las monta\u00f1as del noroeste peninsular, con cota de 1200\/1600 metros.<\/p>\n<p>Brumas y posibles bancos de niebla matinales en valles del suroeste peninsular.<br \/>\nTemperaturas en aumento en la mitad este peninsular, en descenso en la oeste, localmente notable en monta\u00f1as del noroeste.<\/p>\n<p>Alisios en Canarias. Viento de componente sur en las vertientes atl\u00e1ntica y cant\u00e1brica, variable tendiendo a poniente en Albor\u00e1n y de componentes norte y oeste girando a sur en el resto del Mediterr\u00e1neo. Intervalos de fuerte en el litoral gallego.<\/p>\n","protected":false},"excerpt":{"rendered":"<p>Domingo en Espa\u00f1a con precipitaciones que podr\u00edan ser localmente persistentes en las R\u00edas Bajas. AEMET informa que en las Islas Baleares orientales es probable que contin\u00faen los chubascos, con posibilidad de afectar tambi\u00e9n al extremo nordeste de Catalu\u00f1a. Por otra parte, un frente atl\u00e1ntico entrar\u00e1 por Galicia, produciendo un aumento de la nubosidad de oeste [&hellip;]<\/p>\n","protected":false},"author":1,"featured_media":803062,"comment_status":"closed","ping_status":"closed","sticky":false,"template":"","format":"standard","meta":{"footnotes":""},"categories":[538],"tags":[],"class_list":["post-1004973","post","type-post","status-publish","format-standard","has-post-thumbnail","hentry","category-el-tiempo"],"aioseo_notices":[],"aioseo_head":"\n\t\t<!-- All in One SEO Pro 4.9.6.2 - aioseo.com -->\n\t<meta name=\"description\" content=\"Domingo en Espa\u00f1a con precipitaciones que podr\u00edan ser localmente persistentes en las R\u00edas Bajas. AEMET informa que en las Islas Baleares orientales es probable que contin\u00faen los chubascos, con posibilidad de afectar tambi\u00e9n al extremo nordeste de Catalu\u00f1a. Por otra parte, un frente atl\u00e1ntico entrar\u00e1 por Galicia, produciendo un aumento de la nubosidad de oeste\" \/>\n\t<meta name=\"robots\" content=\"max-image-preview:large\" \/>\n\t<meta name=\"author\" content=\"El Digital de Asturias\"\/>\n\t<meta name=\"google-site-verification\" content=\"UA-38556648-1\" \/>\n\t<meta name=\"msvalidate.01\" content=\"7dfe9f3f1b24437ab69f4f2559babe99\" \/>\n\t<meta name=\"keywords\" content=\"el tiempo\" \/>\n\t<link rel=\"canonical\" href=\"https:\/\/www.eldigitaldeasturias.com\/noticias\/el-tiempo-en-espana-domingo-4-de-noviembre-2018\/\" \/>\n\t<meta name=\"generator\" content=\"All in One SEO Pro (AIOSEO) 4.9.6.2\" \/>\n\t\t<meta property=\"og:locale\" content=\"es_ES\" \/>\n\t\t<meta property=\"og:site_name\" content=\"El Digital de Asturias\" \/>\n\t\t<meta property=\"og:type\" content=\"article\" \/>\n\t\t<meta property=\"og:title\" content=\"El tiempo en Espa\u00f1a, domingo 4 de noviembre 2018 - El Digital de Asturias\" \/>\n\t\t<meta property=\"og:description\" content=\"Domingo en Espa\u00f1a con precipitaciones que podr\u00edan ser localmente persistentes en las R\u00edas Bajas. AEMET informa que en las Islas Baleares orientales es probable que contin\u00faen los chubascos, con posibilidad de afectar tambi\u00e9n al extremo nordeste de Catalu\u00f1a. Por otra parte, un frente atl\u00e1ntico entrar\u00e1 por Galicia, produciendo un aumento de la nubosidad de oeste\" \/>\n\t\t<meta property=\"og:url\" content=\"https:\/\/www.eldigitaldeasturias.com\/noticias\/el-tiempo-en-espana-domingo-4-de-noviembre-2018\/\" \/>\n\t\t<meta property=\"og:image\" content=\"https:\/\/www.eldigitaldeasturias.com\/noticias\/wp-content\/uploads\/2015\/08\/lluvia.jpg\" \/>\n\t\t<meta property=\"og:image:secure_url\" content=\"https:\/\/www.eldigitaldeasturias.com\/noticias\/wp-content\/uploads\/2015\/08\/lluvia.jpg\" \/>\n\t\t<meta property=\"og:image:width\" content=\"800\" \/>\n\t\t<meta property=\"og:image:height\" content=\"600\" \/>\n\t\t<meta property=\"article:tag\" content=\"el tiempo\" \/>\n\t\t<meta property=\"article:published_time\" content=\"2018-11-03T22:05:59+00:00\" \/>\n\t\t<meta property=\"article:modified_time\" content=\"2018-11-03T22:05:59+00:00\" \/>\n\t\t<meta property=\"article:publisher\" content=\"https:\/\/facebook.com\/eldigitaldeasturias\" \/>\n\t\t<meta name=\"twitter:card\" content=\"summary_large_image\" \/>\n\t\t<meta name=\"twitter:title\" content=\"El tiempo en Espa\u00f1a, domingo 4 de noviembre 2018 - El Digital de Asturias\" \/>\n\t\t<meta name=\"twitter:description\" content=\"Domingo en Espa\u00f1a con precipitaciones que podr\u00edan ser localmente persistentes en las R\u00edas Bajas. AEMET informa que en las Islas Baleares orientales es probable que contin\u00faen los chubascos, con posibilidad de afectar tambi\u00e9n al extremo nordeste de Catalu\u00f1a. Por otra parte, un frente atl\u00e1ntico entrar\u00e1 por Galicia, produciendo un aumento de la nubosidad de oeste\" \/>\n\t\t<meta name=\"twitter:image\" content=\"https:\/\/www.eldigitaldeasturias.com\/noticias\/wp-content\/uploads\/2015\/08\/lluvia.jpg\" \/>\n\t\t<meta name=\"twitter:label1\" content=\"Escrito por\" \/>\n\t\t<meta name=\"twitter:data1\" content=\"El Digital de Asturias\" \/>\n\t\t<meta name=\"twitter:label2\" content=\"Tiempo de lectura estimado\" \/>\n\t\t<meta name=\"twitter:data2\" content=\"1 minuto\" \/>\n\t\t<script type=\"application\/ld+json\" class=\"aioseo-schema\">\n\t\t\t{\"@context\":\"https:\\\/\\\/schema.org\",\"@graph\":[{\"@type\":\"BlogPosting\",\"@id\":\"https:\\\/\\\/www.eldigitaldeasturias.com\\\/noticias\\\/el-tiempo-en-espana-domingo-4-de-noviembre-2018\\\/#blogposting\",\"name\":\"El tiempo en Espa\\u00f1a, domingo 4 de noviembre 2018 - El Digital de Asturias\",\"headline\":\"El tiempo en Espa\\u00f1a, domingo 4 de noviembre 2018\",\"author\":{\"@id\":\"https:\\\/\\\/www.eldigitaldeasturias.com\\\/noticias\\\/author\\\/admin\\\/#author\"},\"publisher\":{\"@id\":\"https:\\\/\\\/www.eldigitaldeasturias.com\\\/noticias\\\/#organization\"},\"image\":{\"@type\":\"ImageObject\",\"url\":\"https:\\\/\\\/www.eldigitaldeasturias.com\\\/noticias\\\/wp-content\\\/uploads\\\/2015\\\/08\\\/lluvia.jpg\",\"width\":800,\"height\":600},\"datePublished\":\"2018-11-03T22:05:59+01:00\",\"dateModified\":\"2018-11-03T22:05:59+01:00\",\"inLanguage\":\"es-ES\",\"mainEntityOfPage\":{\"@id\":\"https:\\\/\\\/www.eldigitaldeasturias.com\\\/noticias\\\/el-tiempo-en-espana-domingo-4-de-noviembre-2018\\\/#webpage\"},\"isPartOf\":{\"@id\":\"https:\\\/\\\/www.eldigitaldeasturias.com\\\/noticias\\\/el-tiempo-en-espana-domingo-4-de-noviembre-2018\\\/#webpage\"},\"articleSection\":\"El tiempo\"},{\"@type\":\"BreadcrumbList\",\"@id\":\"https:\\\/\\\/www.eldigitaldeasturias.com\\\/noticias\\\/el-tiempo-en-espana-domingo-4-de-noviembre-2018\\\/#breadcrumblist\",\"itemListElement\":[{\"@type\":\"ListItem\",\"@id\":\"https:\\\/\\\/www.eldigitaldeasturias.com\\\/noticias#listItem\",\"position\":1,\"name\":\"Home\",\"item\":\"https:\\\/\\\/www.eldigitaldeasturias.com\\\/noticias\",\"nextItem\":{\"@type\":\"ListItem\",\"@id\":\"https:\\\/\\\/www.eldigitaldeasturias.com\\\/noticias\\\/category\\\/el-tiempo\\\/#listItem\",\"name\":\"El tiempo\"}},{\"@type\":\"ListItem\",\"@id\":\"https:\\\/\\\/www.eldigitaldeasturias.com\\\/noticias\\\/category\\\/el-tiempo\\\/#listItem\",\"position\":2,\"name\":\"El tiempo\",\"item\":\"https:\\\/\\\/www.eldigitaldeasturias.com\\\/noticias\\\/category\\\/el-tiempo\\\/\",\"nextItem\":{\"@type\":\"ListItem\",\"@id\":\"https:\\\/\\\/www.eldigitaldeasturias.com\\\/noticias\\\/el-tiempo-en-espana-domingo-4-de-noviembre-2018\\\/#listItem\",\"name\":\"El tiempo en Espa\\u00f1a, domingo 4 de noviembre 2018\"},\"previousItem\":{\"@type\":\"ListItem\",\"@id\":\"https:\\\/\\\/www.eldigitaldeasturias.com\\\/noticias#listItem\",\"name\":\"Home\"}},{\"@type\":\"ListItem\",\"@id\":\"https:\\\/\\\/www.eldigitaldeasturias.com\\\/noticias\\\/el-tiempo-en-espana-domingo-4-de-noviembre-2018\\\/#listItem\",\"position\":3,\"name\":\"El tiempo en Espa\\u00f1a, domingo 4 de noviembre 2018\",\"previousItem\":{\"@type\":\"ListItem\",\"@id\":\"https:\\\/\\\/www.eldigitaldeasturias.com\\\/noticias\\\/category\\\/el-tiempo\\\/#listItem\",\"name\":\"El tiempo\"}}]},{\"@type\":\"Organization\",\"@id\":\"https:\\\/\\\/www.eldigitaldeasturias.com\\\/noticias\\\/#organization\",\"name\":\"El Digital de Asturias\",\"description\":\"Hemeroteca\",\"url\":\"https:\\\/\\\/www.eldigitaldeasturias.com\\\/noticias\\\/\",\"email\":\"info@eldigitaldeasturias.com\",\"telephone\":\"+34652131393\",\"logo\":{\"@type\":\"ImageObject\",\"url\":\"https:\\\/\\\/www.eldigitaldeasturias.com\\\/noticias\\\/wp-content\\\/uploads\\\/2020\\\/12\\\/EDA.jpg\",\"@id\":\"https:\\\/\\\/www.eldigitaldeasturias.com\\\/noticias\\\/el-tiempo-en-espana-domingo-4-de-noviembre-2018\\\/#organizationLogo\",\"width\":649,\"height\":297},\"image\":{\"@id\":\"https:\\\/\\\/www.eldigitaldeasturias.com\\\/noticias\\\/el-tiempo-en-espana-domingo-4-de-noviembre-2018\\\/#organizationLogo\"},\"sameAs\":[\"https:\\\/\\\/facebook.com\\\/eldigitaldeasturias\",\"https:\\\/\\\/www.youtube.com\\\/channel\\\/UCZP-2wLEB9Rv6erhFmqVnvg\"],\"address\":{\"@id\":\"https:\\\/\\\/www.eldigitaldeasturias.com\\\/noticias\\\/#postaladdress\",\"@type\":\"PostalAddress\",\"streetAddress\":\"san antonio 4,\",\"postalCode\":\"33430\",\"addressLocality\":\"Cand\\u00e1s\",\"addressRegion\":\"Asturias\",\"addressCountry\":\"ES\"}},{\"@type\":\"Person\",\"@id\":\"https:\\\/\\\/www.eldigitaldeasturias.com\\\/noticias\\\/author\\\/admin\\\/#author\",\"url\":\"https:\\\/\\\/www.eldigitaldeasturias.com\\\/noticias\\\/author\\\/admin\\\/\",\"name\":\"El Digital de Asturias\",\"image\":{\"@type\":\"ImageObject\",\"@id\":\"https:\\\/\\\/www.eldigitaldeasturias.com\\\/noticias\\\/el-tiempo-en-espana-domingo-4-de-noviembre-2018\\\/#authorImage\",\"url\":\"https:\\\/\\\/www.eldigitaldeasturias.com\\\/noticias\\\/wp-content\\\/litespeed\\\/avatar\\\/18677e78aa0546b92d9dbf31ec7d7668.jpg?ver=1776685526\",\"width\":96,\"height\":96,\"caption\":\"El Digital de Asturias\"}},{\"@type\":\"WebPage\",\"@id\":\"https:\\\/\\\/www.eldigitaldeasturias.com\\\/noticias\\\/el-tiempo-en-espana-domingo-4-de-noviembre-2018\\\/#webpage\",\"url\":\"https:\\\/\\\/www.eldigitaldeasturias.com\\\/noticias\\\/el-tiempo-en-espana-domingo-4-de-noviembre-2018\\\/\",\"name\":\"El tiempo en Espa\\u00f1a, domingo 4 de noviembre 2018 - El Digital de Asturias\",\"description\":\"Domingo en Espa\\u00f1a con precipitaciones que podr\\u00edan ser localmente persistentes en las R\\u00edas Bajas. AEMET informa que en las Islas Baleares orientales es probable que contin\\u00faen los chubascos, con posibilidad de afectar tambi\\u00e9n al extremo nordeste de Catalu\\u00f1a. Por otra parte, un frente atl\\u00e1ntico entrar\\u00e1 por Galicia, produciendo un aumento de la nubosidad de oeste\",\"inLanguage\":\"es-ES\",\"isPartOf\":{\"@id\":\"https:\\\/\\\/www.eldigitaldeasturias.com\\\/noticias\\\/#website\"},\"breadcrumb\":{\"@id\":\"https:\\\/\\\/www.eldigitaldeasturias.com\\\/noticias\\\/el-tiempo-en-espana-domingo-4-de-noviembre-2018\\\/#breadcrumblist\"},\"author\":{\"@id\":\"https:\\\/\\\/www.eldigitaldeasturias.com\\\/noticias\\\/author\\\/admin\\\/#author\"},\"creator\":{\"@id\":\"https:\\\/\\\/www.eldigitaldeasturias.com\\\/noticias\\\/author\\\/admin\\\/#author\"},\"image\":{\"@type\":\"ImageObject\",\"url\":\"https:\\\/\\\/www.eldigitaldeasturias.com\\\/noticias\\\/wp-content\\\/uploads\\\/2015\\\/08\\\/lluvia.jpg\",\"@id\":\"https:\\\/\\\/www.eldigitaldeasturias.com\\\/noticias\\\/el-tiempo-en-espana-domingo-4-de-noviembre-2018\\\/#mainImage\",\"width\":800,\"height\":600},\"primaryImageOfPage\":{\"@id\":\"https:\\\/\\\/www.eldigitaldeasturias.com\\\/noticias\\\/el-tiempo-en-espana-domingo-4-de-noviembre-2018\\\/#mainImage\"},\"datePublished\":\"2018-11-03T22:05:59+01:00\",\"dateModified\":\"2018-11-03T22:05:59+01:00\"},{\"@type\":\"WebSite\",\"@id\":\"https:\\\/\\\/www.eldigitaldeasturias.com\\\/noticias\\\/#website\",\"url\":\"https:\\\/\\\/www.eldigitaldeasturias.com\\\/noticias\\\/\",\"name\":\"El Digital de Asturias - Diario de actualidad y noticias\",\"alternateName\":\"El Digital de Asturias - Diario de actualidad y noticias\",\"description\":\"Hemeroteca\",\"inLanguage\":\"es-ES\",\"publisher\":{\"@id\":\"https:\\\/\\\/www.eldigitaldeasturias.com\\\/noticias\\\/#organization\"}}]}\n\t\t<\/script>\n\t\t<!-- All in One SEO Pro -->\r\n\t\t<title>El tiempo en Espa\u00f1a, domingo 4 de noviembre 2018 - El Digital de Asturias<\/title>\n\n","aioseo_head_json":{"title":"El tiempo en Espa\u00f1a, domingo 4 de noviembre 2018 - El Digital de Asturias","description":"Domingo en Espa\u00f1a con precipitaciones que podr\u00edan ser localmente persistentes en las R\u00edas Bajas. AEMET informa que en las Islas Baleares orientales es probable que contin\u00faen los chubascos, con posibilidad de afectar tambi\u00e9n al extremo nordeste de Catalu\u00f1a. Por otra parte, un frente atl\u00e1ntico entrar\u00e1 por Galicia, produciendo un aumento de la nubosidad de oeste","canonical_url":"https:\/\/www.eldigitaldeasturias.com\/noticias\/el-tiempo-en-espana-domingo-4-de-noviembre-2018\/","robots":"max-image-preview:large","keywords":"el tiempo","webmasterTools":{"google-site-verification":"UA-38556648-1","msvalidate.01":"7dfe9f3f1b24437ab69f4f2559babe99","miscellaneous":""},"schema":{"@context":"https:\/\/schema.org","@graph":[{"@type":"BlogPosting","@id":"https:\/\/www.eldigitaldeasturias.com\/noticias\/el-tiempo-en-espana-domingo-4-de-noviembre-2018\/#blogposting","name":"El tiempo en Espa\u00f1a, domingo 4 de noviembre 2018 - El Digital de Asturias","headline":"El tiempo en Espa\u00f1a, domingo 4 de noviembre 2018","author":{"@id":"https:\/\/www.eldigitaldeasturias.com\/noticias\/author\/admin\/#author"},"publisher":{"@id":"https:\/\/www.eldigitaldeasturias.com\/noticias\/#organization"},"image":{"@type":"ImageObject","url":"https:\/\/www.eldigitaldeasturias.com\/noticias\/wp-content\/uploads\/2015\/08\/lluvia.jpg","width":800,"height":600},"datePublished":"2018-11-03T22:05:59+01:00","dateModified":"2018-11-03T22:05:59+01:00","inLanguage":"es-ES","mainEntityOfPage":{"@id":"https:\/\/www.eldigitaldeasturias.com\/noticias\/el-tiempo-en-espana-domingo-4-de-noviembre-2018\/#webpage"},"isPartOf":{"@id":"https:\/\/www.eldigitaldeasturias.com\/noticias\/el-tiempo-en-espana-domingo-4-de-noviembre-2018\/#webpage"},"articleSection":"El tiempo"},{"@type":"BreadcrumbList","@id":"https:\/\/www.eldigitaldeasturias.com\/noticias\/el-tiempo-en-espana-domingo-4-de-noviembre-2018\/#breadcrumblist","itemListElement":[{"@type":"ListItem","@id":"https:\/\/www.eldigitaldeasturias.com\/noticias#listItem","position":1,"name":"Home","item":"https:\/\/www.eldigitaldeasturias.com\/noticias","nextItem":{"@type":"ListItem","@id":"https:\/\/www.eldigitaldeasturias.com\/noticias\/category\/el-tiempo\/#listItem","name":"El tiempo"}},{"@type":"ListItem","@id":"https:\/\/www.eldigitaldeasturias.com\/noticias\/category\/el-tiempo\/#listItem","position":2,"name":"El tiempo","item":"https:\/\/www.eldigitaldeasturias.com\/noticias\/category\/el-tiempo\/","nextItem":{"@type":"ListItem","@id":"https:\/\/www.eldigitaldeasturias.com\/noticias\/el-tiempo-en-espana-domingo-4-de-noviembre-2018\/#listItem","name":"El tiempo en Espa\u00f1a, domingo 4 de noviembre 2018"},"previousItem":{"@type":"ListItem","@id":"https:\/\/www.eldigitaldeasturias.com\/noticias#listItem","name":"Home"}},{"@type":"ListItem","@id":"https:\/\/www.eldigitaldeasturias.com\/noticias\/el-tiempo-en-espana-domingo-4-de-noviembre-2018\/#listItem","position":3,"name":"El tiempo en Espa\u00f1a, domingo 4 de noviembre 2018","previousItem":{"@type":"ListItem","@id":"https:\/\/www.eldigitaldeasturias.com\/noticias\/category\/el-tiempo\/#listItem","name":"El tiempo"}}]},{"@type":"Organization","@id":"https:\/\/www.eldigitaldeasturias.com\/noticias\/#organization","name":"El Digital de Asturias","description":"Hemeroteca","url":"https:\/\/www.eldigitaldeasturias.com\/noticias\/","email":"info@eldigitaldeasturias.com","telephone":"+34652131393","logo":{"@type":"ImageObject","url":"https:\/\/www.eldigitaldeasturias.com\/noticias\/wp-content\/uploads\/2020\/12\/EDA.jpg","@id":"https:\/\/www.eldigitaldeasturias.com\/noticias\/el-tiempo-en-espana-domingo-4-de-noviembre-2018\/#organizationLogo","width":649,"height":297},"image":{"@id":"https:\/\/www.eldigitaldeasturias.com\/noticias\/el-tiempo-en-espana-domingo-4-de-noviembre-2018\/#organizationLogo"},"sameAs":["https:\/\/facebook.com\/eldigitaldeasturias","https:\/\/www.youtube.com\/channel\/UCZP-2wLEB9Rv6erhFmqVnvg"],"address":{"@id":"https:\/\/www.eldigitaldeasturias.com\/noticias\/#postaladdress","@type":"PostalAddress","streetAddress":"san antonio 4,","postalCode":"33430","addressLocality":"Cand\u00e1s","addressRegion":"Asturias","addressCountry":"ES"}},{"@type":"Person","@id":"https:\/\/www.eldigitaldeasturias.com\/noticias\/author\/admin\/#author","url":"https:\/\/www.eldigitaldeasturias.com\/noticias\/author\/admin\/","name":"El Digital de Asturias","image":{"@type":"ImageObject","@id":"https:\/\/www.eldigitaldeasturias.com\/noticias\/el-tiempo-en-espana-domingo-4-de-noviembre-2018\/#authorImage","url":"https:\/\/www.eldigitaldeasturias.com\/noticias\/wp-content\/litespeed\/avatar\/18677e78aa0546b92d9dbf31ec7d7668.jpg?ver=1776685526","width":96,"height":96,"caption":"El Digital de Asturias"}},{"@type":"WebPage","@id":"https:\/\/www.eldigitaldeasturias.com\/noticias\/el-tiempo-en-espana-domingo-4-de-noviembre-2018\/#webpage","url":"https:\/\/www.eldigitaldeasturias.com\/noticias\/el-tiempo-en-espana-domingo-4-de-noviembre-2018\/","name":"El tiempo en Espa\u00f1a, domingo 4 de noviembre 2018 - El Digital de Asturias","description":"Domingo en Espa\u00f1a con precipitaciones que podr\u00edan ser localmente persistentes en las R\u00edas Bajas. AEMET informa que en las Islas Baleares orientales es probable que contin\u00faen los chubascos, con posibilidad de afectar tambi\u00e9n al extremo nordeste de Catalu\u00f1a. Por otra parte, un frente atl\u00e1ntico entrar\u00e1 por Galicia, produciendo un aumento de la nubosidad de oeste","inLanguage":"es-ES","isPartOf":{"@id":"https:\/\/www.eldigitaldeasturias.com\/noticias\/#website"},"breadcrumb":{"@id":"https:\/\/www.eldigitaldeasturias.com\/noticias\/el-tiempo-en-espana-domingo-4-de-noviembre-2018\/#breadcrumblist"},"author":{"@id":"https:\/\/www.eldigitaldeasturias.com\/noticias\/author\/admin\/#author"},"creator":{"@id":"https:\/\/www.eldigitaldeasturias.com\/noticias\/author\/admin\/#author"},"image":{"@type":"ImageObject","url":"https:\/\/www.eldigitaldeasturias.com\/noticias\/wp-content\/uploads\/2015\/08\/lluvia.jpg","@id":"https:\/\/www.eldigitaldeasturias.com\/noticias\/el-tiempo-en-espana-domingo-4-de-noviembre-2018\/#mainImage","width":800,"height":600},"primaryImageOfPage":{"@id":"https:\/\/www.eldigitaldeasturias.com\/noticias\/el-tiempo-en-espana-domingo-4-de-noviembre-2018\/#mainImage"},"datePublished":"2018-11-03T22:05:59+01:00","dateModified":"2018-11-03T22:05:59+01:00"},{"@type":"WebSite","@id":"https:\/\/www.eldigitaldeasturias.com\/noticias\/#website","url":"https:\/\/www.eldigitaldeasturias.com\/noticias\/","name":"El Digital de Asturias - Diario de actualidad y noticias","alternateName":"El Digital de Asturias - Diario de actualidad y noticias","description":"Hemeroteca","inLanguage":"es-ES","publisher":{"@id":"https:\/\/www.eldigitaldeasturias.com\/noticias\/#organization"}}]},"og:locale":"es_ES","og:site_name":"El Digital de Asturias","og:type":"article","og:title":"El tiempo en Espa\u00f1a, domingo 4 de noviembre 2018 - El Digital de Asturias","og:description":"Domingo en Espa\u00f1a con precipitaciones que podr\u00edan ser localmente persistentes en las R\u00edas Bajas. AEMET informa que en las Islas Baleares orientales es probable que contin\u00faen los chubascos, con posibilidad de afectar tambi\u00e9n al extremo nordeste de Catalu\u00f1a. Por otra parte, un frente atl\u00e1ntico entrar\u00e1 por Galicia, produciendo un aumento de la nubosidad de oeste","og:url":"https:\/\/www.eldigitaldeasturias.com\/noticias\/el-tiempo-en-espana-domingo-4-de-noviembre-2018\/","og:image":"https:\/\/www.eldigitaldeasturias.com\/noticias\/wp-content\/uploads\/2015\/08\/lluvia.jpg","og:image:secure_url":"https:\/\/www.eldigitaldeasturias.com\/noticias\/wp-content\/uploads\/2015\/08\/lluvia.jpg","og:image:width":800,"og:image:height":600,"article:tag":["el tiempo"],"article:published_time":"2018-11-03T22:05:59+00:00","article:modified_time":"2018-11-03T22:05:59+00:00","article:publisher":"https:\/\/facebook.com\/eldigitaldeasturias","twitter:card":"summary_large_image","twitter:title":"El tiempo en Espa\u00f1a, domingo 4 de noviembre 2018 - El Digital de Asturias","twitter:description":"Domingo en Espa\u00f1a con precipitaciones que podr\u00edan ser localmente persistentes en las R\u00edas Bajas. AEMET informa que en las Islas Baleares orientales es probable que contin\u00faen los chubascos, con posibilidad de afectar tambi\u00e9n al extremo nordeste de Catalu\u00f1a. Por otra parte, un frente atl\u00e1ntico entrar\u00e1 por Galicia, produciendo un aumento de la nubosidad de oeste","twitter:image":"https:\/\/www.eldigitaldeasturias.com\/noticias\/wp-content\/uploads\/2015\/08\/lluvia.jpg","twitter:label1":"Escrito por","twitter:data1":"El Digital de Asturias","twitter:label2":"Tiempo de lectura estimado","twitter:data2":"1 minuto"},"aioseo_meta_data":{"post_id":"1004973","title":null,"description":null,"keywords":null,"keyphrases":null,"primary_term":null,"canonical_url":null,"og_title":null,"og_description":null,"og_object_type":"default","og_image_type":"default","og_image_url":null,"og_image_width":null,"og_image_height":null,"og_image_custom_url":null,"og_image_custom_fields":null,"og_video":null,"og_custom_url":null,"og_article_section":null,"og_article_tags":null,"twitter_use_og":false,"twitter_card":"default","twitter_image_type":"default","twitter_image_url":null,"twitter_image_custom_url":null,"twitter_image_custom_fields":null,"twitter_title":null,"twitter_description":null,"schema":{"blockGraphs":[],"customGraphs":[],"default":{"data":{"Article":[],"Course":[],"Dataset":[],"FAQPage":[],"Movie":[],"Person":[],"Product":[],"ProductReview":[],"Car":[],"Recipe":[],"Service":[],"SoftwareApplication":[],"WebPage":[]},"graphName":"","isEnabled":true},"graphs":[],"defaultGraph":"","defaultPostTypeGraph":""},"schema_type":null,"schema_type_options":null,"pillar_content":false,"robots_default":true,"robots_noindex":false,"robots_noarchive":false,"robots_nosnippet":false,"robots_nofollow":false,"robots_noimageindex":false,"robots_noodp":false,"robots_notranslate":false,"robots_max_snippet":null,"robots_max_videopreview":null,"robots_max_imagepreview":"large","priority":null,"frequency":null,"local_seo":null,"seo_analyzer_scan_date":"2025-10-13 11:17:08","breadcrumb_settings":null,"limit_modified_date":false,"open_ai":null,"ai":null,"created":"2020-12-21 11:28:25","updated":"2025-10-13 11:17:08"},"aioseo_breadcrumb":"<div class=\"aioseo-breadcrumbs\"><span class=\"aioseo-breadcrumb\">\n\t<a href=\"https:\/\/www.eldigitaldeasturias.com\/noticias\" title=\"Home\">Home<\/a>\n<\/span><span class=\"aioseo-breadcrumb-separator\">\u2013<\/span><span class=\"aioseo-breadcrumb\">\n\t<a href=\"https:\/\/www.eldigitaldeasturias.com\/noticias\/category\/el-tiempo\/\" title=\"El tiempo\">El tiempo<\/a>\n<\/span><span class=\"aioseo-breadcrumb-separator\">\u2013<\/span><span class=\"aioseo-breadcrumb\">\n\t<a href=\"https:\/\/www.eldigitaldeasturias.com\/noticias\/el-tiempo-en-espana-domingo-4-de-noviembre-2018\/\" title=\"El tiempo en Espa\u00f1a, domingo 4 de noviembre 2018\">El tiempo en Espa\u00f1a, domingo 4 de noviembre 2018<\/a>\n<\/span><\/div>","aioseo_breadcrumb_json":[{"label":"Home","link":"https:\/\/www.eldigitaldeasturias.com\/noticias"},{"label":"El tiempo","link":"https:\/\/www.eldigitaldeasturias.com\/noticias\/category\/el-tiempo\/"},{"label":"El tiempo en Espa\u00f1a, domingo 4 de noviembre 2018","link":"https:\/\/www.eldigitaldeasturias.com\/noticias\/el-tiempo-en-espana-domingo-4-de-noviembre-2018\/"}],"_links":{"self":[{"href":"https:\/\/www.eldigitaldeasturias.com\/noticias\/wp-json\/wp\/v2\/posts\/1004973","targetHints":{"allow":["GET"]}}],"collection":[{"href":"https:\/\/www.eldigitaldeasturias.com\/noticias\/wp-json\/wp\/v2\/posts"}],"about":[{"href":"https:\/\/www.eldigitaldeasturias.com\/noticias\/wp-json\/wp\/v2\/types\/post"}],"author":[{"embeddable":true,"href":"https:\/\/www.eldigitaldeasturias.com\/noticias\/wp-json\/wp\/v2\/users\/1"}],"replies":[{"embeddable":true,"href":"https:\/\/www.eldigitaldeasturias.com\/noticias\/wp-json\/wp\/v2\/comments?post=1004973"}],"version-history":[{"count":0,"href":"https:\/\/www.eldigitaldeasturias.com\/noticias\/wp-json\/wp\/v2\/posts\/1004973\/revisions"}],"wp:featuredmedia":[{"embeddable":true,"href":"https:\/\/www.eldigitaldeasturias.com\/noticias\/wp-json\/wp\/v2\/media\/803062"}],"wp:attachment":[{"href":"https:\/\/www.eldigitaldeasturias.com\/noticias\/wp-json\/wp\/v2\/media?parent=1004973"}],"wp:term":[{"taxonomy":"category","embeddable":true,"href":"https:\/\/www.eldigitaldeasturias.com\/noticias\/wp-json\/wp\/v2\/categories?post=1004973"},{"taxonomy":"post_tag","embeddable":true,"href":"https:\/\/www.eldigitaldeasturias.com\/noticias\/wp-json\/wp\/v2\/tags?post=1004973"}],"curies":[{"name":"wp","href":"https:\/\/api.w.org\/{rel}","templated":true}]}}