{"id":1004654,"date":"2018-10-31T23:00:54","date_gmt":"2018-10-31T23:00:54","guid":{"rendered":"https:\/\/www.eldigitaldeasturias.com\/noticias\/?p=1004654"},"modified":"2018-10-31T23:00:54","modified_gmt":"2018-10-31T23:00:54","slug":"la-orquesta-sinfonica-de-dresde-festeja-este-jueves-su-vigesimo-aniversario","status":"publish","type":"post","link":"https:\/\/www.eldigitaldeasturias.com\/noticias\/la-orquesta-sinfonica-de-dresde-festeja-este-jueves-su-vigesimo-aniversario\/","title":{"rendered":"La Orquesta Sinf\u00f3nica de Dresde festeja este jueves su vig\u00e9simo aniversario"},"content":{"rendered":"<p><img loading=\"lazy\" decoding=\"async\" class=\"alignleft size-medium wp-image-997836\" src=\"https:\/\/www.eldigitaldeasturias.com\/noticias\/wp-content\/uploads\/2018\/09\/sheet-music-1229481_960_720-360x238.jpg\" alt=\"\" width=\"360\" height=\"238\" srcset=\"https:\/\/www.eldigitaldeasturias.com\/noticias\/wp-content\/uploads\/2018\/09\/sheet-music-1229481_960_720-360x238.jpg 360w, https:\/\/www.eldigitaldeasturias.com\/noticias\/wp-content\/uploads\/2018\/09\/sheet-music-1229481_960_720-768x508.jpg 768w, https:\/\/www.eldigitaldeasturias.com\/noticias\/wp-content\/uploads\/2018\/09\/sheet-music-1229481_960_720-650x430.jpg 650w, https:\/\/www.eldigitaldeasturias.com\/noticias\/wp-content\/uploads\/2018\/09\/sheet-music-1229481_960_720.jpg 960w\" sizes=\"auto, (max-width: 360px) 100vw, 360px\" \/>Dresde (Alemania), 31 oct (dpa) &#8211; La Orquesta Sinf\u00f3nica de Dresde festeja este jueves su vig\u00e9simo aniversario con un concierto en el marco del festival anual de jazz \u00abJazztage Dresden\u00bb.<\/p>\n<p>El serbio Premil Petrovic dirigir\u00e1 el concierto del aniversario en la capital del estado federado de Sajonia, en el este de Alemania.<\/p>\n<p>Los sinfonistas interpretar\u00e1n obras del legendario m\u00fasico de rock Frank Zappa (1940-1993) y ser\u00e1n acompa\u00f1ados por la original \u00abUniversal Druckluft Orchester\u00bb (orquesta universal de aire comprimido), del alem\u00e1n Peter Till.<\/p>\n<p>El \u00abmaquinista musical\u00bb Till toca diversos instrumentos mediante un teclado y aire comprimido. El m\u00fasico independiente y especialista en herramientas construye sus instrumentos y los ejecuta en el escenario a bordo de un peque\u00f1o veh\u00edculo el\u00e9ctrico de reparto.<\/p>\n<p>El programa incluye adem\u00e1s el estreno de \u00abQuart\u00fc\u00fcrium\u00bb, un concierto doble para piano y sintetizador compuesto por Andreas Gundlach.<\/p>\n<p>Finalmente se escuchar\u00e1 la \u00f3pera de rock \u00abEl resplandor de los disidentes\u00bb, de Enrico Chapela. El compositor mexicano escribi\u00f3 esta obra en conmemoraci\u00f3n de la masacre de Tlatelolco, que tuvo lugar en su pa\u00eds en octubre de 1968 y en la que fueron asesinados numerosos estudiantes y civiles.<\/p>\n<p>La Orquesta Sinf\u00f3nica de Dresde es considerada una innovaci\u00f3n en el \u00e1mbito de los conciertos y re\u00fane a m\u00fasicos de renombradas orquestas como las filarm\u00f3nicas de Berl\u00edn y Viena, la orquesta Tonhalle de Z\u00farich, la Staatskapelle de Dresde y la Filarm\u00f3nica de Dresde. Los m\u00fasicos se re\u00fanen regularmente, planean proyectos y salen de gira.<\/p>\n<p>La orquesta se present\u00f3 en Gran Breta\u00f1a, Espa\u00f1a, Armenia, Serbia y M\u00e9xico, entre otros pa\u00edses. El director art\u00edstico de la Sinf\u00f3nica de Dresde, Markus Rindt, cuenta con unos 3.000 m\u00fasicos de todo el mundo en su banco de datos, a los que puede acudir para organizar proyectos en com\u00fan.<\/p>\n<p>Hasta el momento, m\u00e1s de 600 artistas de 46 pa\u00edses han participado en la orquesta, entre ellos m\u00fasicos de Egipto, Argentina, China, Ir\u00e1n, Sud\u00e1frica y los EEUU.<\/p>\n","protected":false},"excerpt":{"rendered":"<p>Dresde (Alemania), 31 oct (dpa) &#8211; La Orquesta Sinf\u00f3nica de Dresde festeja este jueves su vig\u00e9simo aniversario con un concierto en el marco del festival anual de jazz \u00abJazztage Dresden\u00bb. El serbio Premil Petrovic dirigir\u00e1 el concierto del aniversario en la capital del estado federado de Sajonia, en el este de Alemania. Los sinfonistas interpretar\u00e1n [&hellip;]<\/p>\n","protected":false},"author":1,"featured_media":997836,"comment_status":"closed","ping_status":"closed","sticky":false,"template":"","format":"standard","meta":{"footnotes":""},"categories":[50],"tags":[],"class_list":["post-1004654","post","type-post","status-publish","format-standard","has-post-thumbnail","hentry","category-revista-de-ocio"],"aioseo_notices":[],"aioseo_head":"\n\t\t<!-- All in One SEO Pro 4.9.6.2 - aioseo.com -->\n\t<meta name=\"description\" content=\"Dresde (Alemania), 31 oct (dpa) - La Orquesta Sinf\u00f3nica de Dresde festeja este jueves su vig\u00e9simo aniversario con un concierto en el marco del festival anual de jazz &quot;Jazztage Dresden&quot;. El serbio Premil Petrovic dirigir\u00e1 el concierto del aniversario en la capital del estado federado de Sajonia, en el este de Alemania. Los sinfonistas interpretar\u00e1n\" \/>\n\t<meta name=\"robots\" content=\"max-image-preview:large\" \/>\n\t<meta name=\"author\" content=\"El Digital de Asturias\"\/>\n\t<meta name=\"google-site-verification\" content=\"UA-38556648-1\" \/>\n\t<meta name=\"msvalidate.01\" content=\"7dfe9f3f1b24437ab69f4f2559babe99\" \/>\n\t<meta name=\"keywords\" content=\"revista de ocio\" \/>\n\t<link rel=\"canonical\" href=\"https:\/\/www.eldigitaldeasturias.com\/noticias\/la-orquesta-sinfonica-de-dresde-festeja-este-jueves-su-vigesimo-aniversario\/\" \/>\n\t<meta name=\"generator\" content=\"All in One SEO Pro (AIOSEO) 4.9.6.2\" \/>\n\t\t<meta property=\"og:locale\" content=\"es_ES\" \/>\n\t\t<meta property=\"og:site_name\" content=\"El Digital de Asturias\" \/>\n\t\t<meta property=\"og:type\" content=\"article\" \/>\n\t\t<meta property=\"og:title\" content=\"La Orquesta Sinf\u00f3nica de Dresde festeja este jueves su vig\u00e9simo aniversario - El Digital de Asturias\" \/>\n\t\t<meta property=\"og:description\" content=\"Dresde (Alemania), 31 oct (dpa) - La Orquesta Sinf\u00f3nica de Dresde festeja este jueves su vig\u00e9simo aniversario con un concierto en el marco del festival anual de jazz &quot;Jazztage Dresden&quot;. El serbio Premil Petrovic dirigir\u00e1 el concierto del aniversario en la capital del estado federado de Sajonia, en el este de Alemania. Los sinfonistas interpretar\u00e1n\" \/>\n\t\t<meta property=\"og:url\" content=\"https:\/\/www.eldigitaldeasturias.com\/noticias\/la-orquesta-sinfonica-de-dresde-festeja-este-jueves-su-vigesimo-aniversario\/\" \/>\n\t\t<meta property=\"og:image\" content=\"https:\/\/www.eldigitaldeasturias.com\/noticias\/wp-content\/uploads\/2018\/09\/sheet-music-1229481_960_720.jpg\" \/>\n\t\t<meta property=\"og:image:secure_url\" content=\"https:\/\/www.eldigitaldeasturias.com\/noticias\/wp-content\/uploads\/2018\/09\/sheet-music-1229481_960_720.jpg\" \/>\n\t\t<meta property=\"og:image:width\" content=\"960\" \/>\n\t\t<meta property=\"og:image:height\" content=\"635\" \/>\n\t\t<meta property=\"article:tag\" content=\"revista de ocio\" \/>\n\t\t<meta property=\"article:published_time\" content=\"2018-10-31T23:00:54+00:00\" \/>\n\t\t<meta property=\"article:modified_time\" content=\"2018-10-31T23:00:54+00:00\" \/>\n\t\t<meta property=\"article:publisher\" content=\"https:\/\/facebook.com\/eldigitaldeasturias\" \/>\n\t\t<meta name=\"twitter:card\" content=\"summary_large_image\" \/>\n\t\t<meta name=\"twitter:title\" content=\"La Orquesta Sinf\u00f3nica de Dresde festeja este jueves su vig\u00e9simo aniversario - El Digital de Asturias\" \/>\n\t\t<meta name=\"twitter:description\" content=\"Dresde (Alemania), 31 oct (dpa) - La Orquesta Sinf\u00f3nica de Dresde festeja este jueves su vig\u00e9simo aniversario con un concierto en el marco del festival anual de jazz &quot;Jazztage Dresden&quot;. El serbio Premil Petrovic dirigir\u00e1 el concierto del aniversario en la capital del estado federado de Sajonia, en el este de Alemania. Los sinfonistas interpretar\u00e1n\" \/>\n\t\t<meta name=\"twitter:image\" content=\"https:\/\/www.eldigitaldeasturias.com\/noticias\/wp-content\/uploads\/2018\/09\/sheet-music-1229481_960_720.jpg\" \/>\n\t\t<meta name=\"twitter:label1\" content=\"Escrito por\" \/>\n\t\t<meta name=\"twitter:data1\" content=\"El Digital de Asturias\" \/>\n\t\t<meta name=\"twitter:label2\" content=\"Tiempo de lectura estimado\" \/>\n\t\t<meta name=\"twitter:data2\" content=\"2 minutos\" \/>\n\t\t<script type=\"application\/ld+json\" class=\"aioseo-schema\">\n\t\t\t{\"@context\":\"https:\\\/\\\/schema.org\",\"@graph\":[{\"@type\":\"BlogPosting\",\"@id\":\"https:\\\/\\\/www.eldigitaldeasturias.com\\\/noticias\\\/la-orquesta-sinfonica-de-dresde-festeja-este-jueves-su-vigesimo-aniversario\\\/#blogposting\",\"name\":\"La Orquesta Sinf\\u00f3nica de Dresde festeja este jueves su vig\\u00e9simo aniversario - El Digital de Asturias\",\"headline\":\"La Orquesta Sinf\\u00f3nica de Dresde festeja este jueves su vig\\u00e9simo aniversario\",\"author\":{\"@id\":\"https:\\\/\\\/www.eldigitaldeasturias.com\\\/noticias\\\/author\\\/admin\\\/#author\"},\"publisher\":{\"@id\":\"https:\\\/\\\/www.eldigitaldeasturias.com\\\/noticias\\\/#organization\"},\"image\":{\"@type\":\"ImageObject\",\"url\":\"https:\\\/\\\/www.eldigitaldeasturias.com\\\/noticias\\\/wp-content\\\/uploads\\\/2018\\\/09\\\/sheet-music-1229481_960_720.jpg\",\"width\":960,\"height\":635},\"datePublished\":\"2018-10-31T23:00:54+01:00\",\"dateModified\":\"2018-10-31T23:00:54+01:00\",\"inLanguage\":\"es-ES\",\"mainEntityOfPage\":{\"@id\":\"https:\\\/\\\/www.eldigitaldeasturias.com\\\/noticias\\\/la-orquesta-sinfonica-de-dresde-festeja-este-jueves-su-vigesimo-aniversario\\\/#webpage\"},\"isPartOf\":{\"@id\":\"https:\\\/\\\/www.eldigitaldeasturias.com\\\/noticias\\\/la-orquesta-sinfonica-de-dresde-festeja-este-jueves-su-vigesimo-aniversario\\\/#webpage\"},\"articleSection\":\"Revista de Ocio\"},{\"@type\":\"BreadcrumbList\",\"@id\":\"https:\\\/\\\/www.eldigitaldeasturias.com\\\/noticias\\\/la-orquesta-sinfonica-de-dresde-festeja-este-jueves-su-vigesimo-aniversario\\\/#breadcrumblist\",\"itemListElement\":[{\"@type\":\"ListItem\",\"@id\":\"https:\\\/\\\/www.eldigitaldeasturias.com\\\/noticias#listItem\",\"position\":1,\"name\":\"Home\",\"item\":\"https:\\\/\\\/www.eldigitaldeasturias.com\\\/noticias\",\"nextItem\":{\"@type\":\"ListItem\",\"@id\":\"https:\\\/\\\/www.eldigitaldeasturias.com\\\/noticias\\\/category\\\/revista-de-ocio\\\/#listItem\",\"name\":\"Revista de Ocio\"}},{\"@type\":\"ListItem\",\"@id\":\"https:\\\/\\\/www.eldigitaldeasturias.com\\\/noticias\\\/category\\\/revista-de-ocio\\\/#listItem\",\"position\":2,\"name\":\"Revista de Ocio\",\"item\":\"https:\\\/\\\/www.eldigitaldeasturias.com\\\/noticias\\\/category\\\/revista-de-ocio\\\/\",\"nextItem\":{\"@type\":\"ListItem\",\"@id\":\"https:\\\/\\\/www.eldigitaldeasturias.com\\\/noticias\\\/la-orquesta-sinfonica-de-dresde-festeja-este-jueves-su-vigesimo-aniversario\\\/#listItem\",\"name\":\"La Orquesta Sinf\\u00f3nica de Dresde festeja este jueves su vig\\u00e9simo aniversario\"},\"previousItem\":{\"@type\":\"ListItem\",\"@id\":\"https:\\\/\\\/www.eldigitaldeasturias.com\\\/noticias#listItem\",\"name\":\"Home\"}},{\"@type\":\"ListItem\",\"@id\":\"https:\\\/\\\/www.eldigitaldeasturias.com\\\/noticias\\\/la-orquesta-sinfonica-de-dresde-festeja-este-jueves-su-vigesimo-aniversario\\\/#listItem\",\"position\":3,\"name\":\"La Orquesta Sinf\\u00f3nica de Dresde festeja este jueves su vig\\u00e9simo aniversario\",\"previousItem\":{\"@type\":\"ListItem\",\"@id\":\"https:\\\/\\\/www.eldigitaldeasturias.com\\\/noticias\\\/category\\\/revista-de-ocio\\\/#listItem\",\"name\":\"Revista de Ocio\"}}]},{\"@type\":\"Organization\",\"@id\":\"https:\\\/\\\/www.eldigitaldeasturias.com\\\/noticias\\\/#organization\",\"name\":\"El Digital de Asturias\",\"description\":\"Hemeroteca\",\"url\":\"https:\\\/\\\/www.eldigitaldeasturias.com\\\/noticias\\\/\",\"email\":\"info@eldigitaldeasturias.com\",\"telephone\":\"+34652131393\",\"logo\":{\"@type\":\"ImageObject\",\"url\":\"https:\\\/\\\/www.eldigitaldeasturias.com\\\/noticias\\\/wp-content\\\/uploads\\\/2020\\\/12\\\/EDA.jpg\",\"@id\":\"https:\\\/\\\/www.eldigitaldeasturias.com\\\/noticias\\\/la-orquesta-sinfonica-de-dresde-festeja-este-jueves-su-vigesimo-aniversario\\\/#organizationLogo\",\"width\":649,\"height\":297},\"image\":{\"@id\":\"https:\\\/\\\/www.eldigitaldeasturias.com\\\/noticias\\\/la-orquesta-sinfonica-de-dresde-festeja-este-jueves-su-vigesimo-aniversario\\\/#organizationLogo\"},\"sameAs\":[\"https:\\\/\\\/facebook.com\\\/eldigitaldeasturias\",\"https:\\\/\\\/www.youtube.com\\\/channel\\\/UCZP-2wLEB9Rv6erhFmqVnvg\"],\"address\":{\"@id\":\"https:\\\/\\\/www.eldigitaldeasturias.com\\\/noticias\\\/#postaladdress\",\"@type\":\"PostalAddress\",\"streetAddress\":\"san antonio 4,\",\"postalCode\":\"33430\",\"addressLocality\":\"Cand\\u00e1s\",\"addressRegion\":\"Asturias\",\"addressCountry\":\"ES\"}},{\"@type\":\"Person\",\"@id\":\"https:\\\/\\\/www.eldigitaldeasturias.com\\\/noticias\\\/author\\\/admin\\\/#author\",\"url\":\"https:\\\/\\\/www.eldigitaldeasturias.com\\\/noticias\\\/author\\\/admin\\\/\",\"name\":\"El Digital de Asturias\",\"image\":{\"@type\":\"ImageObject\",\"@id\":\"https:\\\/\\\/www.eldigitaldeasturias.com\\\/noticias\\\/la-orquesta-sinfonica-de-dresde-festeja-este-jueves-su-vigesimo-aniversario\\\/#authorImage\",\"url\":\"https:\\\/\\\/www.eldigitaldeasturias.com\\\/noticias\\\/wp-content\\\/litespeed\\\/avatar\\\/18677e78aa0546b92d9dbf31ec7d7668.jpg?ver=1777290358\",\"width\":96,\"height\":96,\"caption\":\"El Digital de Asturias\"}},{\"@type\":\"WebPage\",\"@id\":\"https:\\\/\\\/www.eldigitaldeasturias.com\\\/noticias\\\/la-orquesta-sinfonica-de-dresde-festeja-este-jueves-su-vigesimo-aniversario\\\/#webpage\",\"url\":\"https:\\\/\\\/www.eldigitaldeasturias.com\\\/noticias\\\/la-orquesta-sinfonica-de-dresde-festeja-este-jueves-su-vigesimo-aniversario\\\/\",\"name\":\"La Orquesta Sinf\\u00f3nica de Dresde festeja este jueves su vig\\u00e9simo aniversario - El Digital de Asturias\",\"description\":\"Dresde (Alemania), 31 oct (dpa) - La Orquesta Sinf\\u00f3nica de Dresde festeja este jueves su vig\\u00e9simo aniversario con un concierto en el marco del festival anual de jazz \\\"Jazztage Dresden\\\". El serbio Premil Petrovic dirigir\\u00e1 el concierto del aniversario en la capital del estado federado de Sajonia, en el este de Alemania. Los sinfonistas interpretar\\u00e1n\",\"inLanguage\":\"es-ES\",\"isPartOf\":{\"@id\":\"https:\\\/\\\/www.eldigitaldeasturias.com\\\/noticias\\\/#website\"},\"breadcrumb\":{\"@id\":\"https:\\\/\\\/www.eldigitaldeasturias.com\\\/noticias\\\/la-orquesta-sinfonica-de-dresde-festeja-este-jueves-su-vigesimo-aniversario\\\/#breadcrumblist\"},\"author\":{\"@id\":\"https:\\\/\\\/www.eldigitaldeasturias.com\\\/noticias\\\/author\\\/admin\\\/#author\"},\"creator\":{\"@id\":\"https:\\\/\\\/www.eldigitaldeasturias.com\\\/noticias\\\/author\\\/admin\\\/#author\"},\"image\":{\"@type\":\"ImageObject\",\"url\":\"https:\\\/\\\/www.eldigitaldeasturias.com\\\/noticias\\\/wp-content\\\/uploads\\\/2018\\\/09\\\/sheet-music-1229481_960_720.jpg\",\"@id\":\"https:\\\/\\\/www.eldigitaldeasturias.com\\\/noticias\\\/la-orquesta-sinfonica-de-dresde-festeja-este-jueves-su-vigesimo-aniversario\\\/#mainImage\",\"width\":960,\"height\":635},\"primaryImageOfPage\":{\"@id\":\"https:\\\/\\\/www.eldigitaldeasturias.com\\\/noticias\\\/la-orquesta-sinfonica-de-dresde-festeja-este-jueves-su-vigesimo-aniversario\\\/#mainImage\"},\"datePublished\":\"2018-10-31T23:00:54+01:00\",\"dateModified\":\"2018-10-31T23:00:54+01:00\"},{\"@type\":\"WebSite\",\"@id\":\"https:\\\/\\\/www.eldigitaldeasturias.com\\\/noticias\\\/#website\",\"url\":\"https:\\\/\\\/www.eldigitaldeasturias.com\\\/noticias\\\/\",\"name\":\"El Digital de Asturias - Diario de actualidad y noticias\",\"alternateName\":\"El Digital de Asturias - Diario de actualidad y noticias\",\"description\":\"Hemeroteca\",\"inLanguage\":\"es-ES\",\"publisher\":{\"@id\":\"https:\\\/\\\/www.eldigitaldeasturias.com\\\/noticias\\\/#organization\"}}]}\n\t\t<\/script>\n\t\t<!-- All in One SEO Pro -->\r\n\t\t<title>La Orquesta Sinf\u00f3nica de Dresde festeja este jueves su vig\u00e9simo aniversario - El Digital de Asturias<\/title>\n\n","aioseo_head_json":{"title":"La Orquesta Sinf\u00f3nica de Dresde festeja este jueves su vig\u00e9simo aniversario - El Digital de Asturias","description":"Dresde (Alemania), 31 oct (dpa) - La Orquesta Sinf\u00f3nica de Dresde festeja este jueves su vig\u00e9simo aniversario con un concierto en el marco del festival anual de jazz \"Jazztage Dresden\". El serbio Premil Petrovic dirigir\u00e1 el concierto del aniversario en la capital del estado federado de Sajonia, en el este de Alemania. Los sinfonistas interpretar\u00e1n","canonical_url":"https:\/\/www.eldigitaldeasturias.com\/noticias\/la-orquesta-sinfonica-de-dresde-festeja-este-jueves-su-vigesimo-aniversario\/","robots":"max-image-preview:large","keywords":"revista de ocio","webmasterTools":{"google-site-verification":"UA-38556648-1","msvalidate.01":"7dfe9f3f1b24437ab69f4f2559babe99","miscellaneous":""},"schema":{"@context":"https:\/\/schema.org","@graph":[{"@type":"BlogPosting","@id":"https:\/\/www.eldigitaldeasturias.com\/noticias\/la-orquesta-sinfonica-de-dresde-festeja-este-jueves-su-vigesimo-aniversario\/#blogposting","name":"La Orquesta Sinf\u00f3nica de Dresde festeja este jueves su vig\u00e9simo aniversario - El Digital de Asturias","headline":"La Orquesta Sinf\u00f3nica de Dresde festeja este jueves su vig\u00e9simo aniversario","author":{"@id":"https:\/\/www.eldigitaldeasturias.com\/noticias\/author\/admin\/#author"},"publisher":{"@id":"https:\/\/www.eldigitaldeasturias.com\/noticias\/#organization"},"image":{"@type":"ImageObject","url":"https:\/\/www.eldigitaldeasturias.com\/noticias\/wp-content\/uploads\/2018\/09\/sheet-music-1229481_960_720.jpg","width":960,"height":635},"datePublished":"2018-10-31T23:00:54+01:00","dateModified":"2018-10-31T23:00:54+01:00","inLanguage":"es-ES","mainEntityOfPage":{"@id":"https:\/\/www.eldigitaldeasturias.com\/noticias\/la-orquesta-sinfonica-de-dresde-festeja-este-jueves-su-vigesimo-aniversario\/#webpage"},"isPartOf":{"@id":"https:\/\/www.eldigitaldeasturias.com\/noticias\/la-orquesta-sinfonica-de-dresde-festeja-este-jueves-su-vigesimo-aniversario\/#webpage"},"articleSection":"Revista de Ocio"},{"@type":"BreadcrumbList","@id":"https:\/\/www.eldigitaldeasturias.com\/noticias\/la-orquesta-sinfonica-de-dresde-festeja-este-jueves-su-vigesimo-aniversario\/#breadcrumblist","itemListElement":[{"@type":"ListItem","@id":"https:\/\/www.eldigitaldeasturias.com\/noticias#listItem","position":1,"name":"Home","item":"https:\/\/www.eldigitaldeasturias.com\/noticias","nextItem":{"@type":"ListItem","@id":"https:\/\/www.eldigitaldeasturias.com\/noticias\/category\/revista-de-ocio\/#listItem","name":"Revista de Ocio"}},{"@type":"ListItem","@id":"https:\/\/www.eldigitaldeasturias.com\/noticias\/category\/revista-de-ocio\/#listItem","position":2,"name":"Revista de Ocio","item":"https:\/\/www.eldigitaldeasturias.com\/noticias\/category\/revista-de-ocio\/","nextItem":{"@type":"ListItem","@id":"https:\/\/www.eldigitaldeasturias.com\/noticias\/la-orquesta-sinfonica-de-dresde-festeja-este-jueves-su-vigesimo-aniversario\/#listItem","name":"La Orquesta Sinf\u00f3nica de Dresde festeja este jueves su vig\u00e9simo aniversario"},"previousItem":{"@type":"ListItem","@id":"https:\/\/www.eldigitaldeasturias.com\/noticias#listItem","name":"Home"}},{"@type":"ListItem","@id":"https:\/\/www.eldigitaldeasturias.com\/noticias\/la-orquesta-sinfonica-de-dresde-festeja-este-jueves-su-vigesimo-aniversario\/#listItem","position":3,"name":"La Orquesta Sinf\u00f3nica de Dresde festeja este jueves su vig\u00e9simo aniversario","previousItem":{"@type":"ListItem","@id":"https:\/\/www.eldigitaldeasturias.com\/noticias\/category\/revista-de-ocio\/#listItem","name":"Revista de Ocio"}}]},{"@type":"Organization","@id":"https:\/\/www.eldigitaldeasturias.com\/noticias\/#organization","name":"El Digital de Asturias","description":"Hemeroteca","url":"https:\/\/www.eldigitaldeasturias.com\/noticias\/","email":"info@eldigitaldeasturias.com","telephone":"+34652131393","logo":{"@type":"ImageObject","url":"https:\/\/www.eldigitaldeasturias.com\/noticias\/wp-content\/uploads\/2020\/12\/EDA.jpg","@id":"https:\/\/www.eldigitaldeasturias.com\/noticias\/la-orquesta-sinfonica-de-dresde-festeja-este-jueves-su-vigesimo-aniversario\/#organizationLogo","width":649,"height":297},"image":{"@id":"https:\/\/www.eldigitaldeasturias.com\/noticias\/la-orquesta-sinfonica-de-dresde-festeja-este-jueves-su-vigesimo-aniversario\/#organizationLogo"},"sameAs":["https:\/\/facebook.com\/eldigitaldeasturias","https:\/\/www.youtube.com\/channel\/UCZP-2wLEB9Rv6erhFmqVnvg"],"address":{"@id":"https:\/\/www.eldigitaldeasturias.com\/noticias\/#postaladdress","@type":"PostalAddress","streetAddress":"san antonio 4,","postalCode":"33430","addressLocality":"Cand\u00e1s","addressRegion":"Asturias","addressCountry":"ES"}},{"@type":"Person","@id":"https:\/\/www.eldigitaldeasturias.com\/noticias\/author\/admin\/#author","url":"https:\/\/www.eldigitaldeasturias.com\/noticias\/author\/admin\/","name":"El Digital de Asturias","image":{"@type":"ImageObject","@id":"https:\/\/www.eldigitaldeasturias.com\/noticias\/la-orquesta-sinfonica-de-dresde-festeja-este-jueves-su-vigesimo-aniversario\/#authorImage","url":"https:\/\/www.eldigitaldeasturias.com\/noticias\/wp-content\/litespeed\/avatar\/18677e78aa0546b92d9dbf31ec7d7668.jpg?ver=1777290358","width":96,"height":96,"caption":"El Digital de Asturias"}},{"@type":"WebPage","@id":"https:\/\/www.eldigitaldeasturias.com\/noticias\/la-orquesta-sinfonica-de-dresde-festeja-este-jueves-su-vigesimo-aniversario\/#webpage","url":"https:\/\/www.eldigitaldeasturias.com\/noticias\/la-orquesta-sinfonica-de-dresde-festeja-este-jueves-su-vigesimo-aniversario\/","name":"La Orquesta Sinf\u00f3nica de Dresde festeja este jueves su vig\u00e9simo aniversario - El Digital de Asturias","description":"Dresde (Alemania), 31 oct (dpa) - La Orquesta Sinf\u00f3nica de Dresde festeja este jueves su vig\u00e9simo aniversario con un concierto en el marco del festival anual de jazz \"Jazztage Dresden\". El serbio Premil Petrovic dirigir\u00e1 el concierto del aniversario en la capital del estado federado de Sajonia, en el este de Alemania. Los sinfonistas interpretar\u00e1n","inLanguage":"es-ES","isPartOf":{"@id":"https:\/\/www.eldigitaldeasturias.com\/noticias\/#website"},"breadcrumb":{"@id":"https:\/\/www.eldigitaldeasturias.com\/noticias\/la-orquesta-sinfonica-de-dresde-festeja-este-jueves-su-vigesimo-aniversario\/#breadcrumblist"},"author":{"@id":"https:\/\/www.eldigitaldeasturias.com\/noticias\/author\/admin\/#author"},"creator":{"@id":"https:\/\/www.eldigitaldeasturias.com\/noticias\/author\/admin\/#author"},"image":{"@type":"ImageObject","url":"https:\/\/www.eldigitaldeasturias.com\/noticias\/wp-content\/uploads\/2018\/09\/sheet-music-1229481_960_720.jpg","@id":"https:\/\/www.eldigitaldeasturias.com\/noticias\/la-orquesta-sinfonica-de-dresde-festeja-este-jueves-su-vigesimo-aniversario\/#mainImage","width":960,"height":635},"primaryImageOfPage":{"@id":"https:\/\/www.eldigitaldeasturias.com\/noticias\/la-orquesta-sinfonica-de-dresde-festeja-este-jueves-su-vigesimo-aniversario\/#mainImage"},"datePublished":"2018-10-31T23:00:54+01:00","dateModified":"2018-10-31T23:00:54+01:00"},{"@type":"WebSite","@id":"https:\/\/www.eldigitaldeasturias.com\/noticias\/#website","url":"https:\/\/www.eldigitaldeasturias.com\/noticias\/","name":"El Digital de Asturias - Diario de actualidad y noticias","alternateName":"El Digital de Asturias - Diario de actualidad y noticias","description":"Hemeroteca","inLanguage":"es-ES","publisher":{"@id":"https:\/\/www.eldigitaldeasturias.com\/noticias\/#organization"}}]},"og:locale":"es_ES","og:site_name":"El Digital de Asturias","og:type":"article","og:title":"La Orquesta Sinf\u00f3nica de Dresde festeja este jueves su vig\u00e9simo aniversario - El Digital de Asturias","og:description":"Dresde (Alemania), 31 oct (dpa) - La Orquesta Sinf\u00f3nica de Dresde festeja este jueves su vig\u00e9simo aniversario con un concierto en el marco del festival anual de jazz &quot;Jazztage Dresden&quot;. El serbio Premil Petrovic dirigir\u00e1 el concierto del aniversario en la capital del estado federado de Sajonia, en el este de Alemania. Los sinfonistas interpretar\u00e1n","og:url":"https:\/\/www.eldigitaldeasturias.com\/noticias\/la-orquesta-sinfonica-de-dresde-festeja-este-jueves-su-vigesimo-aniversario\/","og:image":"https:\/\/www.eldigitaldeasturias.com\/noticias\/wp-content\/uploads\/2018\/09\/sheet-music-1229481_960_720.jpg","og:image:secure_url":"https:\/\/www.eldigitaldeasturias.com\/noticias\/wp-content\/uploads\/2018\/09\/sheet-music-1229481_960_720.jpg","og:image:width":960,"og:image:height":635,"article:tag":["revista de ocio"],"article:published_time":"2018-10-31T23:00:54+00:00","article:modified_time":"2018-10-31T23:00:54+00:00","article:publisher":"https:\/\/facebook.com\/eldigitaldeasturias","twitter:card":"summary_large_image","twitter:title":"La Orquesta Sinf\u00f3nica de Dresde festeja este jueves su vig\u00e9simo aniversario - El Digital de Asturias","twitter:description":"Dresde (Alemania), 31 oct (dpa) - La Orquesta Sinf\u00f3nica de Dresde festeja este jueves su vig\u00e9simo aniversario con un concierto en el marco del festival anual de jazz &quot;Jazztage Dresden&quot;. El serbio Premil Petrovic dirigir\u00e1 el concierto del aniversario en la capital del estado federado de Sajonia, en el este de Alemania. Los sinfonistas interpretar\u00e1n","twitter:image":"https:\/\/www.eldigitaldeasturias.com\/noticias\/wp-content\/uploads\/2018\/09\/sheet-music-1229481_960_720.jpg","twitter:label1":"Escrito por","twitter:data1":"El Digital de Asturias","twitter:label2":"Tiempo de lectura estimado","twitter:data2":"2 minutos"},"aioseo_meta_data":{"post_id":"1004654","title":null,"description":null,"keywords":null,"keyphrases":null,"primary_term":null,"canonical_url":null,"og_title":null,"og_description":null,"og_object_type":"default","og_image_type":"default","og_image_url":null,"og_image_width":null,"og_image_height":null,"og_image_custom_url":null,"og_image_custom_fields":null,"og_video":null,"og_custom_url":null,"og_article_section":null,"og_article_tags":null,"twitter_use_og":false,"twitter_card":"default","twitter_image_type":"default","twitter_image_url":null,"twitter_image_custom_url":null,"twitter_image_custom_fields":null,"twitter_title":null,"twitter_description":null,"schema":{"blockGraphs":[],"customGraphs":[],"default":{"data":{"Article":[],"Course":[],"Dataset":[],"FAQPage":[],"Movie":[],"Person":[],"Product":[],"ProductReview":[],"Car":[],"Recipe":[],"Service":[],"SoftwareApplication":[],"WebPage":[]},"graphName":"","isEnabled":true},"graphs":[],"defaultGraph":"","defaultPostTypeGraph":""},"schema_type":null,"schema_type_options":null,"pillar_content":false,"robots_default":true,"robots_noindex":false,"robots_noarchive":false,"robots_nosnippet":false,"robots_nofollow":false,"robots_noimageindex":false,"robots_noodp":false,"robots_notranslate":false,"robots_max_snippet":null,"robots_max_videopreview":null,"robots_max_imagepreview":"large","priority":null,"frequency":null,"local_seo":null,"seo_analyzer_scan_date":"2025-10-13 09:24:30","breadcrumb_settings":null,"limit_modified_date":false,"open_ai":null,"ai":null,"created":"2020-12-21 11:28:33","updated":"2025-10-13 09:24:30"},"aioseo_breadcrumb":"<div class=\"aioseo-breadcrumbs\"><span class=\"aioseo-breadcrumb\">\n\t<a href=\"https:\/\/www.eldigitaldeasturias.com\/noticias\" title=\"Home\">Home<\/a>\n<\/span><span class=\"aioseo-breadcrumb-separator\">\u2013<\/span><span class=\"aioseo-breadcrumb\">\n\t<a href=\"https:\/\/www.eldigitaldeasturias.com\/noticias\/category\/revista-de-ocio\/\" title=\"Revista de Ocio\">Revista de Ocio<\/a>\n<\/span><span class=\"aioseo-breadcrumb-separator\">\u2013<\/span><span class=\"aioseo-breadcrumb\">\n\t<a href=\"https:\/\/www.eldigitaldeasturias.com\/noticias\/la-orquesta-sinfonica-de-dresde-festeja-este-jueves-su-vigesimo-aniversario\/\" title=\"La Orquesta Sinf\u00f3nica de Dresde festeja este jueves su vig\u00e9simo aniversario\">La Orquesta Sinf\u00f3nica de Dresde festeja este jueves su vig\u00e9simo aniversario<\/a>\n<\/span><\/div>","aioseo_breadcrumb_json":[{"label":"Home","link":"https:\/\/www.eldigitaldeasturias.com\/noticias"},{"label":"Revista de Ocio","link":"https:\/\/www.eldigitaldeasturias.com\/noticias\/category\/revista-de-ocio\/"},{"label":"La Orquesta Sinf\u00f3nica de Dresde festeja este jueves su vig\u00e9simo aniversario","link":"https:\/\/www.eldigitaldeasturias.com\/noticias\/la-orquesta-sinfonica-de-dresde-festeja-este-jueves-su-vigesimo-aniversario\/"}],"_links":{"self":[{"href":"https:\/\/www.eldigitaldeasturias.com\/noticias\/wp-json\/wp\/v2\/posts\/1004654","targetHints":{"allow":["GET"]}}],"collection":[{"href":"https:\/\/www.eldigitaldeasturias.com\/noticias\/wp-json\/wp\/v2\/posts"}],"about":[{"href":"https:\/\/www.eldigitaldeasturias.com\/noticias\/wp-json\/wp\/v2\/types\/post"}],"author":[{"embeddable":true,"href":"https:\/\/www.eldigitaldeasturias.com\/noticias\/wp-json\/wp\/v2\/users\/1"}],"replies":[{"embeddable":true,"href":"https:\/\/www.eldigitaldeasturias.com\/noticias\/wp-json\/wp\/v2\/comments?post=1004654"}],"version-history":[{"count":0,"href":"https:\/\/www.eldigitaldeasturias.com\/noticias\/wp-json\/wp\/v2\/posts\/1004654\/revisions"}],"wp:featuredmedia":[{"embeddable":true,"href":"https:\/\/www.eldigitaldeasturias.com\/noticias\/wp-json\/wp\/v2\/media\/997836"}],"wp:attachment":[{"href":"https:\/\/www.eldigitaldeasturias.com\/noticias\/wp-json\/wp\/v2\/media?parent=1004654"}],"wp:term":[{"taxonomy":"category","embeddable":true,"href":"https:\/\/www.eldigitaldeasturias.com\/noticias\/wp-json\/wp\/v2\/categories?post=1004654"},{"taxonomy":"post_tag","embeddable":true,"href":"https:\/\/www.eldigitaldeasturias.com\/noticias\/wp-json\/wp\/v2\/tags?post=1004654"}],"curies":[{"name":"wp","href":"https:\/\/api.w.org\/{rel}","templated":true}]}}