{"id":1001339,"date":"2018-10-08T15:34:36","date_gmt":"2018-10-08T15:34:36","guid":{"rendered":"https:\/\/www.eldigitaldeasturias.com\/noticias\/?p=1001339"},"modified":"2018-10-08T15:34:36","modified_gmt":"2018-10-08T15:34:36","slug":"falsas-creencias-sobre-los-superdotados","status":"publish","type":"post","link":"https:\/\/www.eldigitaldeasturias.com\/noticias\/falsas-creencias-sobre-los-superdotados\/","title":{"rendered":"Falsas creencias sobre los superdotados"},"content":{"rendered":"<p><img loading=\"lazy\" decoding=\"async\" class=\"alignleft size-medium wp-image-1001343\" src=\"https:\/\/www.eldigitaldeasturias.com\/noticias\/wp-content\/uploads\/2018\/10\/los-superdotados-360x240.jpg\" alt=\"\" width=\"360\" height=\"240\" srcset=\"https:\/\/www.eldigitaldeasturias.com\/noticias\/wp-content\/uploads\/2018\/10\/los-superdotados-360x240.jpg 360w, https:\/\/www.eldigitaldeasturias.com\/noticias\/wp-content\/uploads\/2018\/10\/los-superdotados-768x512.jpg 768w, https:\/\/www.eldigitaldeasturias.com\/noticias\/wp-content\/uploads\/2018\/10\/los-superdotados-650x433.jpg 650w, https:\/\/www.eldigitaldeasturias.com\/noticias\/wp-content\/uploads\/2018\/10\/los-superdotados.jpg 1920w\" sizes=\"auto, (max-width: 360px) 100vw, 360px\" \/>La Organizaci\u00f3n Mundial de la Salud (OMS) define a una persona superdotada como \u00abaquella que cuenta con un coeficiente intelectual superior a 130\u201d. Sin embargo, esta definici\u00f3n desde mi punto de vista es extremadamente simple.<\/p>\n<p>Ser superdotado va mucho m\u00e1s all\u00e1 de poseer altas capacidades intelectuales, ya que, es precisamente por estas altas capacidades intelectuales que los superdotados desarrollan maneras de sentir y de pensar muy diferentes al resto de las personas. \u00a0No obstante, estas diferencias muchas veces, los obligan a convivir con falsos estereotipos y etiquetas que no son m\u00e1s que falacias generalizadas que no aplican para todos los individuos superdotados.<\/p>\n<p>En este art\u00edculo te hablar\u00e9 de algunas creencias erradas acerca de los superdotados.<\/p>\n<p>En primer lugar, ser superdotado no siempre es envidiable. Este es uno de los mitos m\u00e1s extendidos, pero a su vez, uno de los m\u00e1s da\u00f1inos. Los superdotados generalmente se sienten aislados e incomprendidos, ya que, debido a sus altas capacidades es com\u00fan que los acosen o los hagan sentir rechazados. Por lo tanto, pensar que la vida de un superdotado es altamente codiciada, es una mentira gigante.<\/p>\n<p>En segundo lugar, los superdotados no siempre obtienen buenas calificaciones. La gente tiende a pensar que todos los superdotados son excelentes estudiantes, y esto no es as\u00ed. Tener altas capacidades intelectuales no significa ser un estudiante brillante. De hecho, muchos superdotados tienden a aburrirse f\u00e1cilmente de la educaci\u00f3n que reciben, precisamente porque no va acorde con su nivel intelectual. Por ende, este aburrimiento algunas veces los hace mas bien ser confundidos como \u201cvagos\u201d o incluso, malos estudiantes.<\/p>\n<p>En tercer lugar, es falso que s\u00f3lo el 2% o el 3% de la poblaci\u00f3n tiene altas capacidades. En realidad, no se sabe con exactitud cu\u00e1l es el porcentaje exacto de individuos superdotados en el mundo. Se cree que es as\u00ed, ya que, muy pocas personas realmente hacen la prueba que mide el coeficiente intelectual, pero, de hecho, el 99% de los ni\u00f1os y adultos superdotados nunca saben que lo son.<\/p>\n<p>En cuarto lugar, es falso que todos los superdotados tienen problemas para relacionarse con las dem\u00e1s personas. Esta creencia se fundamenta en el hecho de que como los superdotados son diferentes y se sienten diferentes, tienden a aislarse de las dem\u00e1s personas y a ser, en su mayor\u00eda, introvertidos. Pero no siempre es as\u00ed. Hay superdotados incre\u00edblemente sociables que han desarrollados sus habilidades de interrelaci\u00f3n como cualquier otra persona. As\u00ed que ser superdotado, no implica necesariamente ser solitario.<\/p>\n<p>En quinto lugar, tambi\u00e9n es un mito que los superdotados tienen problemas mentales. Las personas con superdotaci\u00f3n no tienen m\u00e1s problemas psicol\u00f3gicos que el resto de la poblaci\u00f3n. El porcentaje de personas con problemas psicol\u00f3gicos y alta capacidad intelectual es la misma que con capacidad intelectual normal.<\/p>\n<p>Y finalmente, tambi\u00e9n es una creencia falsa que los superdotados son personas fr\u00edas y calculadoras. Este es un estereotipo muy televisivo y extremadamente falso. Los superdotados no son como Sheldon Cooper de la serie de la Teor\u00eda del Big Bang (The Big Bang Theory). En realidad, muchas veces es, al contrario.<\/p>\n<p>Los superdotados son personas muy sensibles, con demasiadas conexiones neuronales. La inteligencia depende de la cantidad de conexiones neuronales y de c\u00f3mo se realizan estas conexiones. A mayor n\u00famero de conexiones neuronales mayor inteligencia, s\u00ed, pero tambi\u00e9n mayor sensibilidad hacia todo.<\/p>\n<p>As\u00ed que, si conoces a alguien superdotado, evita creer en los estereotipos y las etiquetas que normalmente les impone la sociedad. Los superdotados son personas tan normales como t\u00fa y merecen ser aceptados y tratados como iguales.<\/p>\n<p>Soraya Andreina P\u00e9rez<\/p>\n","protected":false},"excerpt":{"rendered":"<p>La Organizaci\u00f3n Mundial de la Salud (OMS) define a una persona superdotada como \u00abaquella que cuenta con un coeficiente intelectual superior a 130\u201d. Sin embargo, esta definici\u00f3n desde mi punto de vista es extremadamente simple. Ser superdotado va mucho m\u00e1s all\u00e1 de poseer altas capacidades intelectuales, ya que, es precisamente por estas altas capacidades intelectuales [&hellip;]<\/p>\n","protected":false},"author":1,"featured_media":1001343,"comment_status":"closed","ping_status":"closed","sticky":false,"template":"","format":"standard","meta":{"footnotes":""},"categories":[28],"tags":[],"class_list":["post-1001339","post","type-post","status-publish","format-standard","has-post-thumbnail","hentry","category-sociedad"],"aioseo_notices":[],"aioseo_head":"\n\t\t<!-- All in One SEO Pro 4.9.6.2 - aioseo.com -->\n\t<meta name=\"description\" content=\"La Organizaci\u00f3n Mundial de la Salud (OMS) define a una persona superdotada como &quot;aquella que cuenta con un coeficiente intelectual superior a 130\u201d. Sin embargo, esta definici\u00f3n desde mi punto de vista es extremadamente simple. Ser superdotado va mucho m\u00e1s all\u00e1 de poseer altas capacidades intelectuales, ya que, es precisamente por estas altas capacidades intelectuales\" \/>\n\t<meta name=\"robots\" content=\"max-image-preview:large\" \/>\n\t<meta name=\"author\" content=\"El Digital de Asturias\"\/>\n\t<meta name=\"google-site-verification\" content=\"UA-38556648-1\" \/>\n\t<meta name=\"msvalidate.01\" content=\"7dfe9f3f1b24437ab69f4f2559babe99\" \/>\n\t<meta name=\"keywords\" content=\"sociedad\" \/>\n\t<link rel=\"canonical\" href=\"https:\/\/www.eldigitaldeasturias.com\/noticias\/falsas-creencias-sobre-los-superdotados\/\" \/>\n\t<meta name=\"generator\" content=\"All in One SEO Pro (AIOSEO) 4.9.6.2\" \/>\n\t\t<meta property=\"og:locale\" content=\"es_ES\" \/>\n\t\t<meta property=\"og:site_name\" content=\"El Digital de Asturias\" \/>\n\t\t<meta property=\"og:type\" content=\"article\" \/>\n\t\t<meta property=\"og:title\" content=\"Falsas creencias sobre los superdotados - El Digital de Asturias\" \/>\n\t\t<meta property=\"og:description\" content=\"La Organizaci\u00f3n Mundial de la Salud (OMS) define a una persona superdotada como &quot;aquella que cuenta con un coeficiente intelectual superior a 130\u201d. Sin embargo, esta definici\u00f3n desde mi punto de vista es extremadamente simple. Ser superdotado va mucho m\u00e1s all\u00e1 de poseer altas capacidades intelectuales, ya que, es precisamente por estas altas capacidades intelectuales\" \/>\n\t\t<meta property=\"og:url\" content=\"https:\/\/www.eldigitaldeasturias.com\/noticias\/falsas-creencias-sobre-los-superdotados\/\" \/>\n\t\t<meta property=\"og:image\" content=\"https:\/\/www.eldigitaldeasturias.com\/noticias\/wp-content\/uploads\/2018\/10\/los-superdotados.jpg\" \/>\n\t\t<meta property=\"og:image:secure_url\" content=\"https:\/\/www.eldigitaldeasturias.com\/noticias\/wp-content\/uploads\/2018\/10\/los-superdotados.jpg\" \/>\n\t\t<meta property=\"og:image:width\" content=\"1920\" \/>\n\t\t<meta property=\"og:image:height\" content=\"1280\" \/>\n\t\t<meta property=\"article:tag\" content=\"sociedad\" \/>\n\t\t<meta property=\"article:published_time\" content=\"2018-10-08T15:34:36+00:00\" \/>\n\t\t<meta property=\"article:modified_time\" content=\"2018-10-08T15:34:36+00:00\" \/>\n\t\t<meta property=\"article:publisher\" content=\"https:\/\/facebook.com\/eldigitaldeasturias\" \/>\n\t\t<meta name=\"twitter:card\" content=\"summary_large_image\" \/>\n\t\t<meta name=\"twitter:title\" content=\"Falsas creencias sobre los superdotados - El Digital de Asturias\" \/>\n\t\t<meta name=\"twitter:description\" content=\"La Organizaci\u00f3n Mundial de la Salud (OMS) define a una persona superdotada como &quot;aquella que cuenta con un coeficiente intelectual superior a 130\u201d. Sin embargo, esta definici\u00f3n desde mi punto de vista es extremadamente simple. Ser superdotado va mucho m\u00e1s all\u00e1 de poseer altas capacidades intelectuales, ya que, es precisamente por estas altas capacidades intelectuales\" \/>\n\t\t<meta name=\"twitter:image\" content=\"https:\/\/www.eldigitaldeasturias.com\/noticias\/wp-content\/uploads\/2018\/10\/los-superdotados.jpg\" \/>\n\t\t<meta name=\"twitter:label1\" content=\"Escrito por\" \/>\n\t\t<meta name=\"twitter:data1\" content=\"El Digital de Asturias\" \/>\n\t\t<meta name=\"twitter:label2\" content=\"Tiempo de lectura estimado\" \/>\n\t\t<meta name=\"twitter:data2\" content=\"3 minutos\" \/>\n\t\t<script type=\"application\/ld+json\" class=\"aioseo-schema\">\n\t\t\t{\"@context\":\"https:\\\/\\\/schema.org\",\"@graph\":[{\"@type\":\"BlogPosting\",\"@id\":\"https:\\\/\\\/www.eldigitaldeasturias.com\\\/noticias\\\/falsas-creencias-sobre-los-superdotados\\\/#blogposting\",\"name\":\"Falsas creencias sobre los superdotados - El Digital de Asturias\",\"headline\":\"Falsas creencias sobre los superdotados\",\"author\":{\"@id\":\"https:\\\/\\\/www.eldigitaldeasturias.com\\\/noticias\\\/author\\\/admin\\\/#author\"},\"publisher\":{\"@id\":\"https:\\\/\\\/www.eldigitaldeasturias.com\\\/noticias\\\/#organization\"},\"image\":{\"@type\":\"ImageObject\",\"url\":\"https:\\\/\\\/www.eldigitaldeasturias.com\\\/noticias\\\/wp-content\\\/uploads\\\/2018\\\/10\\\/los-superdotados.jpg\",\"width\":1920,\"height\":1280},\"datePublished\":\"2018-10-08T15:34:36+02:00\",\"dateModified\":\"2018-10-08T15:34:36+02:00\",\"inLanguage\":\"es-ES\",\"mainEntityOfPage\":{\"@id\":\"https:\\\/\\\/www.eldigitaldeasturias.com\\\/noticias\\\/falsas-creencias-sobre-los-superdotados\\\/#webpage\"},\"isPartOf\":{\"@id\":\"https:\\\/\\\/www.eldigitaldeasturias.com\\\/noticias\\\/falsas-creencias-sobre-los-superdotados\\\/#webpage\"},\"articleSection\":\"Sociedad\"},{\"@type\":\"BreadcrumbList\",\"@id\":\"https:\\\/\\\/www.eldigitaldeasturias.com\\\/noticias\\\/falsas-creencias-sobre-los-superdotados\\\/#breadcrumblist\",\"itemListElement\":[{\"@type\":\"ListItem\",\"@id\":\"https:\\\/\\\/www.eldigitaldeasturias.com\\\/noticias#listItem\",\"position\":1,\"name\":\"Home\",\"item\":\"https:\\\/\\\/www.eldigitaldeasturias.com\\\/noticias\",\"nextItem\":{\"@type\":\"ListItem\",\"@id\":\"https:\\\/\\\/www.eldigitaldeasturias.com\\\/noticias\\\/category\\\/sociedad\\\/#listItem\",\"name\":\"Sociedad\"}},{\"@type\":\"ListItem\",\"@id\":\"https:\\\/\\\/www.eldigitaldeasturias.com\\\/noticias\\\/category\\\/sociedad\\\/#listItem\",\"position\":2,\"name\":\"Sociedad\",\"item\":\"https:\\\/\\\/www.eldigitaldeasturias.com\\\/noticias\\\/category\\\/sociedad\\\/\",\"nextItem\":{\"@type\":\"ListItem\",\"@id\":\"https:\\\/\\\/www.eldigitaldeasturias.com\\\/noticias\\\/falsas-creencias-sobre-los-superdotados\\\/#listItem\",\"name\":\"Falsas creencias sobre los superdotados\"},\"previousItem\":{\"@type\":\"ListItem\",\"@id\":\"https:\\\/\\\/www.eldigitaldeasturias.com\\\/noticias#listItem\",\"name\":\"Home\"}},{\"@type\":\"ListItem\",\"@id\":\"https:\\\/\\\/www.eldigitaldeasturias.com\\\/noticias\\\/falsas-creencias-sobre-los-superdotados\\\/#listItem\",\"position\":3,\"name\":\"Falsas creencias sobre los superdotados\",\"previousItem\":{\"@type\":\"ListItem\",\"@id\":\"https:\\\/\\\/www.eldigitaldeasturias.com\\\/noticias\\\/category\\\/sociedad\\\/#listItem\",\"name\":\"Sociedad\"}}]},{\"@type\":\"Organization\",\"@id\":\"https:\\\/\\\/www.eldigitaldeasturias.com\\\/noticias\\\/#organization\",\"name\":\"El Digital de Asturias\",\"description\":\"Hemeroteca\",\"url\":\"https:\\\/\\\/www.eldigitaldeasturias.com\\\/noticias\\\/\",\"email\":\"info@eldigitaldeasturias.com\",\"telephone\":\"+34652131393\",\"logo\":{\"@type\":\"ImageObject\",\"url\":\"https:\\\/\\\/www.eldigitaldeasturias.com\\\/noticias\\\/wp-content\\\/uploads\\\/2020\\\/12\\\/EDA.jpg\",\"@id\":\"https:\\\/\\\/www.eldigitaldeasturias.com\\\/noticias\\\/falsas-creencias-sobre-los-superdotados\\\/#organizationLogo\",\"width\":649,\"height\":297},\"image\":{\"@id\":\"https:\\\/\\\/www.eldigitaldeasturias.com\\\/noticias\\\/falsas-creencias-sobre-los-superdotados\\\/#organizationLogo\"},\"sameAs\":[\"https:\\\/\\\/facebook.com\\\/eldigitaldeasturias\",\"https:\\\/\\\/www.youtube.com\\\/channel\\\/UCZP-2wLEB9Rv6erhFmqVnvg\"],\"address\":{\"@id\":\"https:\\\/\\\/www.eldigitaldeasturias.com\\\/noticias\\\/#postaladdress\",\"@type\":\"PostalAddress\",\"streetAddress\":\"san antonio 4,\",\"postalCode\":\"33430\",\"addressLocality\":\"Cand\\u00e1s\",\"addressRegion\":\"Asturias\",\"addressCountry\":\"ES\"}},{\"@type\":\"Person\",\"@id\":\"https:\\\/\\\/www.eldigitaldeasturias.com\\\/noticias\\\/author\\\/admin\\\/#author\",\"url\":\"https:\\\/\\\/www.eldigitaldeasturias.com\\\/noticias\\\/author\\\/admin\\\/\",\"name\":\"El Digital de Asturias\",\"image\":{\"@type\":\"ImageObject\",\"@id\":\"https:\\\/\\\/www.eldigitaldeasturias.com\\\/noticias\\\/falsas-creencias-sobre-los-superdotados\\\/#authorImage\",\"url\":\"https:\\\/\\\/www.eldigitaldeasturias.com\\\/noticias\\\/wp-content\\\/litespeed\\\/avatar\\\/18677e78aa0546b92d9dbf31ec7d7668.jpg?ver=1777290358\",\"width\":96,\"height\":96,\"caption\":\"El Digital de Asturias\"}},{\"@type\":\"WebPage\",\"@id\":\"https:\\\/\\\/www.eldigitaldeasturias.com\\\/noticias\\\/falsas-creencias-sobre-los-superdotados\\\/#webpage\",\"url\":\"https:\\\/\\\/www.eldigitaldeasturias.com\\\/noticias\\\/falsas-creencias-sobre-los-superdotados\\\/\",\"name\":\"Falsas creencias sobre los superdotados - El Digital de Asturias\",\"description\":\"La Organizaci\\u00f3n Mundial de la Salud (OMS) define a una persona superdotada como \\\"aquella que cuenta con un coeficiente intelectual superior a 130\\u201d. Sin embargo, esta definici\\u00f3n desde mi punto de vista es extremadamente simple. Ser superdotado va mucho m\\u00e1s all\\u00e1 de poseer altas capacidades intelectuales, ya que, es precisamente por estas altas capacidades intelectuales\",\"inLanguage\":\"es-ES\",\"isPartOf\":{\"@id\":\"https:\\\/\\\/www.eldigitaldeasturias.com\\\/noticias\\\/#website\"},\"breadcrumb\":{\"@id\":\"https:\\\/\\\/www.eldigitaldeasturias.com\\\/noticias\\\/falsas-creencias-sobre-los-superdotados\\\/#breadcrumblist\"},\"author\":{\"@id\":\"https:\\\/\\\/www.eldigitaldeasturias.com\\\/noticias\\\/author\\\/admin\\\/#author\"},\"creator\":{\"@id\":\"https:\\\/\\\/www.eldigitaldeasturias.com\\\/noticias\\\/author\\\/admin\\\/#author\"},\"image\":{\"@type\":\"ImageObject\",\"url\":\"https:\\\/\\\/www.eldigitaldeasturias.com\\\/noticias\\\/wp-content\\\/uploads\\\/2018\\\/10\\\/los-superdotados.jpg\",\"@id\":\"https:\\\/\\\/www.eldigitaldeasturias.com\\\/noticias\\\/falsas-creencias-sobre-los-superdotados\\\/#mainImage\",\"width\":1920,\"height\":1280},\"primaryImageOfPage\":{\"@id\":\"https:\\\/\\\/www.eldigitaldeasturias.com\\\/noticias\\\/falsas-creencias-sobre-los-superdotados\\\/#mainImage\"},\"datePublished\":\"2018-10-08T15:34:36+02:00\",\"dateModified\":\"2018-10-08T15:34:36+02:00\"},{\"@type\":\"WebSite\",\"@id\":\"https:\\\/\\\/www.eldigitaldeasturias.com\\\/noticias\\\/#website\",\"url\":\"https:\\\/\\\/www.eldigitaldeasturias.com\\\/noticias\\\/\",\"name\":\"El Digital de Asturias - Diario de actualidad y noticias\",\"alternateName\":\"El Digital de Asturias - Diario de actualidad y noticias\",\"description\":\"Hemeroteca\",\"inLanguage\":\"es-ES\",\"publisher\":{\"@id\":\"https:\\\/\\\/www.eldigitaldeasturias.com\\\/noticias\\\/#organization\"}}]}\n\t\t<\/script>\n\t\t<!-- All in One SEO Pro -->\r\n\t\t<title>Falsas creencias sobre los superdotados - El Digital de Asturias<\/title>\n\n","aioseo_head_json":{"title":"Falsas creencias sobre los superdotados - El Digital de Asturias","description":"La Organizaci\u00f3n Mundial de la Salud (OMS) define a una persona superdotada como \"aquella que cuenta con un coeficiente intelectual superior a 130\u201d. Sin embargo, esta definici\u00f3n desde mi punto de vista es extremadamente simple. Ser superdotado va mucho m\u00e1s all\u00e1 de poseer altas capacidades intelectuales, ya que, es precisamente por estas altas capacidades intelectuales","canonical_url":"https:\/\/www.eldigitaldeasturias.com\/noticias\/falsas-creencias-sobre-los-superdotados\/","robots":"max-image-preview:large","keywords":"sociedad","webmasterTools":{"google-site-verification":"UA-38556648-1","msvalidate.01":"7dfe9f3f1b24437ab69f4f2559babe99","miscellaneous":""},"schema":{"@context":"https:\/\/schema.org","@graph":[{"@type":"BlogPosting","@id":"https:\/\/www.eldigitaldeasturias.com\/noticias\/falsas-creencias-sobre-los-superdotados\/#blogposting","name":"Falsas creencias sobre los superdotados - El Digital de Asturias","headline":"Falsas creencias sobre los superdotados","author":{"@id":"https:\/\/www.eldigitaldeasturias.com\/noticias\/author\/admin\/#author"},"publisher":{"@id":"https:\/\/www.eldigitaldeasturias.com\/noticias\/#organization"},"image":{"@type":"ImageObject","url":"https:\/\/www.eldigitaldeasturias.com\/noticias\/wp-content\/uploads\/2018\/10\/los-superdotados.jpg","width":1920,"height":1280},"datePublished":"2018-10-08T15:34:36+02:00","dateModified":"2018-10-08T15:34:36+02:00","inLanguage":"es-ES","mainEntityOfPage":{"@id":"https:\/\/www.eldigitaldeasturias.com\/noticias\/falsas-creencias-sobre-los-superdotados\/#webpage"},"isPartOf":{"@id":"https:\/\/www.eldigitaldeasturias.com\/noticias\/falsas-creencias-sobre-los-superdotados\/#webpage"},"articleSection":"Sociedad"},{"@type":"BreadcrumbList","@id":"https:\/\/www.eldigitaldeasturias.com\/noticias\/falsas-creencias-sobre-los-superdotados\/#breadcrumblist","itemListElement":[{"@type":"ListItem","@id":"https:\/\/www.eldigitaldeasturias.com\/noticias#listItem","position":1,"name":"Home","item":"https:\/\/www.eldigitaldeasturias.com\/noticias","nextItem":{"@type":"ListItem","@id":"https:\/\/www.eldigitaldeasturias.com\/noticias\/category\/sociedad\/#listItem","name":"Sociedad"}},{"@type":"ListItem","@id":"https:\/\/www.eldigitaldeasturias.com\/noticias\/category\/sociedad\/#listItem","position":2,"name":"Sociedad","item":"https:\/\/www.eldigitaldeasturias.com\/noticias\/category\/sociedad\/","nextItem":{"@type":"ListItem","@id":"https:\/\/www.eldigitaldeasturias.com\/noticias\/falsas-creencias-sobre-los-superdotados\/#listItem","name":"Falsas creencias sobre los superdotados"},"previousItem":{"@type":"ListItem","@id":"https:\/\/www.eldigitaldeasturias.com\/noticias#listItem","name":"Home"}},{"@type":"ListItem","@id":"https:\/\/www.eldigitaldeasturias.com\/noticias\/falsas-creencias-sobre-los-superdotados\/#listItem","position":3,"name":"Falsas creencias sobre los superdotados","previousItem":{"@type":"ListItem","@id":"https:\/\/www.eldigitaldeasturias.com\/noticias\/category\/sociedad\/#listItem","name":"Sociedad"}}]},{"@type":"Organization","@id":"https:\/\/www.eldigitaldeasturias.com\/noticias\/#organization","name":"El Digital de Asturias","description":"Hemeroteca","url":"https:\/\/www.eldigitaldeasturias.com\/noticias\/","email":"info@eldigitaldeasturias.com","telephone":"+34652131393","logo":{"@type":"ImageObject","url":"https:\/\/www.eldigitaldeasturias.com\/noticias\/wp-content\/uploads\/2020\/12\/EDA.jpg","@id":"https:\/\/www.eldigitaldeasturias.com\/noticias\/falsas-creencias-sobre-los-superdotados\/#organizationLogo","width":649,"height":297},"image":{"@id":"https:\/\/www.eldigitaldeasturias.com\/noticias\/falsas-creencias-sobre-los-superdotados\/#organizationLogo"},"sameAs":["https:\/\/facebook.com\/eldigitaldeasturias","https:\/\/www.youtube.com\/channel\/UCZP-2wLEB9Rv6erhFmqVnvg"],"address":{"@id":"https:\/\/www.eldigitaldeasturias.com\/noticias\/#postaladdress","@type":"PostalAddress","streetAddress":"san antonio 4,","postalCode":"33430","addressLocality":"Cand\u00e1s","addressRegion":"Asturias","addressCountry":"ES"}},{"@type":"Person","@id":"https:\/\/www.eldigitaldeasturias.com\/noticias\/author\/admin\/#author","url":"https:\/\/www.eldigitaldeasturias.com\/noticias\/author\/admin\/","name":"El Digital de Asturias","image":{"@type":"ImageObject","@id":"https:\/\/www.eldigitaldeasturias.com\/noticias\/falsas-creencias-sobre-los-superdotados\/#authorImage","url":"https:\/\/www.eldigitaldeasturias.com\/noticias\/wp-content\/litespeed\/avatar\/18677e78aa0546b92d9dbf31ec7d7668.jpg?ver=1777290358","width":96,"height":96,"caption":"El Digital de Asturias"}},{"@type":"WebPage","@id":"https:\/\/www.eldigitaldeasturias.com\/noticias\/falsas-creencias-sobre-los-superdotados\/#webpage","url":"https:\/\/www.eldigitaldeasturias.com\/noticias\/falsas-creencias-sobre-los-superdotados\/","name":"Falsas creencias sobre los superdotados - El Digital de Asturias","description":"La Organizaci\u00f3n Mundial de la Salud (OMS) define a una persona superdotada como \"aquella que cuenta con un coeficiente intelectual superior a 130\u201d. Sin embargo, esta definici\u00f3n desde mi punto de vista es extremadamente simple. Ser superdotado va mucho m\u00e1s all\u00e1 de poseer altas capacidades intelectuales, ya que, es precisamente por estas altas capacidades intelectuales","inLanguage":"es-ES","isPartOf":{"@id":"https:\/\/www.eldigitaldeasturias.com\/noticias\/#website"},"breadcrumb":{"@id":"https:\/\/www.eldigitaldeasturias.com\/noticias\/falsas-creencias-sobre-los-superdotados\/#breadcrumblist"},"author":{"@id":"https:\/\/www.eldigitaldeasturias.com\/noticias\/author\/admin\/#author"},"creator":{"@id":"https:\/\/www.eldigitaldeasturias.com\/noticias\/author\/admin\/#author"},"image":{"@type":"ImageObject","url":"https:\/\/www.eldigitaldeasturias.com\/noticias\/wp-content\/uploads\/2018\/10\/los-superdotados.jpg","@id":"https:\/\/www.eldigitaldeasturias.com\/noticias\/falsas-creencias-sobre-los-superdotados\/#mainImage","width":1920,"height":1280},"primaryImageOfPage":{"@id":"https:\/\/www.eldigitaldeasturias.com\/noticias\/falsas-creencias-sobre-los-superdotados\/#mainImage"},"datePublished":"2018-10-08T15:34:36+02:00","dateModified":"2018-10-08T15:34:36+02:00"},{"@type":"WebSite","@id":"https:\/\/www.eldigitaldeasturias.com\/noticias\/#website","url":"https:\/\/www.eldigitaldeasturias.com\/noticias\/","name":"El Digital de Asturias - Diario de actualidad y noticias","alternateName":"El Digital de Asturias - Diario de actualidad y noticias","description":"Hemeroteca","inLanguage":"es-ES","publisher":{"@id":"https:\/\/www.eldigitaldeasturias.com\/noticias\/#organization"}}]},"og:locale":"es_ES","og:site_name":"El Digital de Asturias","og:type":"article","og:title":"Falsas creencias sobre los superdotados - El Digital de Asturias","og:description":"La Organizaci\u00f3n Mundial de la Salud (OMS) define a una persona superdotada como &quot;aquella que cuenta con un coeficiente intelectual superior a 130\u201d. Sin embargo, esta definici\u00f3n desde mi punto de vista es extremadamente simple. Ser superdotado va mucho m\u00e1s all\u00e1 de poseer altas capacidades intelectuales, ya que, es precisamente por estas altas capacidades intelectuales","og:url":"https:\/\/www.eldigitaldeasturias.com\/noticias\/falsas-creencias-sobre-los-superdotados\/","og:image":"https:\/\/www.eldigitaldeasturias.com\/noticias\/wp-content\/uploads\/2018\/10\/los-superdotados.jpg","og:image:secure_url":"https:\/\/www.eldigitaldeasturias.com\/noticias\/wp-content\/uploads\/2018\/10\/los-superdotados.jpg","og:image:width":1920,"og:image:height":1280,"article:tag":["sociedad"],"article:published_time":"2018-10-08T15:34:36+00:00","article:modified_time":"2018-10-08T15:34:36+00:00","article:publisher":"https:\/\/facebook.com\/eldigitaldeasturias","twitter:card":"summary_large_image","twitter:title":"Falsas creencias sobre los superdotados - El Digital de Asturias","twitter:description":"La Organizaci\u00f3n Mundial de la Salud (OMS) define a una persona superdotada como &quot;aquella que cuenta con un coeficiente intelectual superior a 130\u201d. Sin embargo, esta definici\u00f3n desde mi punto de vista es extremadamente simple. Ser superdotado va mucho m\u00e1s all\u00e1 de poseer altas capacidades intelectuales, ya que, es precisamente por estas altas capacidades intelectuales","twitter:image":"https:\/\/www.eldigitaldeasturias.com\/noticias\/wp-content\/uploads\/2018\/10\/los-superdotados.jpg","twitter:label1":"Escrito por","twitter:data1":"El Digital de Asturias","twitter:label2":"Tiempo de lectura estimado","twitter:data2":"3 minutos"},"aioseo_meta_data":{"post_id":"1001339","title":null,"description":null,"keywords":null,"keyphrases":null,"primary_term":null,"canonical_url":null,"og_title":null,"og_description":null,"og_object_type":"default","og_image_type":"default","og_image_url":null,"og_image_width":null,"og_image_height":null,"og_image_custom_url":null,"og_image_custom_fields":null,"og_video":null,"og_custom_url":null,"og_article_section":null,"og_article_tags":null,"twitter_use_og":false,"twitter_card":"default","twitter_image_type":"default","twitter_image_url":null,"twitter_image_custom_url":null,"twitter_image_custom_fields":null,"twitter_title":null,"twitter_description":null,"schema":{"blockGraphs":[],"customGraphs":[],"default":{"data":{"Article":[],"Course":[],"Dataset":[],"FAQPage":[],"Movie":[],"Person":[],"Product":[],"ProductReview":[],"Car":[],"Recipe":[],"Service":[],"SoftwareApplication":[],"WebPage":[]},"graphName":"","isEnabled":true},"graphs":[],"defaultGraph":"","defaultPostTypeGraph":""},"schema_type":null,"schema_type_options":null,"pillar_content":false,"robots_default":true,"robots_noindex":false,"robots_noarchive":false,"robots_nosnippet":false,"robots_nofollow":false,"robots_noimageindex":false,"robots_noodp":false,"robots_notranslate":false,"robots_max_snippet":null,"robots_max_videopreview":null,"robots_max_imagepreview":"large","priority":null,"frequency":null,"local_seo":null,"seo_analyzer_scan_date":"2025-10-12 18:50:01","breadcrumb_settings":null,"limit_modified_date":false,"open_ai":null,"ai":null,"created":"2020-12-21 11:30:10","updated":"2025-10-12 18:50:01"},"aioseo_breadcrumb":"<div class=\"aioseo-breadcrumbs\"><span class=\"aioseo-breadcrumb\">\n\t<a href=\"https:\/\/www.eldigitaldeasturias.com\/noticias\" title=\"Home\">Home<\/a>\n<\/span><span class=\"aioseo-breadcrumb-separator\">\u2013<\/span><span class=\"aioseo-breadcrumb\">\n\t<a href=\"https:\/\/www.eldigitaldeasturias.com\/noticias\/category\/sociedad\/\" title=\"Sociedad\">Sociedad<\/a>\n<\/span><span class=\"aioseo-breadcrumb-separator\">\u2013<\/span><span class=\"aioseo-breadcrumb\">\n\t<a href=\"https:\/\/www.eldigitaldeasturias.com\/noticias\/falsas-creencias-sobre-los-superdotados\/\" title=\"Falsas creencias sobre los superdotados\">Falsas creencias sobre los superdotados<\/a>\n<\/span><\/div>","aioseo_breadcrumb_json":[{"label":"Home","link":"https:\/\/www.eldigitaldeasturias.com\/noticias"},{"label":"Sociedad","link":"https:\/\/www.eldigitaldeasturias.com\/noticias\/category\/sociedad\/"},{"label":"Falsas creencias sobre los superdotados","link":"https:\/\/www.eldigitaldeasturias.com\/noticias\/falsas-creencias-sobre-los-superdotados\/"}],"_links":{"self":[{"href":"https:\/\/www.eldigitaldeasturias.com\/noticias\/wp-json\/wp\/v2\/posts\/1001339","targetHints":{"allow":["GET"]}}],"collection":[{"href":"https:\/\/www.eldigitaldeasturias.com\/noticias\/wp-json\/wp\/v2\/posts"}],"about":[{"href":"https:\/\/www.eldigitaldeasturias.com\/noticias\/wp-json\/wp\/v2\/types\/post"}],"author":[{"embeddable":true,"href":"https:\/\/www.eldigitaldeasturias.com\/noticias\/wp-json\/wp\/v2\/users\/1"}],"replies":[{"embeddable":true,"href":"https:\/\/www.eldigitaldeasturias.com\/noticias\/wp-json\/wp\/v2\/comments?post=1001339"}],"version-history":[{"count":0,"href":"https:\/\/www.eldigitaldeasturias.com\/noticias\/wp-json\/wp\/v2\/posts\/1001339\/revisions"}],"wp:featuredmedia":[{"embeddable":true,"href":"https:\/\/www.eldigitaldeasturias.com\/noticias\/wp-json\/wp\/v2\/media\/1001343"}],"wp:attachment":[{"href":"https:\/\/www.eldigitaldeasturias.com\/noticias\/wp-json\/wp\/v2\/media?parent=1001339"}],"wp:term":[{"taxonomy":"category","embeddable":true,"href":"https:\/\/www.eldigitaldeasturias.com\/noticias\/wp-json\/wp\/v2\/categories?post=1001339"},{"taxonomy":"post_tag","embeddable":true,"href":"https:\/\/www.eldigitaldeasturias.com\/noticias\/wp-json\/wp\/v2\/tags?post=1001339"}],"curies":[{"name":"wp","href":"https:\/\/api.w.org\/{rel}","templated":true}]}}